{"id":20511,"date":"2018-02-10T16:31:39","date_gmt":"2018-02-10T22:31:39","guid":{"rendered":"http:\/\/www.travelbymexico.com\/blog\/?p=20511"},"modified":"2019-03-06T11:14:07","modified_gmt":"2019-03-06T17:14:07","slug":"semana-internacional-de-la-moto","status":"publish","type":"post","link":"https:\/\/www.travelbymexico.com\/blog\/20511-semana-internacional-de-la-moto\/","title":{"rendered":"Semana Internacional de la Moto Mazatl\u00e1n del 4 al 8 de abril"},"content":{"rendered":"<h2 class=\"p1\"><span class=\"s1\">La Semana Internacional de la Moto Mazatl\u00e1n es el evento de motociclistas m\u00e1s importante de Am\u00e9rica Latina, \u00a1y este a\u00f1o se celebra su edici\u00f3n n\u00famero 23!<\/span><\/h2>\n<p class=\"p1\"><span class=\"s1\">No te pierdas la <strong>Legendaria Semana Internacional de la Moto del 4 al 8 de abril en Mazatl\u00e1n<\/strong>, un destino de sol y playa que ofrece infraestructura y servicios de primer nivel, como el hotel Riu Mazatl\u00e1n en <strong>Playa Brujas<\/strong>, al norte de la ciudad.<\/span><\/p>\n<p class=\"p1\"><span class=\"s1\"><img loading=\"lazy\" class=\"size-medium wp-image-20517 alignright\" src=\"http:\/\/www.travelbymexico.com\/blog\/imgBase\/2018\/02\/Logo-320x236.jpg\" alt=\"\" width=\"320\" height=\"236\" srcset=\"https:\/\/www.travelbymexico.com\/blog\/imgBase\/2018\/02\/Logo-320x236.jpg 320w, https:\/\/www.travelbymexico.com\/blog\/imgBase\/2018\/02\/Logo-768x566.jpg 768w, https:\/\/www.travelbymexico.com\/blog\/imgBase\/2018\/02\/Logo-640x472.jpg 640w, https:\/\/www.travelbymexico.com\/blog\/imgBase\/2018\/02\/Logo.jpg 960w\" sizes=\"(max-width: 320px) 100vw, 320px\" \/>La <strong>Semana Internacional de la Moto<\/strong> se realiza en la <strong>Plaza de la Moto<\/strong>, en la <strong>Zona Dorada de Mazatl\u00e1n<\/strong>, donde se congregan decenas de marcas con exhibici\u00f3n y venta de motos, como <strong>Indian Motorcycles<\/strong>, as\u00ed como accesorios, equipos y mucho m\u00e1s.<\/span><\/p>\n<h3 class=\"p1\"><span class=\"s1\">Actividades y concursos<\/span><\/h3>\n<p class=\"p1\"><span class=\"s1\">En la <strong>Semana de la Moto<\/strong> se le da a gusto a todos pues hay muchas actividades, como <strong>conciertos, fiestas de playa, paseos regionales, ruta extrema 4&#215;4, ruta enduro y concursos<\/strong> dentro de la <strong>Plaza de la Moto<\/strong> en diversas categor\u00edas: <strong>motocustom, stunt rider, chica biker, tattoo contest, bikini contest, pole contest<\/strong>, entre otros.\u00a0<\/span><\/p>\n<p class=\"p1\"><span class=\"s1\">El a\u00f1o pasado, se dieron cita m\u00e1s de <strong>20 mil motociclistas y alrededor de 70 mil personas<\/strong>, muchos provenientes de todo M\u00e9xico y de pa\u00edses como Estados Unidos, Guatemala, Costa Rica, etc., las cuales disfrutaron de los cuatro d\u00edas de fiesta con conciertos, paseos regionales, concursos, sin faltar el <strong>tradicional desfile por el malec\u00f3n de <a href=\"http:\/\/www.travelbymexico.com\/mazatlan\/atractivos\/\">Mazatl\u00e1n<\/a>, el m\u00e1s grande de Latinoam\u00e9rica<\/strong> con la mayor cantidad de motociclistas circulando en un ambiente jovial y festivo.<\/span><\/p>\n<p class=\"p1\"><span class=\"s1\"><img loading=\"lazy\" class=\"size-medium wp-image-20518 alignleft\" src=\"http:\/\/www.travelbymexico.com\/blog\/imgBase\/2018\/02\/Moteros-320x213.jpg\" alt=\"\" width=\"320\" height=\"213\" srcset=\"https:\/\/www.travelbymexico.com\/blog\/imgBase\/2018\/02\/Moteros-320x213.jpg 320w, https:\/\/www.travelbymexico.com\/blog\/imgBase\/2018\/02\/Moteros-768x512.jpg 768w, https:\/\/www.travelbymexico.com\/blog\/imgBase\/2018\/02\/Moteros-640x427.jpg 640w\" sizes=\"(max-width: 320px) 100vw, 320px\" \/>El estado de <strong>Sinaloa<\/strong> es uno de los estados m\u00e1s atractivos para los motociclistas gracias a sus paisajes y poblados. Por eso es que el evento ha crecido tanto al paso de los a\u00f1os, viendo a miles de motociclistas rodar por sus carreteras.<\/span><\/p>\n<p class=\"p1\"><span class=\"s1\">Adem\u00e1s de motociclismo, este evento es escenario para muchas bandas de rock, habi\u00e9ndose presentado en su escenario grupos como <strong>Maldita Vecindad, Molotov, Inspector, La Cuca, Alex Marcovich, Rostros Ocultos, Genitallica, Cartel de Santa, La Lupita, Plastiko y Pante\u00f3n Rococo<\/strong>, etc.<\/span><\/p>\n<p class=\"p1\"><span class=\"s1\">\u00a1No te puedes perder este magno evento! <strong>La Semana Internacional de la Moto en el mejor lugar: Mazatl\u00e1n, la Perla del Pac\u00edfico.<\/strong><\/span><\/p>\n","protected":false},"excerpt":{"rendered":"<p>La Semana Internacional de la Moto Mazatl\u00e1n es el evento de motociclistas m\u00e1s importante de Am\u00e9rica Latina, \u00a1y este a\u00f1o<\/p>\n","protected":false},"author":88889,"featured_media":20516,"comment_status":"closed","ping_status":"closed","sticky":false,"template":"","format":"standard","meta":[],"categories":[36,37],"tags":[802,10683,7512,1999],"_links":{"self":[{"href":"https:\/\/www.travelbymexico.com\/blog\/wp-json\/wp\/v2\/posts\/20511"}],"collection":[{"href":"https:\/\/www.travelbymexico.com\/blog\/wp-json\/wp\/v2\/posts"}],"about":[{"href":"https:\/\/www.travelbymexico.com\/blog\/wp-json\/wp\/v2\/types\/post"}],"author":[{"embeddable":true,"href":"https:\/\/www.travelbymexico.com\/blog\/wp-json\/wp\/v2\/users\/88889"}],"replies":[{"embeddable":true,"href":"https:\/\/www.travelbymexico.com\/blog\/wp-json\/wp\/v2\/comments?post=20511"}],"version-history":[{"count":6,"href":"https:\/\/www.travelbymexico.com\/blog\/wp-json\/wp\/v2\/posts\/20511\/revisions"}],"predecessor-version":[{"id":21430,"href":"https:\/\/www.travelbymexico.com\/blog\/wp-json\/wp\/v2\/posts\/20511\/revisions\/21430"}],"wp:featuredmedia":[{"embeddable":true,"href":"https:\/\/www.travelbymexico.com\/blog\/wp-json\/wp\/v2\/media\/20516"}],"wp:attachment":[{"href":"https:\/\/www.travelbymexico.com\/blog\/wp-json\/wp\/v2\/media?parent=20511"}],"wp:term":[{"taxonomy":"category","embeddable":true,"href":"https:\/\/www.travelbymexico.com\/blog\/wp-json\/wp\/v2\/categories?post=20511"},{"taxonomy":"post_tag","embeddable":true,"href":"https:\/\/www.travelbymexico.com\/blog\/wp-json\/wp\/v2\/tags?post=20511"}],"curies":[{"name":"wp","href":"https:\/\/api.w.org\/{rel}","templated":true}]}}