{"id":2050,"date":"2009-04-03T22:48:10","date_gmt":"2009-04-04T03:48:10","guid":{"rendered":"http:\/\/travelbymexico.com\/travelblog\/?p=2050"},"modified":"2011-08-05T22:32:17","modified_gmt":"2011-08-06T03:32:17","slug":"caballito-de-mar-simbolo-de-puerto-vallarta","status":"publish","type":"post","link":"https:\/\/www.travelbymexico.com\/blog\/2050-caballito-de-mar-simbolo-de-puerto-vallarta\/","title":{"rendered":"Caballito de Mar, s\u00edmbolo de Puerto Vallarta"},"content":{"rendered":"<p>Figura de bronce de aproximadamente 3 metros de altura del artista Rafael Zamarripa colocada en 1976. Esta representaci\u00f3n de un ni\u00f1o cabalgando un caballo de mar, se ha convertido en el s\u00edmbolo de <a title=\"Atractivos Tur\u00edsticos, Puerto Vallarta\" href=\"http:\/\/www.travelbymexico.com\/puertovallarta\/atractivos\/index.php?num=2\"><strong>Puerto Vallarta<\/strong><\/a>.<\/p>\n<p>Malec\u00f3n, Zona Centro<\/p>\n<p><a title=\"Atractivos Tur\u00edsticos, Puerto Vallarta\" href=\"http:\/\/www.travelbymexico.com\/puertovallarta\/atractivos\/index.php?num=2\"><strong>M\u00e1s informaci\u00f3n sobre Puerto Vallarta<\/strong><\/a><\/p>\n<p><a title=\"Reportaje acerca del Malec\u00f3n de Puerto Vallarta\" href=\"http:\/\/www.travelbymexico.com\/puertovallarta\/reportajes\/index.php?nom=kpvamaleconrep\" target=\"_blank\">Malec\u00f3n de Puerto Vallarta<\/a><\/p>\n","protected":false},"excerpt":{"rendered":"<p>Figura de bronce de aproximadamente 3 metros de altura del artista Rafael Zamarripa colocada en 1976. Esta representaci\u00f3n de un<\/p>\n","protected":false},"author":2,"featured_media":6645,"comment_status":"open","ping_status":"open","sticky":false,"template":"","format":"standard","meta":[],"categories":[5,23],"tags":[174,452,772,1068],"_links":{"self":[{"href":"https:\/\/www.travelbymexico.com\/blog\/wp-json\/wp\/v2\/posts\/2050"}],"collection":[{"href":"https:\/\/www.travelbymexico.com\/blog\/wp-json\/wp\/v2\/posts"}],"about":[{"href":"https:\/\/www.travelbymexico.com\/blog\/wp-json\/wp\/v2\/types\/post"}],"author":[{"embeddable":true,"href":"https:\/\/www.travelbymexico.com\/blog\/wp-json\/wp\/v2\/users\/2"}],"replies":[{"embeddable":true,"href":"https:\/\/www.travelbymexico.com\/blog\/wp-json\/wp\/v2\/comments?post=2050"}],"version-history":[{"count":3,"href":"https:\/\/www.travelbymexico.com\/blog\/wp-json\/wp\/v2\/posts\/2050\/revisions"}],"predecessor-version":[{"id":8995,"href":"https:\/\/www.travelbymexico.com\/blog\/wp-json\/wp\/v2\/posts\/2050\/revisions\/8995"}],"wp:featuredmedia":[{"embeddable":true,"href":"https:\/\/www.travelbymexico.com\/blog\/wp-json\/wp\/v2\/media\/6645"}],"wp:attachment":[{"href":"https:\/\/www.travelbymexico.com\/blog\/wp-json\/wp\/v2\/media?parent=2050"}],"wp:term":[{"taxonomy":"category","embeddable":true,"href":"https:\/\/www.travelbymexico.com\/blog\/wp-json\/wp\/v2\/categories?post=2050"},{"taxonomy":"post_tag","embeddable":true,"href":"https:\/\/www.travelbymexico.com\/blog\/wp-json\/wp\/v2\/tags?post=2050"}],"curies":[{"name":"wp","href":"https:\/\/api.w.org\/{rel}","templated":true}]}}