{"id":20457,"date":"2018-02-02T13:21:00","date_gmt":"2018-02-02T19:21:00","guid":{"rendered":"http:\/\/www.travelbymexico.com\/blog\/?p=20457"},"modified":"2018-02-02T13:21:00","modified_gmt":"2018-02-02T19:21:00","slug":"festival-internacional-tequila","status":"publish","type":"post","link":"https:\/\/www.travelbymexico.com\/blog\/20457-festival-internacional-tequila\/","title":{"rendered":"Festival Internacional de Cine de Tequila del 3 al 10 de febrero"},"content":{"rendered":"<h2 class=\"p1\"><span class=\"s1\">\u00bfCine y tequila? \u00a1S\u00f3lo en el Festival Internacional de Cine de Tequila! Un espacio \u00fanico en M\u00e9xico.<\/span><\/h2>\n<p class=\"p1\"><span class=\"s1\">El <strong>Festival Internacional de Cine de Tequila (FICT)<\/strong> es un evento cultural para la apreciaci\u00f3n y difusi\u00f3n del cine mexicano, donde sus realizadores se encuentran con el p\u00fablico, la cr\u00edtica<span class=\"Apple-converted-space\">\u00a0<\/span>y los estudiantes universitarios. S<\/span><span class=\"s1\">e llevar\u00e1 a cabo <img loading=\"lazy\" class=\"size-medium wp-image-20468 alignright\" src=\"http:\/\/www.travelbymexico.com\/blog\/imgBase\/2018\/02\/tequila-211x320.jpg\" alt=\"\" width=\"211\" height=\"320\" srcset=\"https:\/\/www.travelbymexico.com\/blog\/imgBase\/2018\/02\/tequila-211x320.jpg 211w, https:\/\/www.travelbymexico.com\/blog\/imgBase\/2018\/02\/tequila-423x640.jpg 423w, https:\/\/www.travelbymexico.com\/blog\/imgBase\/2018\/02\/tequila.jpg 700w\" sizes=\"(max-width: 211px) 100vw, 211px\" \/><strong>del 3 al 10 de febrero<\/strong> en las sedes que comprenden la <strong>ruta del Paisaje Agavero: Tequila, Amatit\u00e1n, El Arenal y Magdalena<\/strong>.<\/span><\/p>\n<p class=\"p1\"><span class=\"s1\">Participar\u00e1n talentos importantes en la industria cinematogr\u00e1fica como<strong> Arcelia Ram\u00edrez, Ang\u00e9lica Arag\u00f3n, Patricia Reyes Sp\u00edndola y Benito Zambrano<\/strong>, adem\u00e1s de que se realizar\u00e1 un <strong>h<\/strong><\/span><span class=\"s1\"><strong>omenaje a<\/strong> <strong>Ignacio L\u00f3pez Tarso y Elpidia Carrillo <\/strong><\/span><\/p>\n<h3 class=\"p3\"><span class=\"s1\">Pueblo M\u00e1gico con turismo y cultura<\/span><\/h3>\n<p class=\"p3\"><span class=\"s1\">El <strong>FICT<\/strong> nace como una iniciativa para promover al municipio como uno de los principales del pa\u00eds. Y en esta segunda edici\u00f3n, el festival espera vincular a los j\u00f3venes con la cultura del s\u00e9ptimo arte, adem\u00e1s de promover los sitios emblem\u00e1ticos de la regi\u00f3n, obras art\u00edsticas, personajes, infraestructura y los productos que caracterizan a este <strong>Pueblo M\u00e1gico<\/strong> as\u00ed como a los municipios de <strong>Amatit\u00e1n, Magdalena y el Arenal<\/strong>.<\/span><\/p>\n<p class=\"p3\"><span class=\"s1\">De manera aleatoria en el <strong>Carnaval Amatit\u00e1n 2018, que se celebra del 4 al 13 de febrero<\/strong>, contar\u00e1 entre sus actividades con <strong>proyecciones del FICT<\/strong>, mientras que <strong>su plaza principal ser\u00e1 sede para el Homenaje al Primer Actor Ignacio L\u00f3pez Tarso<\/strong>.<\/span><\/p>\n<p class=\"p3\"><span class=\"s1\">El <strong>FICT<\/strong> ofrecer\u00e1 <strong>talleres, conferencias y MasterClass<\/strong>, <strong>experiencias gastron\u00f3micas, el Primer Rally de Cortometraje y galas de cine<\/strong>.<\/span><\/p>\n<h3 class=\"p1\"><span class=\"s1\"><img loading=\"lazy\" class=\"size-medium wp-image-20466 alignleft\" src=\"http:\/\/www.travelbymexico.com\/blog\/imgBase\/2018\/02\/Paisaje-Agavero-320x157.jpg\" alt=\"\" width=\"320\" height=\"157\" srcset=\"https:\/\/www.travelbymexico.com\/blog\/imgBase\/2018\/02\/Paisaje-Agavero-320x157.jpg 320w, https:\/\/www.travelbymexico.com\/blog\/imgBase\/2018\/02\/Paisaje-Agavero-768x377.jpg 768w, https:\/\/www.travelbymexico.com\/blog\/imgBase\/2018\/02\/Paisaje-Agavero-640x314.jpg 640w, https:\/\/www.travelbymexico.com\/blog\/imgBase\/2018\/02\/Paisaje-Agavero.jpg 2025w\" sizes=\"(max-width: 320px) 100vw, 320px\" \/>La Ruta del Tequila<\/span><\/h3>\n<p class=\"p1\"><span class=\"s1\"><strong>La Ruta del Tequila es un destino tur\u00edstico multitem\u00e1tico<\/strong> que forma parte de las <strong>Rutas Tur\u00edsticas de M\u00e9xico<\/strong> y del <strong>Estado de Jalisco<\/strong>, el cual conjuga una riqueza hist\u00f3rica, patrimonial, cultural y natural, llena de tradiciones mexicanas ligadas al desarrollo hist\u00f3rico de la bebida emblem\u00e1tica mexicana, la <strong>Cultura del Tequila<\/strong> y el <strong>M\u00e9xico Independiente<\/strong>.<\/span><\/p>\n<p class=\"p1\"><span class=\"s1\">Tambi\u00e9n <strong>es un circuito de los municipios que rodea al Volc\u00e1n de Tequila, <\/strong>a una hora de <a href=\"http:\/\/www.travelbymexico.com\/guadalajara\/index.php\">Guadalajara<\/a>,<strong>\u00a0<\/strong>donde puedes disfrutar en plenitud de sus <strong>tradiciones, atractivos tur\u00edsticos y culturales<\/strong>.<\/span><\/p>\n<p class=\"p1\"><span class=\"s1\">\u00a1Una gran aportaci\u00f3n tur\u00edstica de <strong>M\u00e9xico <\/strong>que no te debes perder!<\/span><\/p>\n","protected":false},"excerpt":{"rendered":"<p>\u00bfCine y tequila? \u00a1S\u00f3lo en el Festival Internacional de Cine de Tequila! Un espacio \u00fanico en M\u00e9xico. El Festival Internacional<\/p>\n","protected":false},"author":88889,"featured_media":20465,"comment_status":"closed","ping_status":"closed","sticky":false,"template":"","format":"standard","meta":[],"categories":[9,10514],"tags":[10676,10677,687,10678,1198],"_links":{"self":[{"href":"https:\/\/www.travelbymexico.com\/blog\/wp-json\/wp\/v2\/posts\/20457"}],"collection":[{"href":"https:\/\/www.travelbymexico.com\/blog\/wp-json\/wp\/v2\/posts"}],"about":[{"href":"https:\/\/www.travelbymexico.com\/blog\/wp-json\/wp\/v2\/types\/post"}],"author":[{"embeddable":true,"href":"https:\/\/www.travelbymexico.com\/blog\/wp-json\/wp\/v2\/users\/88889"}],"replies":[{"embeddable":true,"href":"https:\/\/www.travelbymexico.com\/blog\/wp-json\/wp\/v2\/comments?post=20457"}],"version-history":[{"count":9,"href":"https:\/\/www.travelbymexico.com\/blog\/wp-json\/wp\/v2\/posts\/20457\/revisions"}],"predecessor-version":[{"id":20469,"href":"https:\/\/www.travelbymexico.com\/blog\/wp-json\/wp\/v2\/posts\/20457\/revisions\/20469"}],"wp:featuredmedia":[{"embeddable":true,"href":"https:\/\/www.travelbymexico.com\/blog\/wp-json\/wp\/v2\/media\/20465"}],"wp:attachment":[{"href":"https:\/\/www.travelbymexico.com\/blog\/wp-json\/wp\/v2\/media?parent=20457"}],"wp:term":[{"taxonomy":"category","embeddable":true,"href":"https:\/\/www.travelbymexico.com\/blog\/wp-json\/wp\/v2\/categories?post=20457"},{"taxonomy":"post_tag","embeddable":true,"href":"https:\/\/www.travelbymexico.com\/blog\/wp-json\/wp\/v2\/tags?post=20457"}],"curies":[{"name":"wp","href":"https:\/\/api.w.org\/{rel}","templated":true}]}}