{"id":20390,"date":"2018-01-27T13:09:43","date_gmt":"2018-01-27T19:09:43","guid":{"rendered":"http:\/\/www.travelbymexico.com\/blog\/?p=20390"},"modified":"2019-03-06T11:11:09","modified_gmt":"2019-03-06T17:11:09","slug":"carnaval-mazatlan-2018","status":"publish","type":"post","link":"https:\/\/www.travelbymexico.com\/blog\/20390-carnaval-mazatlan-2018\/","title":{"rendered":"Carnaval Mazatl\u00e1n 2018 a punto de iniciar en un destino m\u00e1s atractivo"},"content":{"rendered":"<h2>\u00a1Ya todos listos para el inicio de la gran fiesta del a\u00f1o con el Carnaval de Mazatl\u00e1n! En esta ocasi\u00f3n, llamado Patasalada, el circo de los talentos.<\/h2>\n<p>Estamos a una semana de vivir el gran <strong>Carnaval de Mazatl\u00e1n<\/strong>, un destino que, adem\u00e1s, <strong>tendr\u00e1 notable crecimiento<\/strong> por varias razones. A la par de que se construyen dos nuevos hoteles en Mazatl\u00e1n, <strong>del 16 al 19 de abril ser\u00e1 sede del Tianguis Tur\u00edstico 2018<\/strong>, al tiempo de que avanza el proyecto de <strong>construcci\u00f3n del Nuevo Acuario Mazatl\u00e1n<\/strong>.<\/p>\n<p><img loading=\"lazy\" class=\"size-medium wp-image-20397 alignright\" src=\"http:\/\/www.travelbymexico.com\/blog\/imgBase\/2018\/01\/Parque-Central-320x240.jpg\" alt=\"\" width=\"320\" height=\"240\" srcset=\"https:\/\/www.travelbymexico.com\/blog\/imgBase\/2018\/01\/Parque-Central-320x240.jpg 320w, https:\/\/www.travelbymexico.com\/blog\/imgBase\/2018\/01\/Parque-Central-640x480.jpg 640w, https:\/\/www.travelbymexico.com\/blog\/imgBase\/2018\/01\/Parque-Central.jpg 695w\" sizes=\"(max-width: 320px) 100vw, 320px\" \/>El tama\u00f1o del <strong>Nuevo Acuario Mazatl\u00e1n ser\u00e1 de 5 mil metros cuadrados<\/strong> en un terreno ubicado a un lado del actual acuario, en la zona denominada <strong>Parque Central Mazatl\u00e1n: un magno proyecto que\u00a0tiene tres componentes principales: el Museo de Mazatl\u00e1n (Musma), el Parque P\u00fablico, <\/strong>que hoy es el<strong> Bosque de la Ciudad, y el Acuario del Mar de Cort\u00e9s<\/strong>.<\/p>\n<p>Ambiciosos proyectos que har\u00e1n dar\u00e1n nueva fuerza a la <a href=\"http:\/\/www.travelbymexico.com\/mazatlan\/index.php\"><strong>Perla del Pac\u00edfico<\/strong><\/a>.<\/p>\n<h3 class=\"p1\"><span class=\"s1\">Carnaval Mazatl\u00e1n 2018: Patasalada, el circo de talentos<\/span><\/h3>\n<p class=\"p1\"><span class=\"s1\"><strong>Del 8 al 13 de febrero<\/strong> no puedes dejar de disfrutar de los espectaculares des\ufb01les, elecci\u00f3n de reyes y reinas, el combate naval, la quema del mal humor, el concurso de comparsas y, claro, disfrutar de grandes espect\u00e1culos musicales. \u00bfya conoces el programa de actividades?<\/span><\/p>\n<p class=\"p1\"><span class=\"s1\"><strong>Jueves 8:<\/strong> Coronaci\u00f3n Rey de la Alegr\u00eda \/ <strong>Banda Carnaval <\/strong><\/span><\/p>\n<p class=\"p1\"><span class=\"s1\"><strong>Viernes 9:<\/strong> Coronaci\u00f3n Reina de los Juegos Florales \/ <strong>ll Divo <\/strong><\/span><\/p>\n<p class=\"p1\"><span class=\"s1\"><strong>S\u00e1bado 10:<\/strong> Coronaci\u00f3n Reina del Carnaval \/ <strong>Miguel Bos\u00e9 <\/strong><\/span><\/p>\n<p class=\"p1\"><span class=\"s1\"><strong>Domingo 11:<\/strong> <strong>Primer Des\ufb01le de Carnaval <\/strong><\/span><\/p>\n<p class=\"p1\"><span class=\"s1\"><strong>Lunes 12:<\/strong> Coronaci\u00f3n Reina Infantil baile infantil con <strong>CD9<\/strong> \/ Lunes de Carnaval \/ <strong>Banda MS<\/strong><\/span><\/p>\n<p class=\"p1\"><span class=\"s1\"><strong>Martes 13:<\/strong> <strong>Segundo Des\ufb01le de Carnaval<\/strong><\/span><\/p>\n<h3 class=\"p1\"><span class=\"s1\"><img loading=\"lazy\" class=\"size-medium wp-image-20398 alignleft\" src=\"http:\/\/www.travelbymexico.com\/blog\/imgBase\/2018\/01\/Tianguis-312x320.jpg\" alt=\"\" width=\"312\" height=\"320\" srcset=\"https:\/\/www.travelbymexico.com\/blog\/imgBase\/2018\/01\/Tianguis-312x320.jpg 312w, https:\/\/www.travelbymexico.com\/blog\/imgBase\/2018\/01\/Tianguis-768x787.jpg 768w, https:\/\/www.travelbymexico.com\/blog\/imgBase\/2018\/01\/Tianguis-625x640.jpg 625w, https:\/\/www.travelbymexico.com\/blog\/imgBase\/2018\/01\/Tianguis.jpg 787w\" sizes=\"(max-width: 312px) 100vw, 312px\" \/>Tianguis Tur\u00edstico: proyecci\u00f3n de Sinaloa y de M\u00e9xico<\/span><\/h3>\n<p class=\"p1\"><span class=\"s1\">El gobernador <strong>Quirino Ordaz Coppel<\/strong> asegur\u00f3 que el estado se encuentra listo para ser la sede del <strong>Tianguis Tur\u00edstico 2018<\/strong>, que se celebrar\u00e1 en <strong>abril pr\u00f3ximo<\/strong>, donde participantes y visitantes podr\u00e1n disfrutar de este destino de sol y playa; adem\u00e1s de la transformaci\u00f3n de su <strong>Centro Hist\u00f3rico<\/strong> y de su imagen urbana.<\/span><\/p>\n<p class=\"p1\"><span class=\"s1\"><em>&#8220;La renovaci\u00f3n es radical en su imagen urbana, en especial del Centro Hist\u00f3rico, pues es un lugar colonial y ahora se rescata esa tradici\u00f3n, pero tambi\u00e9n se moderniza toda la avenida del mar, que es de las m\u00e1s extensas que tiene M\u00e9xico\u201d<\/em>, afirm\u00f3.\u00a0<\/span><span class=\"s1\"><em>\u201cSomos francos, abiertos, sinceros. Y qu\u00e9 decir de nuestra gastronom\u00eda; los mariscos y carnes son de lo mejor, les va a encantar\u201d<\/em>.<\/span><\/p>\n","protected":false},"excerpt":{"rendered":"<p>\u00a1Ya todos listos para el inicio de la gran fiesta del a\u00f1o con el Carnaval de Mazatl\u00e1n! En esta ocasi\u00f3n,<\/p>\n","protected":false},"author":88889,"featured_media":20396,"comment_status":"closed","ping_status":"closed","sticky":false,"template":"","format":"standard","meta":[],"categories":[14,912],"tags":[802,10670,10671,1999,1653],"_links":{"self":[{"href":"https:\/\/www.travelbymexico.com\/blog\/wp-json\/wp\/v2\/posts\/20390"}],"collection":[{"href":"https:\/\/www.travelbymexico.com\/blog\/wp-json\/wp\/v2\/posts"}],"about":[{"href":"https:\/\/www.travelbymexico.com\/blog\/wp-json\/wp\/v2\/types\/post"}],"author":[{"embeddable":true,"href":"https:\/\/www.travelbymexico.com\/blog\/wp-json\/wp\/v2\/users\/88889"}],"replies":[{"embeddable":true,"href":"https:\/\/www.travelbymexico.com\/blog\/wp-json\/wp\/v2\/comments?post=20390"}],"version-history":[{"count":9,"href":"https:\/\/www.travelbymexico.com\/blog\/wp-json\/wp\/v2\/posts\/20390\/revisions"}],"predecessor-version":[{"id":21427,"href":"https:\/\/www.travelbymexico.com\/blog\/wp-json\/wp\/v2\/posts\/20390\/revisions\/21427"}],"wp:featuredmedia":[{"embeddable":true,"href":"https:\/\/www.travelbymexico.com\/blog\/wp-json\/wp\/v2\/media\/20396"}],"wp:attachment":[{"href":"https:\/\/www.travelbymexico.com\/blog\/wp-json\/wp\/v2\/media?parent=20390"}],"wp:term":[{"taxonomy":"category","embeddable":true,"href":"https:\/\/www.travelbymexico.com\/blog\/wp-json\/wp\/v2\/categories?post=20390"},{"taxonomy":"post_tag","embeddable":true,"href":"https:\/\/www.travelbymexico.com\/blog\/wp-json\/wp\/v2\/tags?post=20390"}],"curies":[{"name":"wp","href":"https:\/\/api.w.org\/{rel}","templated":true}]}}