{"id":20375,"date":"2018-01-20T12:26:08","date_gmt":"2018-01-20T18:26:08","guid":{"rendered":"http:\/\/www.travelbymexico.com\/blog\/?p=20375"},"modified":"2019-03-06T11:10:34","modified_gmt":"2019-03-06T17:10:34","slug":"abierto-mexicano-de-tenis-acapulco","status":"publish","type":"post","link":"https:\/\/www.travelbymexico.com\/blog\/20375-abierto-mexicano-de-tenis-acapulco\/","title":{"rendered":"Abierto Mexicano de Tenis en Acapulco cumple 25 a\u00f1os a lo grande"},"content":{"rendered":"<h2 class=\"p1\"><span class=\"s1\">Las m\u00e1ximas figuras del tenis mundial se dan cita en el Abierto Mexicano de Tenis de Acapulco para celebrar los 25 a\u00f1os del torneo m\u00e1s importante de Am\u00e9rica Latina.<\/span><\/h2>\n<p class=\"p1\"><span class=\"s1\">El<strong> Abierto Mexicano de Tenis (AMT), la fiesta grande del tenis en Am\u00e9rica Latina, tendr\u00e1 lugar en Acapulco del 26 de febrero al 3 de marzo de 2018<\/strong> en el <strong>Princess Mundo Imperial<\/strong>. \u00a1Aprovecha el m\u00e1ximo evento y reserva en los mejores hoteles de Acapulco!<\/span><\/p>\n<p class=\"p1\"><span class=\"s1\"><img loading=\"lazy\" class=\"size-medium wp-image-20383 alignright\" src=\"http:\/\/www.travelbymexico.com\/blog\/imgBase\/2018\/01\/Nadal-320x180.jpg\" alt=\"\" width=\"320\" height=\"180\" srcset=\"https:\/\/www.travelbymexico.com\/blog\/imgBase\/2018\/01\/Nadal-320x180.jpg 320w, https:\/\/www.travelbymexico.com\/blog\/imgBase\/2018\/01\/Nadal-768x432.jpg 768w, https:\/\/www.travelbymexico.com\/blog\/imgBase\/2018\/01\/Nadal-640x360.jpg 640w, https:\/\/www.travelbymexico.com\/blog\/imgBase\/2018\/01\/Nadal.jpg 1050w\" sizes=\"(max-width: 320px) 100vw, 320px\" \/>Con la confirmaci\u00f3n del espa\u00f1ol <strong>Rafael Nadal<\/strong> (No.1 en el ranking ATP), el alem\u00e1n <strong>Alexander Zverev<\/strong> (No.4), el austriaco <strong>Dominic Thiem<\/strong> (No.5) y el<span class=\"Apple-converted-space\">\u00a0 <\/span>croata <strong>Marin Cilic<\/strong> (No.6), y tras con el regreso del argentino <strong>Juan Mart\u00edn del Potro<\/strong> al 10\u00b0 puesto de la clasificaci\u00f3n, <strong>el AMT contar\u00e1 con cinco de las 10 mejores raquetas del mundo<\/strong>.<\/span><\/p>\n<p class=\"p1\"><span class=\"s1\">Adem\u00e1s de estos Top 10, participan el estadounidense <strong>Sam Querrey<\/strong> (No.13), campe\u00f3n defensor y campe\u00f3n del <strong>Abierto Los Cabos 2017<\/strong>, as\u00ed como con la del espa\u00f1ol <strong>David Ferrer<\/strong> (No.33), cuatro veces campe\u00f3n de <strong>Acapulco<\/strong>. <\/span><\/p>\n<p class=\"p1\"><span class=\"s1\">As\u00ed, el <strong>Abierto Mexicano Telcel tendr\u00e1 por primera vez a cuatro excampeones<\/strong> a\u00fan en activo sobre sus canchas: <strong>Nadal<\/strong>, 2005 y 2013; <strong>Thiem<\/strong>, 2016; <strong>Ferrer<\/strong>, 2010, 2011, 2012 y 2015, y <strong>Querrey<\/strong>, 2017. \u00a1Un aut\u00e9ntico lujo para celebrar los 25 a\u00f1os del torneo m\u00e1s emocionante de la temporada!<\/span><\/p>\n<p class=\"p1\"><span class=\"s1\">En palabras de <strong>Ra\u00fal Zurutuza<\/strong>, el <strong>Abierto Mexicano fue designado como mejor torneo en las categor\u00edas ATP 500 y WTA International durante la temporada 2017.<\/strong><\/span><\/p>\n<p class=\"p1\"><span class=\"s1\"><em>\u201cTodo el esfuerzo que hicimos en 2017 tuvo la mejor de las recompensas. Ning\u00fan otro torneo en el mundo hab\u00eda conseguido ser el mejor en sus respectivas categor\u00edas en el mismo a\u00f1o\u201d<\/em>, afirm\u00f3 el directivo.<\/span><\/p>\n<p class=\"p1\"><span class=\"s1\"><img loading=\"lazy\" class=\"size-medium wp-image-20381 alignleft\" src=\"http:\/\/www.travelbymexico.com\/blog\/imgBase\/2018\/01\/abierto-mexicano-320x183.jpg\" alt=\"\" width=\"320\" height=\"183\" srcset=\"https:\/\/www.travelbymexico.com\/blog\/imgBase\/2018\/01\/abierto-mexicano-320x183.jpg 320w, https:\/\/www.travelbymexico.com\/blog\/imgBase\/2018\/01\/abierto-mexicano-768x438.jpg 768w, https:\/\/www.travelbymexico.com\/blog\/imgBase\/2018\/01\/abierto-mexicano-640x365.jpg 640w, https:\/\/www.travelbymexico.com\/blog\/imgBase\/2018\/01\/abierto-mexicano.jpg 780w\" sizes=\"(max-width: 320px) 100vw, 320px\" \/>Como parte de los festejos del <strong>AMT XXV<\/strong>, se present\u00f3 tambi\u00e9n la <strong>exposici\u00f3n Tennis Parade<\/strong>, la cual <strong>mostrar\u00e1 50 r\u00e9plicas gigantes de pelotas de tenis intervenidas por diferentes artistas<\/strong> montadas en 25 esculturas sobre el <strong>Paseo de la Reforma de la Ciudad de M\u00e9xico. <\/strong><\/span><\/p>\n<p class=\"p1\"><span class=\"s1\">Esta exhibici\u00f3n <strong>se llevar\u00e1 a cabo del 4 de febrero al 8 de marzo<\/strong> y durante la semana del torneo, <strong>10 de las piezas se exhibir\u00e1n en diferentes lugares ic\u00f3nicos de <a href=\"http:\/\/www.travelbymexico.com\/acapulco\/atractivos\/\">Acapulco<\/a><\/strong>.<\/span><\/p>\n<p>Tambi\u00e9n <strong>el torneo WTA del Abierto Mexicano de Tenis celebrar\u00e1 su 18\u00b0 edici\u00f3n<\/strong>, teniendo la presencia de la ucraniana\u00a0<b>Lesia Tsurenko\u00a0<\/b>(No.43) junto con la francesa y finalista de 2017\u00a0<b>Kristina Mladenovic\u00a0<\/b>(No.11) quienes vuelven al AMT con sed de revancha para lograr el t\u00edtulo individual.<\/p>\n<p><strong>Mladenovic buscar\u00e1 convertirse en la cuarta jugadora en ganar ambos t\u00edtulos, singles y dobles, del Abierto Mexicano<\/strong> as\u00ed como fue logrado por su compatriota <strong>Emilie Loit<\/strong>, la germana <strong>Anna-Lena Gr\u00f6nefeld<\/strong> y <strong>Sara Errani<\/strong>.<\/p>\n<p class=\"p1\"><span class=\"s1\">\u00a1Nos vemos en <strong>Acapulco<\/strong>!<\/span><\/p>\n","protected":false},"excerpt":{"rendered":"<p>Las m\u00e1ximas figuras del tenis mundial se dan cita en el Abierto Mexicano de Tenis de Acapulco para celebrar los<\/p>\n","protected":false},"author":88889,"featured_media":20378,"comment_status":"closed","ping_status":"closed","sticky":false,"template":"","format":"standard","meta":[],"categories":[10,36],"tags":[10668,48,10669,1927,9807],"_links":{"self":[{"href":"https:\/\/www.travelbymexico.com\/blog\/wp-json\/wp\/v2\/posts\/20375"}],"collection":[{"href":"https:\/\/www.travelbymexico.com\/blog\/wp-json\/wp\/v2\/posts"}],"about":[{"href":"https:\/\/www.travelbymexico.com\/blog\/wp-json\/wp\/v2\/types\/post"}],"author":[{"embeddable":true,"href":"https:\/\/www.travelbymexico.com\/blog\/wp-json\/wp\/v2\/users\/88889"}],"replies":[{"embeddable":true,"href":"https:\/\/www.travelbymexico.com\/blog\/wp-json\/wp\/v2\/comments?post=20375"}],"version-history":[{"count":10,"href":"https:\/\/www.travelbymexico.com\/blog\/wp-json\/wp\/v2\/posts\/20375\/revisions"}],"predecessor-version":[{"id":21426,"href":"https:\/\/www.travelbymexico.com\/blog\/wp-json\/wp\/v2\/posts\/20375\/revisions\/21426"}],"wp:featuredmedia":[{"embeddable":true,"href":"https:\/\/www.travelbymexico.com\/blog\/wp-json\/wp\/v2\/media\/20378"}],"wp:attachment":[{"href":"https:\/\/www.travelbymexico.com\/blog\/wp-json\/wp\/v2\/media?parent=20375"}],"wp:term":[{"taxonomy":"category","embeddable":true,"href":"https:\/\/www.travelbymexico.com\/blog\/wp-json\/wp\/v2\/categories?post=20375"},{"taxonomy":"post_tag","embeddable":true,"href":"https:\/\/www.travelbymexico.com\/blog\/wp-json\/wp\/v2\/tags?post=20375"}],"curies":[{"name":"wp","href":"https:\/\/api.w.org\/{rel}","templated":true}]}}