{"id":20095,"date":"2017-11-14T21:34:03","date_gmt":"2017-11-15T03:34:03","guid":{"rendered":"http:\/\/www.travelbymexico.com\/blog\/?p=20095"},"modified":"2017-11-14T21:34:40","modified_gmt":"2017-11-15T03:34:40","slug":"taxco-feria-plata","status":"publish","type":"post","link":"https:\/\/www.travelbymexico.com\/blog\/20095-taxco-feria-plata\/","title":{"rendered":"El Pueblo M\u00e1gico de Taxco celebra la 80\u00b0 Feria Nacional de la Plata 2017"},"content":{"rendered":"<h2>\u00bfQu\u00e9 tal escaparte de fin de semana a un Pueblo M\u00e1gico? No te puedes perder la 80\u00ba Feria Nacional de la Plata en\u00a0Taxco, que tendr\u00e1 lugar del 25 de noviembre al 2 de diciembre.<\/h2>\n<p><span style=\"font-weight: 400;\"><strong>Taxco de Alarc\u00f3n, uno de los <a href=\"http:\/\/www.travelbymexico.com\/taxco\/hoteles\/\">Pueblos M\u00e1gicos<\/a> m\u00e1s visitados de M\u00e9xico, es la sede de la Feria Nacional de la Plata<\/strong>, donde los asistentes podr\u00e1n disfrutar del <strong>Concurso Nacional de Plater\u00eda<\/strong>, el <strong>Concurso Literario de Juegos Florales, as\u00ed como exposiciones, conciertos y conferencias<\/strong>. <\/span><\/p>\n<p><span style=\"font-weight: 400;\">El evento busca reforzar la identidad guerrerense, difundir y promover las t\u00e9cnicas originales de la plater\u00eda, y propiciar la participaci\u00f3n ciudadana de la vida cultural. U<\/span><span style=\"font-weight: 400;\">na de las actividades que dotan de mayor inter\u00e9s a la feria, es la realizaci\u00f3n del <strong>Concurso Nacional de Plater\u00eda<\/strong>, en el que los principales talleres de plater\u00eda exponen sus trabajos a los visitantes. <\/span><\/p>\n<p><span style=\"font-weight: 400;\"><img loading=\"lazy\" class=\"size-medium wp-image-20102 alignright\" src=\"http:\/\/www.travelbymexico.com\/blog\/imgBase\/2017\/11\/80\u00b0-Concurso-Nacional-de-Plateri\u0301a-2017-320x207.jpg\" alt=\"\" width=\"320\" height=\"207\" srcset=\"https:\/\/www.travelbymexico.com\/blog\/imgBase\/2017\/11\/80\u00b0-Concurso-Nacional-de-Plateri\u0301a-2017-320x207.jpg 320w, https:\/\/www.travelbymexico.com\/blog\/imgBase\/2017\/11\/80\u00b0-Concurso-Nacional-de-Plateri\u0301a-2017-640x414.jpg 640w, https:\/\/www.travelbymexico.com\/blog\/imgBase\/2017\/11\/80\u00b0-Concurso-Nacional-de-Plateri\u0301a-2017.jpg 765w\" sizes=\"(max-width: 320px) 100vw, 320px\" \/>Tambi\u00e9n <strong>participar\u00e1n en los XXXV Juegos Florales Nacionales de la Plata escritores de nacionalidad mexicana<\/strong> que radiquen dentro o fuera del territorio nacional <strong>con poemas in\u00e9ditos<\/strong>, <strong>cuyo tema ser\u00e1 dedicado a William Spratling<\/strong>, <strong>principal impulsor de la Plater\u00eda en Taxco y en M\u00e9xico<\/strong>. <\/span><\/p>\n<p><span style=\"font-weight: 400;\">Asimismo, se presentar\u00e1 la <strong>exposici\u00f3n fotogr\u00e1fica El Arte de la Plata<\/strong>, que estar\u00e1 <strong>compuesta por 20 fotograf\u00edas<\/strong> que mostrar\u00e1n c\u00f3mo los artesanos plateros de <strong>Taxco<\/strong> elaboran las diferentes piezas de arte. <\/span><\/p>\n<p><span style=\"font-weight: 400;\">Se realizar\u00e1 el<strong> Cine Club de la Plata<\/strong> con la proyecci\u00f3n de las <strong>pel\u00edculas y cortometrajes como Las Aventuras de Itzel y Sonia, La hija de la laguna, Muchachas\/Domestic Works, Where There is Shade, A life in waves<\/strong>, entre otras. <\/span><\/p>\n<p><span style=\"font-weight: 400;\">De igual forma, <strong>se presentar\u00e1n los grupos Sandoval, Elefante, Los Elegidos, Los Karkis, Los Muchachos del Norte\u00f1o, Aferrante, Mach, Armada Callejera, La Morgue<\/strong>, as\u00ed como los artistas <strong>Mar\u00eda Jos\u00e9, Erasmo Catarino, Tico Mendoza, Hugo Reynoso, los nietos de Don Juan<\/strong> y las compa\u00f1\u00edas de <strong>Danza Folkl\u00f3rica Xochicalli-Secultura, y Ballet Folcl\u00f3rico Ximilmuitle<\/strong>, entre otros. <\/span><\/p>\n<p><span style=\"font-weight: 400;\">Participan en la realizaci\u00f3n de la feria los gobiernos federal y estatal, el Sistema Estatal para el Desarrollo Integral de la Familia (DIF), la Secretar\u00eda de Cultura Estatal, el Ayuntamiento de Taxco de Alarc\u00f3n, y el Patronato de la Feria Nacional de la Plata.<\/span><\/p>\n<p>&nbsp;<\/p>\n","protected":false},"excerpt":{"rendered":"<p>\u00bfQu\u00e9 tal escaparte de fin de semana a un Pueblo M\u00e1gico? No te puedes perder la 80\u00ba Feria Nacional de<\/p>\n","protected":false},"author":88889,"featured_media":20101,"comment_status":"closed","ping_status":"closed","sticky":false,"template":"","format":"standard","meta":[],"categories":[11,37],"tags":[530,1927,1162,4173],"_links":{"self":[{"href":"https:\/\/www.travelbymexico.com\/blog\/wp-json\/wp\/v2\/posts\/20095"}],"collection":[{"href":"https:\/\/www.travelbymexico.com\/blog\/wp-json\/wp\/v2\/posts"}],"about":[{"href":"https:\/\/www.travelbymexico.com\/blog\/wp-json\/wp\/v2\/types\/post"}],"author":[{"embeddable":true,"href":"https:\/\/www.travelbymexico.com\/blog\/wp-json\/wp\/v2\/users\/88889"}],"replies":[{"embeddable":true,"href":"https:\/\/www.travelbymexico.com\/blog\/wp-json\/wp\/v2\/comments?post=20095"}],"version-history":[{"count":8,"href":"https:\/\/www.travelbymexico.com\/blog\/wp-json\/wp\/v2\/posts\/20095\/revisions"}],"predecessor-version":[{"id":20106,"href":"https:\/\/www.travelbymexico.com\/blog\/wp-json\/wp\/v2\/posts\/20095\/revisions\/20106"}],"wp:featuredmedia":[{"embeddable":true,"href":"https:\/\/www.travelbymexico.com\/blog\/wp-json\/wp\/v2\/media\/20101"}],"wp:attachment":[{"href":"https:\/\/www.travelbymexico.com\/blog\/wp-json\/wp\/v2\/media?parent=20095"}],"wp:term":[{"taxonomy":"category","embeddable":true,"href":"https:\/\/www.travelbymexico.com\/blog\/wp-json\/wp\/v2\/categories?post=20095"},{"taxonomy":"post_tag","embeddable":true,"href":"https:\/\/www.travelbymexico.com\/blog\/wp-json\/wp\/v2\/tags?post=20095"}],"curies":[{"name":"wp","href":"https:\/\/api.w.org\/{rel}","templated":true}]}}