{"id":20061,"date":"2017-10-31T22:14:13","date_gmt":"2017-11-01T04:14:13","guid":{"rendered":"http:\/\/www.travelbymexico.com\/blog\/?p=20061"},"modified":"2017-10-31T22:14:13","modified_gmt":"2017-11-01T04:14:13","slug":"queretaro-trovafest-noviembre","status":"publish","type":"post","link":"https:\/\/www.travelbymexico.com\/blog\/20061-queretaro-trovafest-noviembre\/","title":{"rendered":"Quer\u00e9taro tendr\u00e1 conciertos gratuitos con el Trovafest del 15 al 19 de noviembre"},"content":{"rendered":"<h2><span style=\"font-weight: 400;\">El Trovafest celebrar\u00e1 su cuarta edici\u00f3n del 15 al 19 de noviembre en la Alameda Hidalgo y la Plaza Fundadores, en Quer\u00e9taro. \u00a1Habr\u00e1 conciertos gratuitos!<\/span><\/h2>\n<p><span style=\"font-weight: 400;\"><strong>El Trovafest<\/strong>, que en su cuarta edici\u00f3n se desarrollar\u00e1 <strong>del 15 al 19 de noviembre en la Alameda Hidalgo y la Plaza Fundadores<\/strong>, en <a href=\"http:\/\/www.travelbymexico.com\/queretaro\/hoteles\/\"><strong>Quer\u00e9taro<\/strong><\/a>, avanza hacia su consolidaci\u00f3n, sostuvo el cantautor y director de la fundaci\u00f3n <strong>El Faro de la Cultura de Quer\u00e9taro, Edgar Oceransky. <\/strong><\/span><\/p>\n<p><span style=\"font-weight: 400;\">En conferencia de prensa en la <strong>Casa Esparza Oteo de la Sociedad de Autores y Compositores (SACM)<\/strong>, el artista mexicano destac\u00f3 que en esta ocasi\u00f3n se rendir\u00e1 homenaje a <strong>Violeta Parra<\/strong> en el centenario de su natalicio con <strong>\u201cM\u00e9xico deshoja una Violeta\u201d<\/strong> y al rock argentino con el recital <strong>\u201cRosario: 50 a\u00f1os de Rock en Castellano\u201d<\/strong>. <\/span><\/p>\n<p><span style=\"font-weight: 400;\"><em>\u201cAdem\u00e1s logramos cinco conciertos gratuitos: tres en la Alameda Hidalgo y dos en la Plaza Fundadores. En este \u00faltimo foro se realizar\u00e1 el cierre del evento\u201d<\/em>, adelant\u00f3. <\/span><\/p>\n<p><span style=\"font-weight: 400;\"><img loading=\"lazy\" class=\"size-medium wp-image-20063 alignright\" src=\"http:\/\/www.travelbymexico.com\/blog\/imgBase\/2017\/10\/Trovafest00-320x216.jpg\" alt=\"\" width=\"320\" height=\"216\" srcset=\"https:\/\/www.travelbymexico.com\/blog\/imgBase\/2017\/10\/Trovafest00-320x216.jpg 320w, https:\/\/www.travelbymexico.com\/blog\/imgBase\/2017\/10\/Trovafest00-768x519.jpg 768w, https:\/\/www.travelbymexico.com\/blog\/imgBase\/2017\/10\/Trovafest00-640x433.jpg 640w, https:\/\/www.travelbymexico.com\/blog\/imgBase\/2017\/10\/Trovafest00.jpg 951w\" sizes=\"(max-width: 320px) 100vw, 320px\" \/>De acuerdo con <strong>Oceransky<\/strong>, en el encuentro musical coincidir\u00e1n al menos <strong>38 artistas de la trova de Argentina, Colombia, Venezuela, Costa Rica, Chile, Nicaragua, Cuba, Puerto Rico y Espa\u00f1a<\/strong>, entre otros pa\u00edses que suman 12. <\/span><\/p>\n<p><span style=\"font-weight: 400;\"><em>\u201cVamos a tener en los escenarios de manera gratuita para toda la gente exponentes como La Giralilla, Luis Antonio Gonz\u00e1lez, Enrique Oca\u00f1a, Alejandro Filio, Mago por siempre, Aldo Obreg\u00f3n, Juan Carre\u00f3n, Daniel Drexler, Armando Rosas, Alejandro Lerner, Humberto Primogerio y C\u00e9sar Maldonado&#8221;<\/em>. <\/span><\/p>\n<p><span style=\"font-weight: 400;\">Tambi\u00e9n <strong>Fabby Olano, Omar M\u00e1rquez, Leonel Soto, Andr\u00e9s Correa, Amaury P\u00e9rez, Ainda D\u00fao, Jos\u00e9 Delgado, Juan Trova, Carlos Arellano, Diego Ojeda, Sole Gim\u00e9nez, Pedro Guerra, Armado Manzanero, Marcela de la Garza y Carlos Carreira<\/strong>, entre otros. <\/span><\/p>\n<p><span style=\"font-weight: 400;\">Sobre la imposibilidad de no conseguir al trovador cubano <strong>Silvio Rodr\u00edguez<\/strong> respondi\u00f3: <em>\u201ctodo este festival es gratuito, bueno fuera traj\u00e9ramos los bolsillos llenos de dinero para convencer a la gente, pero el maestro Silvio no ha podido por cuestiones de agenda, esperamos que alg\u00fan d\u00eda nos acompa\u00f1e\u201d<\/em>. <\/span><\/p>\n<p><span style=\"font-weight: 400;\"><strong>Oceransky<\/strong> agradeci\u00f3 el apoyo incondicional de las autoridades culturales de <strong>Quer\u00e9taro<\/strong> para cristalizar el <strong>Trovafest 2017<\/strong> en el que, incluso, <strong>se espera superar el r\u00e9cord de asistencia y de derrama econ\u00f3mica<\/strong> de ediciones previas.<\/span><span style=\"font-weight: 400;\"><br \/>\n<\/span><\/p>\n","protected":false},"excerpt":{"rendered":"<p>El Trovafest celebrar\u00e1 su cuarta edici\u00f3n del 15 al 19 de noviembre en la Alameda Hidalgo y la Plaza Fundadores,<\/p>\n","protected":false},"author":88889,"featured_media":20062,"comment_status":"closed","ping_status":"closed","sticky":false,"template":"","format":"standard","meta":[],"categories":[10514,37],"tags":[10628,325,1026,1075,10627],"_links":{"self":[{"href":"https:\/\/www.travelbymexico.com\/blog\/wp-json\/wp\/v2\/posts\/20061"}],"collection":[{"href":"https:\/\/www.travelbymexico.com\/blog\/wp-json\/wp\/v2\/posts"}],"about":[{"href":"https:\/\/www.travelbymexico.com\/blog\/wp-json\/wp\/v2\/types\/post"}],"author":[{"embeddable":true,"href":"https:\/\/www.travelbymexico.com\/blog\/wp-json\/wp\/v2\/users\/88889"}],"replies":[{"embeddable":true,"href":"https:\/\/www.travelbymexico.com\/blog\/wp-json\/wp\/v2\/comments?post=20061"}],"version-history":[{"count":1,"href":"https:\/\/www.travelbymexico.com\/blog\/wp-json\/wp\/v2\/posts\/20061\/revisions"}],"predecessor-version":[{"id":20064,"href":"https:\/\/www.travelbymexico.com\/blog\/wp-json\/wp\/v2\/posts\/20061\/revisions\/20064"}],"wp:featuredmedia":[{"embeddable":true,"href":"https:\/\/www.travelbymexico.com\/blog\/wp-json\/wp\/v2\/media\/20062"}],"wp:attachment":[{"href":"https:\/\/www.travelbymexico.com\/blog\/wp-json\/wp\/v2\/media?parent=20061"}],"wp:term":[{"taxonomy":"category","embeddable":true,"href":"https:\/\/www.travelbymexico.com\/blog\/wp-json\/wp\/v2\/categories?post=20061"},{"taxonomy":"post_tag","embeddable":true,"href":"https:\/\/www.travelbymexico.com\/blog\/wp-json\/wp\/v2\/tags?post=20061"}],"curies":[{"name":"wp","href":"https:\/\/api.w.org\/{rel}","templated":true}]}}