{"id":20010,"date":"2017-10-23T22:34:29","date_gmt":"2017-10-24T03:34:29","guid":{"rendered":"http:\/\/www.travelbymexico.com\/blog\/?p=20010"},"modified":"2017-10-23T22:36:39","modified_gmt":"2017-10-24T03:36:39","slug":"luis-miguel-mariachi-vargas","status":"publish","type":"post","link":"https:\/\/www.travelbymexico.com\/blog\/20010-luis-miguel-mariachi-vargas\/","title":{"rendered":"Luis Miguel regresa a la m\u00fasica con el mariachi Vargas de Tecalitl\u00e1n"},"content":{"rendered":"<h2><strong>Tras siete a\u00f1os sin material discogr\u00e1fico, Luis Miguel vuelve a la escena musical y acompa\u00f1ado del tradicional mariachi Vargas de Tecalitl\u00e1n.<\/strong><\/h2>\n<p><span style=\"font-weight: 400;\"><strong>Luis Miguel est\u00e1 de vuelta en la escena musical<\/strong>, y es que hoy <strong>\u201cEl Sol\u201d dio una \u201cprobadita\u201d de su pr\u00f3ximo sencillo, La Fiesta del Mariachi, <\/strong>grabado con el tradicional<strong> mariachi Vargas de Tecalitl\u00e1n <\/strong>(<a href=\"http:\/\/www.travelbymexico.com\/guadalajara\/atractivos\/\">Jalisco<\/a>) y que<strong> se estrenar\u00e1 este pr\u00f3ximo 27 de octubre<\/strong>.<\/span><\/p>\n<p><span style=\"font-weight: 400;\">En esta ocasi\u00f3n, <strong>Luis Miguel regresa al g\u00e9nero regional mexicano<\/strong> tras el \u00e9xito de su producci\u00f3n <strong>M\u00e9xico en la Piel<\/strong>, que fue una de las m\u00e1s vendidas de este g\u00e9nero con cifras acreedoras a <strong>Disco Diamante en M\u00e9xico<\/strong> y m\u00faltiples certificaciones en los pa\u00edses de habla hispana.<\/span><\/p>\n<div class=\"fitvids-video\">\n<blockquote class=\"twitter-tweet\" data-width=\"550\">\n<p lang=\"und\" dir=\"ltr\"><a href=\"https:\/\/t.co\/pnTl2CpmuF\">pic.twitter.com\/pnTl2CpmuF<\/a><\/p>\n<p>&mdash; Luis Miguel (@LMXLM) <a href=\"https:\/\/twitter.com\/LMXLM\/status\/922417375282069504?ref_src=twsrc%5Etfw\">October 23, 2017<\/a><\/p><\/blockquote>\n<p><script async src=\"\/\/platform.twitter.com\/widgets.js\" charset=\"utf-8\"><\/script><\/div>\n<p><span style=\"font-weight: 400;\"><strong>Su esperado \u00e1lbum estar\u00e1 disponible a partir del 24 de noviembre<\/strong>, poniendo fin a una sequ\u00eda de discos y retomando su carrera tras varios esc\u00e1ndalos.<\/span><\/p>\n<p><span style=\"font-weight: 400;\">Aunque en su disco <strong>Segundo Romance<\/strong> ya hab\u00eda retomado temas como <strong>La Media Vuelta<\/strong>, <strong>Si nos Dejan<\/strong> y <strong>El D\u00eda que me Quieras<\/strong> con mariachi, que logr\u00f3 volver a ponerlos de moda y obtuvo un premio <strong>Grammy<\/strong> al mejor \u00e1lbum de pop latino.<\/span><\/p>\n<h3><strong>La serie biogr\u00e1fica de Luis Miguel sigue en pie<\/strong><\/h3>\n<p><span style=\"font-weight: 400;\">Recordemos que la compa\u00f1\u00eda de video en streaming, <\/span><b>Netflix<\/b><span style=\"font-weight: 400;\">, lanzar\u00e1 pr\u00f3ximamente una serie sobre el cantante mexicano <\/span><b>Luis Miguel<\/b><span style=\"font-weight: 400;\">. Producida por <strong>Gato Grande<\/strong> en alianza con <strong>MGM<\/strong>, se estrenar\u00e1 en exclusiva por esa plataforma en 2018.<\/span><\/p>\n<p><span style=\"font-weight: 400;\">En un video publicado en las redes sociales de la firma, el mismo artista hizo el anuncio de <\/span><b>&#8216;Luis Miguel. La serie&#8217;<\/b><span style=\"font-weight: 400;\">.<\/span><\/p>\n<p><span style=\"font-weight: 400;\"><em>&#8220;Ha llegado el momento de que mi verdad salga a la luz&#8221;<\/em>, dijo en el video.<\/span><\/p>\n<p><span style=\"font-weight: 400;\"><em>&#8220;Versiones hay muchas, verdad s\u00f3lo hay una&#8221;<\/em>, agrega.<\/span><\/p>\n<div class=\"fitvids-video\">\n<blockquote class=\"twitter-tweet\" data-width=\"550\">\n<p lang=\"und\" dir=\"ltr\"><a href=\"https:\/\/t.co\/XMO3vo5cta\">pic.twitter.com\/XMO3vo5cta<\/a><\/p>\n<p>&mdash; Luis Miguel (@LMXLM) <a href=\"https:\/\/twitter.com\/LMXLM\/status\/860241639574581248?ref_src=twsrc%5Etfw\">May 4, 2017<\/a><\/p><\/blockquote>\n<p><script async src=\"\/\/platform.twitter.com\/widgets.js\" charset=\"utf-8\"><\/script><\/div>\n<p><b>Luis Miguel Gallego Basteri<\/b>,<b>\u00a0<\/b><span style=\"font-weight: 400;\">nacido en\u00a0<\/span><strong>San Juan<\/strong><span style=\"font-weight: 400;\">, <\/span><span style=\"font-weight: 400;\"><strong>Puerto Rico<\/strong>, el\u00a0<\/span><span style=\"font-weight: 400;\">19 de abril<\/span><span style=\"font-weight: 400;\"> de <\/span><span style=\"font-weight: 400;\">1970, es sin duda\u00a0<\/span><span style=\"font-weight: 400;\">uno de los m\u00e1s populares en la historia de <\/span><strong>Am\u00e9rica Latina<\/strong><span style=\"font-weight: 400;\">.\u00a0<\/span><\/p>\n<p><span style=\"font-weight: 400;\">Ha interpretado con \u00e9xito <\/span><span style=\"font-weight: 400;\">m\u00fasica pop<\/span><span style=\"font-weight: 400;\">, <\/span><span style=\"font-weight: 400;\">funk<\/span><span style=\"font-weight: 400;\">, <\/span><span style=\"font-weight: 400;\">villancicos<\/span><span style=\"font-weight: 400;\">, <\/span><span style=\"font-weight: 400;\">jazz<\/span><span style=\"font-weight: 400;\">, <\/span><span style=\"font-weight: 400;\">big band<\/span><span style=\"font-weight: 400;\">, <\/span><span style=\"font-weight: 400;\">bolero<\/span><span style=\"font-weight: 400;\">, <\/span><span style=\"font-weight: 400;\">mariachi<\/span><span style=\"font-weight: 400;\">, <\/span><span style=\"font-weight: 400;\">tangos\u00a0<\/span><span style=\"font-weight: 400;\">y <\/span><span style=\"font-weight: 400;\">baladas rom\u00e1nticas<\/span><span style=\"font-weight: 400;\">. <strong>Ha ganado cinco premios <\/strong><\/span><strong>Grammy,\u00a0cuatro premios Grammy Latinos, y h<\/strong><span style=\"font-weight: 400;\"><strong>a vendido m\u00e1s de 100 millones de discos<\/strong> en su carrera.<\/span><\/p>\n<p>&nbsp;<\/p>\n","protected":false},"excerpt":{"rendered":"<p>Tras siete a\u00f1os sin material discogr\u00e1fico, Luis Miguel vuelve a la escena musical y acompa\u00f1ado del tradicional mariachi Vargas de<\/p>\n","protected":false},"author":88889,"featured_media":20013,"comment_status":"closed","ping_status":"closed","sticky":false,"template":"","format":"standard","meta":[],"categories":[10514,912],"tags":[10614,1916,5500,10612,10611,10613],"_links":{"self":[{"href":"https:\/\/www.travelbymexico.com\/blog\/wp-json\/wp\/v2\/posts\/20010"}],"collection":[{"href":"https:\/\/www.travelbymexico.com\/blog\/wp-json\/wp\/v2\/posts"}],"about":[{"href":"https:\/\/www.travelbymexico.com\/blog\/wp-json\/wp\/v2\/types\/post"}],"author":[{"embeddable":true,"href":"https:\/\/www.travelbymexico.com\/blog\/wp-json\/wp\/v2\/users\/88889"}],"replies":[{"embeddable":true,"href":"https:\/\/www.travelbymexico.com\/blog\/wp-json\/wp\/v2\/comments?post=20010"}],"version-history":[{"count":2,"href":"https:\/\/www.travelbymexico.com\/blog\/wp-json\/wp\/v2\/posts\/20010\/revisions"}],"predecessor-version":[{"id":20014,"href":"https:\/\/www.travelbymexico.com\/blog\/wp-json\/wp\/v2\/posts\/20010\/revisions\/20014"}],"wp:featuredmedia":[{"embeddable":true,"href":"https:\/\/www.travelbymexico.com\/blog\/wp-json\/wp\/v2\/media\/20013"}],"wp:attachment":[{"href":"https:\/\/www.travelbymexico.com\/blog\/wp-json\/wp\/v2\/media?parent=20010"}],"wp:term":[{"taxonomy":"category","embeddable":true,"href":"https:\/\/www.travelbymexico.com\/blog\/wp-json\/wp\/v2\/categories?post=20010"},{"taxonomy":"post_tag","embeddable":true,"href":"https:\/\/www.travelbymexico.com\/blog\/wp-json\/wp\/v2\/tags?post=20010"}],"curies":[{"name":"wp","href":"https:\/\/api.w.org\/{rel}","templated":true}]}}