{"id":19974,"date":"2017-10-13T18:21:38","date_gmt":"2017-10-13T23:21:38","guid":{"rendered":"http:\/\/www.travelbymexico.com\/blog\/?p=19974"},"modified":"2017-10-13T18:21:38","modified_gmt":"2017-10-13T23:21:38","slug":"ferias-fiestas-festivales-mexico","status":"publish","type":"post","link":"https:\/\/www.travelbymexico.com\/blog\/19974-ferias-fiestas-festivales-mexico\/","title":{"rendered":"Ferias, fiestas, festivales y conciertos para este fin de semana en M\u00e9xico"},"content":{"rendered":"<h2><strong>Int\u00e9rpretes como Ana Gabriel, Yahir, Yuridia, Playa Limbo, Bryan Adams, Reik, Pablo Milan\u00e9s, Francisco C\u00e9spedes, Timbiriche, entre otros, actuar\u00e1n el fin de semana en diversas fiestas, ferias y foros del pa\u00eds. <\/strong><\/h2>\n<p><span style=\"font-weight: 400;\">Mucha m\u00fasica sonar\u00e1 en fiestas, ferias, festivales y foros del pa\u00eds. \u00bfYa sabes a d\u00f3nde ir?<\/span><\/p>\n<p><span style=\"font-weight: 400;\"><strong>Las Fiestas de Octubre en el estado de <a href=\"http:\/\/www.travelbymexico.com\/guadalajara\/index.php\">Jalisco<\/a> celebrar\u00e1n el fin de semana del 13 al 15<\/strong> con la presentaci\u00f3n de <strong>Ana Gabriel<\/strong> <strong>en el palenque el viernes y s\u00e1bado<\/strong>, as\u00ed como <strong>La Adictiva<\/strong> <strong>el domingo 15<\/strong>.\u00a0<\/span><span style=\"font-weight: 400;\">En el foro principal del propio recinto ferial actuar\u00e1 <strong>Fidel Rueda<\/strong> el viernes 13, en tanto que <strong>Los Freddy\u2019s, Los Baby\u2019s y Los Terr\u00edcolas<\/strong> el s\u00e1bado14, para finalizar el domingo con la presentaci\u00f3n de <strong>LemonGrass<\/strong>.<\/span><\/p>\n<p><span style=\"font-weight: 400;\"><strong>Las Fiestas de Nuevo Le\u00f3n en el Parque Fundidora de <a href=\"http:\/\/www.travelbymexico.com\/monterrey\/index.php\">Monterrey<\/a> <\/strong>contar\u00e1n con la actuaci\u00f3n de<strong> Banda El Recodo<\/strong>, <strong>el viernes 13<\/strong>; <strong>El Tri<\/strong>, s<strong>\u00e1bado 14<\/strong>; \u00a0<strong>Kumbia Kings<\/strong>, <strong>domingo 15<\/strong>.<\/span><\/p>\n<p><span style=\"font-weight: 400;\">En la <strong>Feria de Pachuca 2017 actuar\u00e1n Remmy Valenzuela<\/strong> <strong>en el palenque el s\u00e1bado 14<\/strong>, y <strong>Reik el domingo 15 de octubre<\/strong>, mientras que en el <strong>Teatro del Pueblo estar\u00e1n el viernes 13 Los Recoditos<\/strong>, <strong>el s\u00e1bado Los Yonic\u2019s<\/strong>, y <strong>el domingo Gilberto Gless<\/strong>.<img loading=\"lazy\" class=\"size-medium wp-image-19977 alignright\" src=\"http:\/\/www.travelbymexico.com\/blog\/imgBase\/2017\/10\/Foros-320x191.jpg\" alt=\"\" width=\"320\" height=\"191\" srcset=\"https:\/\/www.travelbymexico.com\/blog\/imgBase\/2017\/10\/Foros-320x191.jpg 320w, https:\/\/www.travelbymexico.com\/blog\/imgBase\/2017\/10\/Foros.jpg 619w\" sizes=\"(max-width: 320px) 100vw, 320px\" \/><\/span><\/p>\n<p><span style=\"font-weight: 400;\"><strong>Las Fiestas del Sol en Mexicali, Baja California, finalizar\u00e1n el fin de semana con la presentaci\u00f3n de Juli\u00f3n \u00c1lvarez<\/strong>, <strong>viernes 13<\/strong>; <strong>Yahir y Yuridia, s\u00e1bado 14<\/strong>; y <strong>Banda MS el domingo 15<\/strong> en el palenque. En tanto que <strong>en la Isla de las Estrellas se presentan La Original Banda El Lim\u00f3n, viernes 13<\/strong>; \u00a0<strong>Plastilina Mosh, el 14 de octubre<\/strong>, y para finalizar con el <strong>Grupo Intocable, el domingo 15<\/strong>.<\/span><\/p>\n<p><span style=\"font-weight: 400;\">La <strong>Feria Internacional de Chihuahua presentar\u00e1 a Secrets of the Sea<\/strong>, <strong>este viernes 13<\/strong>; <strong>Kinky, s\u00e1bado 14<\/strong>, en Ciudad Ju\u00e1rez y en Chihuahua, respectivamente, y el domingo las actuaciones ser\u00e1n en lugares invertidos.<\/span><\/p>\n<p><span style=\"font-weight: 400;\">En el<strong> Festival Internacional de Arte y Cultura, en el municipio de Metepec, Estado de M\u00e9xico<\/strong>, se presentar\u00e1 el fin de semana banda <strong>Francisco El Hombre, viernes 13<\/strong>; <strong>El Gran Silencio, s\u00e1bado 14<\/strong>; \u00a0para culminar con <strong>Taraf of Haidouks, el domingo 15<\/strong>.<\/span><\/p>\n<p><span style=\"font-weight: 400;\">El <strong>Festival Internacional Revueltas, en el estado de Durango<\/strong>, celebra en grande con las <strong>actuaciones de Pablo Milan\u00e9s y Francisco C\u00e9spedes, el 14 de octubre, y Hernaldo Z\u00fa\u00f1iga, el 15 de octubre<\/strong>.<\/span><\/p>\n<p><span style=\"font-weight: 400;\">La <strong>Expo Feria en Apatzing\u00e1n, en el estado de Michoac\u00e1n, contar\u00e1 el s\u00e1bado 14 con la actuaci\u00f3n del \u00a0grupo Playa Limbo<\/strong>, y el <strong>domingo 15 del comediante Alan Salda\u00f1a<\/strong>.<\/span><\/p>\n<figure id=\"attachment_19981\" aria-describedby=\"caption-attachment-19981\" style=\"width: 320px\" class=\"wp-caption alignleft\"><img loading=\"lazy\" class=\"size-medium wp-image-19981\" src=\"http:\/\/www.travelbymexico.com\/blog\/imgBase\/2017\/10\/Mon-Laferte-320x181.jpg\" alt=\"Mon Laferte.\" width=\"320\" height=\"181\" srcset=\"https:\/\/www.travelbymexico.com\/blog\/imgBase\/2017\/10\/Mon-Laferte-320x181.jpg 320w, https:\/\/www.travelbymexico.com\/blog\/imgBase\/2017\/10\/Mon-Laferte.jpg 620w\" sizes=\"(max-width: 320px) 100vw, 320px\" \/><figcaption id=\"caption-attachment-19981\" class=\"wp-caption-text\">Mon Laferte.<\/figcaption><\/figure>\n<p><span style=\"font-weight: 400;\">Por su parte, <strong>Mon Laferte se presentar\u00e1 el viernes 13 en Auditorio Pabell\u00f3n M en Monterrey, Nuevo Le\u00f3n<\/strong>, como parte de su \u201cAm\u00e1rrame tour\u201d.<\/span><\/p>\n<p><span style=\"font-weight: 400;\"><strong>La Oreja de Van Gogh actuar\u00e1 el 13 de octubre en la Acr\u00f3polis de Puebla<\/strong>.<\/span><\/p>\n<p><span style=\"font-weight: 400;\"><strong>Bryan Adams ofrecer\u00e1 concierto el 14 de octubre en el Auditorio Pabell\u00f3n M en Monterrey, Nuevo Le\u00f3n<\/strong>, y el <strong>domingo 15 en el Auditorio Telmex de Guadalajara, Jalisco<\/strong>.<\/span><\/p>\n<p><span style=\"font-weight: 400;\">El cantante <strong>Ozuna estar\u00e1 el 13 de octubre en Calle 12, en Zapopan, Jalisco<\/strong>.<\/span><\/p>\n<p><span style=\"font-weight: 400;\"><strong>Timbiriche se presentar\u00e1 el viernes 13 de octubre en el Auditorio CitiBanamex, en Monterrey, Nuevo Le\u00f3n<\/strong>, donde \u00a0presentar\u00e1 su gira \u201cGet up tour\u201d.<\/span><\/p>\n<p><span style=\"font-weight: 400;\">Asimismo, <strong>Miranda cantar\u00e1 el viernes 13 de octubre en el Teatro Diana en Guadalajara, Jalisco<\/strong>.<\/span><\/p>\n<p>\u00a1M\u00fasica y fiestas a lo largo y ancho del pa\u00eds! As\u00ed que disfruten del fin de semana.<\/p>\n<p>&nbsp;<\/p>\n","protected":false},"excerpt":{"rendered":"<p>Int\u00e9rpretes como Ana Gabriel, Yahir, Yuridia, Playa Limbo, Bryan Adams, Reik, Pablo Milan\u00e9s, Francisco C\u00e9spedes, Timbiriche, entre otros, actuar\u00e1n el<\/p>\n","protected":false},"author":88889,"featured_media":19976,"comment_status":"closed","ping_status":"closed","sticky":false,"template":"","format":"standard","meta":[],"categories":[10514,912],"tags":[10603,10602,10601,2047,10600,620,687,1558,821,1463],"_links":{"self":[{"href":"https:\/\/www.travelbymexico.com\/blog\/wp-json\/wp\/v2\/posts\/19974"}],"collection":[{"href":"https:\/\/www.travelbymexico.com\/blog\/wp-json\/wp\/v2\/posts"}],"about":[{"href":"https:\/\/www.travelbymexico.com\/blog\/wp-json\/wp\/v2\/types\/post"}],"author":[{"embeddable":true,"href":"https:\/\/www.travelbymexico.com\/blog\/wp-json\/wp\/v2\/users\/88889"}],"replies":[{"embeddable":true,"href":"https:\/\/www.travelbymexico.com\/blog\/wp-json\/wp\/v2\/comments?post=19974"}],"version-history":[{"count":4,"href":"https:\/\/www.travelbymexico.com\/blog\/wp-json\/wp\/v2\/posts\/19974\/revisions"}],"predecessor-version":[{"id":19982,"href":"https:\/\/www.travelbymexico.com\/blog\/wp-json\/wp\/v2\/posts\/19974\/revisions\/19982"}],"wp:featuredmedia":[{"embeddable":true,"href":"https:\/\/www.travelbymexico.com\/blog\/wp-json\/wp\/v2\/media\/19976"}],"wp:attachment":[{"href":"https:\/\/www.travelbymexico.com\/blog\/wp-json\/wp\/v2\/media?parent=19974"}],"wp:term":[{"taxonomy":"category","embeddable":true,"href":"https:\/\/www.travelbymexico.com\/blog\/wp-json\/wp\/v2\/categories?post=19974"},{"taxonomy":"post_tag","embeddable":true,"href":"https:\/\/www.travelbymexico.com\/blog\/wp-json\/wp\/v2\/tags?post=19974"}],"curies":[{"name":"wp","href":"https:\/\/api.w.org\/{rel}","templated":true}]}}