{"id":19883,"date":"2017-09-22T14:12:53","date_gmt":"2017-09-22T19:12:53","guid":{"rendered":"http:\/\/www.travelbymexico.com\/blog\/?p=19883"},"modified":"2017-09-22T21:37:09","modified_gmt":"2017-09-23T02:37:09","slug":"filarmonica-occm","status":"publish","type":"post","link":"https:\/\/www.travelbymexico.com\/blog\/19883-filarmonica-occm\/","title":{"rendered":"Concierto ben\u00e9fico de la OCCM de la CDMX"},"content":{"rendered":"<h2><span style=\"font-weight: 400;\">En el concierto ben\u00e9fico la Filarm\u00f3nica de las Artes y la Orquesta y Coro de la Ciudad de M\u00e9xico (OCCM) interpretar\u00e1n la \u201cNovena Sinfon\u00eda\u201d, de Ludwig van Beethoven, el pr\u00f3ximo martes 26 de septiembre en el Auditorio Fr\u00e1 Ang\u00e9lico.<\/span><\/h2>\n<p><span style=\"font-weight: 400;\">A trav\u00e9s de un comunicado difundido por el <strong>Centro Cultural Universitario (CUC)<\/strong> el director fundador de la <strong>OCCM<\/strong>, <strong>Abraham V\u00e9lez<\/strong>, dijo que se <strong>eligi\u00f3 una de las obras favoritas del p\u00fablico que adem\u00e1s tiene un mensaje conmovedor<\/strong> en su letra, sobre todo en la parte coral. <strong>L<\/strong><\/span><strong>o recaudado ser\u00e1 donado por las v\u00edctimas del sismo ocurrido el pasado 19 de septiembre<\/strong>.<\/p>\n<p><span style=\"font-weight: 400;\"><em>\u201cTodo lo que recaudemos en este evento se donar\u00e1 a la causa, es la mejor manera en la que podemos aportar un granito de arena y ayudar a las personas que sufrieron y ahora lo necesitan&#8221;<\/em>, mencion\u00f3 el director. <\/span><\/p>\n<p><span style=\"font-weight: 400;\">Destac\u00f3 que <strong>se convoc\u00f3 a todos y la respuesta fue impresionante<\/strong>, en menos de dos horas todos levantaron la mano; el <strong>CUC<\/strong> con la mejor disposici\u00f3n para que se haga el evento y los m\u00e1s importantes para esta obra, <strong>el Coro de la OCCM, que dirige el maestro Armando Carmona, que sin dudar se apunt\u00f3<\/strong> y \u201ccomo siempre, ser\u00e1 un placer hacer m\u00fasica juntos y ahora con esta buena causa\u201d. <\/span><\/p>\n<p><span style=\"font-weight: 400;\"><strong>El concierto se llevar\u00e1 a cabo el pr\u00f3ximo martes 26 de septiembre a las 19:00 horas en el Centro Universitario Cultural CUC<\/strong>, los boletos para este evento tendr\u00e1n un <strong>costo de 200 pesos<\/strong> con entrada general numerada y est\u00e1n <strong>disponibles en la p\u00e1gina de la OCCM<\/strong>\u00a0y en el propio espacio cultural.<\/span><\/p>\n<h3>Universidad del claustro de Sor Juana contin\u00faa como centro de acopio<\/h3>\n<p>La <strong>Universidad del Claustro de Sor Juana (UCSJ)<\/strong> sigue operando de manera continua como centro de asistencia. recuperaci\u00f3n y acopio en un horario de 9:30 a 20:00 horas, tras el sismo de 7.1 grados Richter que afect\u00f3 a la <a href=\"http:\/\/www.travelbymexico.com\/ciudaddemexico\" target=\"_blank\" rel=\"noopener\"><strong>Ciudad de M\u00e9xico<\/strong><\/a>.<\/p>\n<p>La instituci\u00f3n educativa inform\u00f3 que <strong>se siguen necesitando medicamentos y material de curaci\u00f3n como jeringas, hilo para suturaci\u00f3n, insulina, guantes de l\u00e1tex, venoclisis, soluci\u00f3n glucosada, gasas, soluci\u00f3n fisiol\u00f3gica, alcohol en gel, alcohol, agua oxigenada, isosorbide, nifedipino.<\/strong><\/p>\n<p>As\u00ed como <strong>captopril, furosemida, ketorolako, ibuprofeno, paracetamol, omeprazol, Ioperamida, ranitidina, treda, metoclopramida, lidoca\u00edna, adrenalina, ampicilina, dexametasona, adem\u00e1s de herramienta como l\u00e1mparas, impermeables, lonas, picos, palas. mazos, guantes de carnaza, \ufb02ex\u00f3metros, arcos, seguetas y altavoces.<\/strong><\/p>\n<p>En tanto, el<a href=\"http:\/\/www.travelbymexico.com\/ciudaddemexico\/atractivos\/?nom=kdfebellasartes&amp;don=35\"><strong> Instituto Nacional de Bellas Artes (IMBA)<\/strong><\/a> inform\u00f3 al p\u00fablico que quienes hayan comprado boletos para los espect\u00e1culos cancelados por motivo del sismo pueden solicitar su reembolso, en el lugar y en la forma en que fueron adquiridos, a partir del lunes 25 de septiembre, a las 12:00 horas.<\/p>\n<p>&nbsp;<\/p>\n","protected":false},"excerpt":{"rendered":"<p>En el concierto ben\u00e9fico la Filarm\u00f3nica de las Artes y la Orquesta y Coro de la Ciudad de M\u00e9xico (OCCM)<\/p>\n","protected":false},"author":88889,"featured_media":19893,"comment_status":"closed","ping_status":"closed","sticky":false,"template":"","format":"standard","meta":[],"categories":[9,912],"tags":[10586,2715,10584,10587,10585],"_links":{"self":[{"href":"https:\/\/www.travelbymexico.com\/blog\/wp-json\/wp\/v2\/posts\/19883"}],"collection":[{"href":"https:\/\/www.travelbymexico.com\/blog\/wp-json\/wp\/v2\/posts"}],"about":[{"href":"https:\/\/www.travelbymexico.com\/blog\/wp-json\/wp\/v2\/types\/post"}],"author":[{"embeddable":true,"href":"https:\/\/www.travelbymexico.com\/blog\/wp-json\/wp\/v2\/users\/88889"}],"replies":[{"embeddable":true,"href":"https:\/\/www.travelbymexico.com\/blog\/wp-json\/wp\/v2\/comments?post=19883"}],"version-history":[{"count":3,"href":"https:\/\/www.travelbymexico.com\/blog\/wp-json\/wp\/v2\/posts\/19883\/revisions"}],"predecessor-version":[{"id":19889,"href":"https:\/\/www.travelbymexico.com\/blog\/wp-json\/wp\/v2\/posts\/19883\/revisions\/19889"}],"wp:featuredmedia":[{"embeddable":true,"href":"https:\/\/www.travelbymexico.com\/blog\/wp-json\/wp\/v2\/media\/19893"}],"wp:attachment":[{"href":"https:\/\/www.travelbymexico.com\/blog\/wp-json\/wp\/v2\/media?parent=19883"}],"wp:term":[{"taxonomy":"category","embeddable":true,"href":"https:\/\/www.travelbymexico.com\/blog\/wp-json\/wp\/v2\/categories?post=19883"},{"taxonomy":"post_tag","embeddable":true,"href":"https:\/\/www.travelbymexico.com\/blog\/wp-json\/wp\/v2\/tags?post=19883"}],"curies":[{"name":"wp","href":"https:\/\/api.w.org\/{rel}","templated":true}]}}