{"id":19812,"date":"2017-09-01T18:32:37","date_gmt":"2017-09-01T23:32:37","guid":{"rendered":"http:\/\/www.travelbymexico.com\/blog\/?p=19812"},"modified":"2017-09-01T18:32:52","modified_gmt":"2017-09-01T23:32:52","slug":"corona-capital-mas-bandas-2017","status":"publish","type":"post","link":"https:\/\/www.travelbymexico.com\/blog\/19812-corona-capital-mas-bandas-2017\/","title":{"rendered":"Corona Capital anuncia m\u00e1s bandas en la edici\u00f3n 2017"},"content":{"rendered":"<h2><span style=\"font-weight: 400;\">El festival Corona Capital sigue siendo uno de los festivales m\u00e1s importantes de la m\u00fasica en M\u00e9xico, teniendo para esta s\u00e9ptima edici\u00f3n grandes sorpresas.<\/span><\/h2>\n<p><span style=\"font-weight: 400;\"><strong>\u00a1Ya falta menos para el Corona Capital en <a href=\"http:\/\/www.travelbymexico.com\/ciudaddemexico\/hoteles\/index.php\">Ciudad de M\u00e9xico<\/a>!<\/strong> Aunque la productora del festival anunci\u00f3 cambios en su line-up, sum\u00e1ndose <strong>Washed Out, Dua Lipa, Sheppard y Spencer Ludwig<\/strong>.<\/span><\/p>\n<p><span style=\"font-weight: 400;\">Debido a causas de fuerza mayor, <strong>Sampha<\/strong>, <strong>Jain<\/strong> y <strong>The Japanese House<\/strong> no estar\u00e1n presentes en el <strong>Aut\u00f3dromo Hermanos Rodr\u00edguez<\/strong> los pr\u00f3ximos 18 y 19 de noviembre. <\/span><\/p>\n<p><span style=\"font-weight: 400;\">Este a\u00f1o, <strong>el Corona Capital suma 50 actos musicales, encabezados por Foo Fighters, Green Day, The XX y Phoenix.<\/strong><\/span><\/p>\n<h3><strong>\u00bfCu\u00e1l es tu banda favorita?<\/strong><\/h3>\n<p><img loading=\"lazy\" class=\"alignnone size-medium wp-image-19813\" src=\"http:\/\/www.travelbymexico.com\/blog\/imgBase\/2017\/09\/Corona-Capital-213x320.jpg\" alt=\"\" width=\"213\" height=\"320\" srcset=\"https:\/\/www.travelbymexico.com\/blog\/imgBase\/2017\/09\/Corona-Capital-213x320.jpg 213w, https:\/\/www.travelbymexico.com\/blog\/imgBase\/2017\/09\/Corona-Capital-426x640.jpg 426w, https:\/\/www.travelbymexico.com\/blog\/imgBase\/2017\/09\/Corona-Capital.jpg 741w\" sizes=\"(max-width: 213px) 100vw, 213px\" \/><\/p>\n<h3><strong>\u00bfQui\u00e9n es Washed Out?<\/strong><\/h3>\n<p><span style=\"font-weight: 400;\">Se trata de un joven talento que ha obtenido un muy buen recibimiento del medio gracias a su <strong>synthpop muy al estilo de la vieja escuela<\/strong>. La propuesta retoma el sonido de la etapa experimental de <strong>OMD<\/strong>, pero llev\u00e1ndolo a las necesidades del siglo XXI.<\/span><\/p>\n<p><span style=\"font-weight: 400;\">Mira el video del tema <strong>Get Lost<\/strong>, el material m\u00e1s reciente de <strong>Washed Out<\/strong>.<\/span><\/p>\n<div class=\"fitvids-video\"><iframe width=\"800\" height=\"450\" src=\"https:\/\/www.youtube.com\/embed\/xTjQHfP1KOo?feature=oembed\" frameborder=\"0\" allowfullscreen><\/iframe><\/div>\n<p>&nbsp;<\/p>\n<p><span style=\"font-weight: 400;\">Por su parte, <strong>Dua Lipa es una de las cantantes brit\u00e1nicas m\u00e1s exitosas del momento<\/strong>, mientras que <strong>Sheppard<\/strong> presentar\u00e1 su indie pop australiano, y <strong>Spencer Ludwig<\/strong>, ex de <strong>Capital Cities<\/strong>, traer\u00e1 su talento como trompetista, cantante y compositor.<\/span><\/p>\n<h3><strong>\u00bfC\u00f3mo llegar?<\/strong><\/h3>\n<p><span style=\"font-weight: 400;\">Si optas por el transporte p\u00fablico, lo mejor es tomar la<strong> l\u00ednea 9 del Metro<\/strong>: las <strong>estaciones cercanas son Ciudad de los Deportes y Puebla<\/strong>. Asimismo, cuentas con la <strong>L\u00ednea 2 del Metrob\u00fas<\/strong>, teniendo como opciones las <strong>estaciones Goma, Iztacalco y UPIICSA.<\/strong><\/span><\/p>\n<p><b>\u00bfQu\u00e9 es el festival Corona Capital<\/b><span style=\"font-weight: 400;\">?<\/span><\/p>\n<p><span style=\"font-weight: 400;\">Se trata de un festival anual de rock y m\u00fasica alternativa organizado por la <strong>Corporaci\u00f3n Interamericana de Entretenimiento en la Curva 4 del Aut\u00f3dromo Hermanos Rodr\u00edguez en la Ciudad de M\u00e9xico<\/strong>.<\/span><\/p>\n<p><span style=\"font-weight: 400;\">Desde su primera edici\u00f3n en el 2010, el festival ha logrado posicionarse como uno de los m\u00e1s importantes de <strong>M\u00e9xico<\/strong> y <strong>Am\u00e9rica Latina<\/strong>, gracias a su enfoque de ser el primero en traer a varias bandas de <strong>Norteam\u00e9rica<\/strong> y <strong>Europa<\/strong> que jam\u00e1s hab\u00edan pisado suelo mexicano, adem\u00e1s de presentar lo m\u00e1s destacado de la oferta alternativa internacional.<\/span><\/p>\n<p>&nbsp;<\/p>\n","protected":false},"excerpt":{"rendered":"<p>El festival Corona Capital sigue siendo uno de los festivales m\u00e1s importantes de la m\u00fasica en M\u00e9xico, teniendo para esta<\/p>\n","protected":false},"author":88889,"featured_media":19814,"comment_status":"closed","ping_status":"closed","sticky":false,"template":"","format":"standard","meta":[],"categories":[10514,37,912],"tags":[9401,318,9415,10564,10565,10567,10566],"_links":{"self":[{"href":"https:\/\/www.travelbymexico.com\/blog\/wp-json\/wp\/v2\/posts\/19812"}],"collection":[{"href":"https:\/\/www.travelbymexico.com\/blog\/wp-json\/wp\/v2\/posts"}],"about":[{"href":"https:\/\/www.travelbymexico.com\/blog\/wp-json\/wp\/v2\/types\/post"}],"author":[{"embeddable":true,"href":"https:\/\/www.travelbymexico.com\/blog\/wp-json\/wp\/v2\/users\/88889"}],"replies":[{"embeddable":true,"href":"https:\/\/www.travelbymexico.com\/blog\/wp-json\/wp\/v2\/comments?post=19812"}],"version-history":[{"count":1,"href":"https:\/\/www.travelbymexico.com\/blog\/wp-json\/wp\/v2\/posts\/19812\/revisions"}],"predecessor-version":[{"id":19815,"href":"https:\/\/www.travelbymexico.com\/blog\/wp-json\/wp\/v2\/posts\/19812\/revisions\/19815"}],"wp:featuredmedia":[{"embeddable":true,"href":"https:\/\/www.travelbymexico.com\/blog\/wp-json\/wp\/v2\/media\/19814"}],"wp:attachment":[{"href":"https:\/\/www.travelbymexico.com\/blog\/wp-json\/wp\/v2\/media?parent=19812"}],"wp:term":[{"taxonomy":"category","embeddable":true,"href":"https:\/\/www.travelbymexico.com\/blog\/wp-json\/wp\/v2\/categories?post=19812"},{"taxonomy":"post_tag","embeddable":true,"href":"https:\/\/www.travelbymexico.com\/blog\/wp-json\/wp\/v2\/tags?post=19812"}],"curies":[{"name":"wp","href":"https:\/\/api.w.org\/{rel}","templated":true}]}}