{"id":19739,"date":"2017-08-09T12:40:50","date_gmt":"2017-08-09T17:40:50","guid":{"rendered":"http:\/\/www.travelbymexico.com\/blog\/?p=19739"},"modified":"2017-08-09T12:40:50","modified_gmt":"2017-08-09T17:40:50","slug":"cervantino-en-forum-cultural-guanajuato","status":"publish","type":"post","link":"https:\/\/www.travelbymexico.com\/blog\/19739-cervantino-en-forum-cultural-guanajuato\/","title":{"rendered":"El Cervantino en el Forum Cultural Guanajuato"},"content":{"rendered":"<h2>El Forum Cultural Guanajuato listo para recibir la edici\u00f3n XLV del Festival Internacional Cervantino.<\/h2>\n<p>Del 11 al 29 de octubre se realizar\u00e1 en el <a href=\"http:\/\/www.travelbymexico.com\/estados\/guanajuato_edo\" target=\"_blank\" rel=\"noopener\">Guanajuato<\/a> la edici\u00f3n n\u00famero cuarenta y cinco del Festival Internacional Cervantino, una de las m\u00e1s importantes celebraciones art\u00edsticas y culturales del mundo, y como cada a\u00f1o, el Forum Cultural Guanajuato se sumar\u00e1 a esta cita en sus diversos espacios.<\/p>\n<h3>El jueves 12<\/h3>\n<p>Presentaci\u00f3n, en el Auditorio Mateo Herrera, del d\u00fao Foyle-\u0160t\u0161ura integrado por el violinista escoc\u00e9s Michael Foyle y el pianista estoniano Maksim \u0160t\u0161ura, considerados actualmente como grandes int\u00e9rpretes del repertorio del siglo XVII; ofrecer\u00e1n un programa titulado Esp\u00edritu revolucionario con piezas de Poulnec, Prokofiev,\u00a0 Debussy y Beethoven.<\/p>\n<figure id=\"attachment_19743\" aria-describedby=\"caption-attachment-19743\" style=\"width: 320px\" class=\"wp-caption alignnone\"><img loading=\"lazy\" class=\"size-medium wp-image-19743\" src=\"http:\/\/www.travelbymexico.com\/blog\/imgBase\/2017\/08\/Foyle-Stsura_Duo_photo_by_Kaupo_Kikkas_crop-320x143.jpg\" alt=\"Festival Internacional Cervantino (XLV).Foyle-Stsura Duo\" width=\"320\" height=\"143\" srcset=\"https:\/\/www.travelbymexico.com\/blog\/imgBase\/2017\/08\/Foyle-Stsura_Duo_photo_by_Kaupo_Kikkas_crop-320x143.jpg 320w, https:\/\/www.travelbymexico.com\/blog\/imgBase\/2017\/08\/Foyle-Stsura_Duo_photo_by_Kaupo_Kikkas_crop-768x343.jpg 768w, https:\/\/www.travelbymexico.com\/blog\/imgBase\/2017\/08\/Foyle-Stsura_Duo_photo_by_Kaupo_Kikkas_crop-640x286.jpg 640w, https:\/\/www.travelbymexico.com\/blog\/imgBase\/2017\/08\/Foyle-Stsura_Duo_photo_by_Kaupo_Kikkas_crop.jpg 837w\" sizes=\"(max-width: 320px) 100vw, 320px\" \/><figcaption id=\"caption-attachment-19743\" class=\"wp-caption-text\">Festival Internacional Cervantino (XLV).Foyle-Stsura Duo<\/figcaption><\/figure>\n<h3>El viernes 13<\/h3>\n<p>El Teatro del Bicentenario presentar\u00e1 a la English Chamber Orchestra (ECO), destacada agrupaci\u00f3n brit\u00e1nica, reconocida como \u201cla orquesta de c\u00e1mara con m\u00e1s grabaciones en todo el mundo\u201d. Bajo la batuta del afamado director uruguayo Jos\u00e9 Serebrier, como director invitado para esta gira, con un concierto que incluye obras del nacionalismo espa\u00f1ol, el barroco brit\u00e1nico y el repertorio cl\u00e1sico austriaco, entre otras.<\/p>\n<figure id=\"attachment_19742\" aria-describedby=\"caption-attachment-19742\" style=\"width: 320px\" class=\"wp-caption alignnone\"><img loading=\"lazy\" class=\"size-medium wp-image-19742\" src=\"http:\/\/www.travelbymexico.com\/blog\/imgBase\/2017\/08\/English-Chamber-Orchestra-320x188.jpg\" alt=\"Festival Internacional Cervantino (XLV). English Chamber Orchestra\" width=\"320\" height=\"188\" srcset=\"https:\/\/www.travelbymexico.com\/blog\/imgBase\/2017\/08\/English-Chamber-Orchestra-320x188.jpg 320w, https:\/\/www.travelbymexico.com\/blog\/imgBase\/2017\/08\/English-Chamber-Orchestra.jpg 640w\" sizes=\"(max-width: 320px) 100vw, 320px\" \/><figcaption id=\"caption-attachment-19742\" class=\"wp-caption-text\">Festival Internacional Cervantino (XLV). English Chamber Orchestra<\/figcaption><\/figure>\n<h3>Domingo 15<\/h3>\n<p>La Calzada de las Artes recibir\u00e1 al int\u00e9rprete camerun\u00e9s radicado en Paris Blick Bassy quien canta en Basa, una de las 260 lenguas que se hablan en Camer\u00fan y la cual est\u00e1 en peligro de desaparecer. El esp\u00edritu de su pueblo, su ra\u00edz idiom\u00e1tica, radica en su canto que, desde Francia, comparte a todo el mundo. Con su guitarra y bajo, Bassy estar\u00e1 acompa\u00f1ado por Cl\u00e9ment Petit, al violonchelo y coros; y de Johan Blanc, al tromb\u00f3n, teclados y coros.<\/p>\n<figure id=\"attachment_19740\" aria-describedby=\"caption-attachment-19740\" style=\"width: 320px\" class=\"wp-caption alignnone\"><img loading=\"lazy\" class=\"size-medium wp-image-19740\" src=\"http:\/\/www.travelbymexico.com\/blog\/imgBase\/2017\/08\/Blick_Bassy-320x180.jpg\" alt=\"Festival Internacional Cervantino (XLV). Blick Bassy.\" width=\"320\" height=\"180\" srcset=\"https:\/\/www.travelbymexico.com\/blog\/imgBase\/2017\/08\/Blick_Bassy-320x180.jpg 320w, https:\/\/www.travelbymexico.com\/blog\/imgBase\/2017\/08\/Blick_Bassy-768x432.jpg 768w, https:\/\/www.travelbymexico.com\/blog\/imgBase\/2017\/08\/Blick_Bassy-640x360.jpg 640w, https:\/\/www.travelbymexico.com\/blog\/imgBase\/2017\/08\/Blick_Bassy.jpg 1600w\" sizes=\"(max-width: 320px) 100vw, 320px\" \/><figcaption id=\"caption-attachment-19740\" class=\"wp-caption-text\">Festival Internacional Cervantino (XLV). Blick Bassy.<\/figcaption><\/figure>\n<h3>Martes 17 y mi\u00e9rcoles 18<\/h3>\n<p>Tambi\u00e9n el <strong>Teatro del Bicentenario<\/strong> presentar\u00e1 una coproducci\u00f3n del Centro Coreogr\u00e1fico Nacional de Cr\u00e9teil y del Valle del Marne y la Compa\u00f1\u00eda K\u00e4fig, con el espect\u00e1culo Pixel, una original y provocativa propuesta de la escena contempor\u00e1nea francesa, que fusiona movimiento, m\u00fasica, iluminaci\u00f3n, arte y tecnolog\u00eda. A trav\u00e9s de un juego de im\u00e1genes que oscilan entre lo surreal, lo bello y lo hipn\u00f3tico, once talentosos bailarines se mueven en un collage cinem\u00e1tico, fragmentado de \u00edconos en los que el cuerpo se confronta con los sue\u00f1os y el mundo virtual.<\/p>\n<figure id=\"attachment_19741\" aria-describedby=\"caption-attachment-19741\" style=\"width: 320px\" class=\"wp-caption alignnone\"><img loading=\"lazy\" class=\"size-medium wp-image-19741\" src=\"http:\/\/www.travelbymexico.com\/blog\/imgBase\/2017\/08\/Compagnie_Kagif-320x180.jpg\" alt=\"Festival Internacional Cervantino (XLV). Compagnie Kagif.\" width=\"320\" height=\"180\" srcset=\"https:\/\/www.travelbymexico.com\/blog\/imgBase\/2017\/08\/Compagnie_Kagif-320x180.jpg 320w, https:\/\/www.travelbymexico.com\/blog\/imgBase\/2017\/08\/Compagnie_Kagif.jpg 640w\" sizes=\"(max-width: 320px) 100vw, 320px\" \/><figcaption id=\"caption-attachment-19741\" class=\"wp-caption-text\">Festival Internacional Cervantino (XLV). Compagnie Kagif.<\/figcaption><\/figure>\n<h3>El viernes 20<\/h3>\n<p>El <strong>Jard\u00edn de Esculturas<\/strong> ser\u00e1 el marco para la presentaci\u00f3n de la puesta esc\u00e9nica\u00a0Mart\u00ed: versos de Cuba, canciones de libertad, como parte del eje tem\u00e1tico Revoluciones. En el libro \u201cVersos Sencillos\u201d del cubano Jos\u00e9 Mart\u00ed (1853-1895) publicado en 1981, el m\u00fasico \u00d3scar G\u00f3mez encontr\u00f3 la inspiraci\u00f3n para crear este espect\u00e1culo que conjunta poes\u00eda, m\u00fasica y actuaci\u00f3n, con el fin de mostrar la dimensi\u00f3n po\u00e9tica, humana, pol\u00edtica y social del tambi\u00e9n fil\u00f3sofo y revolucionario. Bajo la direcci\u00f3n musical de Daniel Garc\u00eda Diego y la direcci\u00f3n esc\u00e9nica de Juan Carlos Mart\u00edn,\u00a0el montaje\u00a0cuenta con la participaci\u00f3n de ocho m\u00fasicos de distintas nacionalidades: Maureen Choi (viol\u00edn y teclado), Mario Carrillo (contrabajo), Diego Mendiboure (guitarra y tres cubano), Patxi Pascual (viento), Daniel Garc\u00eda Diego (piano) y Yuvisney Aguilar (percusi\u00f3n).<\/p>\n<figure id=\"attachment_19744\" aria-describedby=\"caption-attachment-19744\" style=\"width: 320px\" class=\"wp-caption alignnone\"><img loading=\"lazy\" class=\"size-medium wp-image-19744\" src=\"http:\/\/www.travelbymexico.com\/blog\/imgBase\/2017\/08\/marti-versos-de-cuba-320x279.jpg\" alt=\"Festival Internacional Cervantino (XLV). Mart\u00ed Versos de Cuba\" width=\"320\" height=\"279\" srcset=\"https:\/\/www.travelbymexico.com\/blog\/imgBase\/2017\/08\/marti-versos-de-cuba-320x279.jpg 320w, https:\/\/www.travelbymexico.com\/blog\/imgBase\/2017\/08\/marti-versos-de-cuba.jpg 480w\" sizes=\"(max-width: 320px) 100vw, 320px\" \/><figcaption id=\"caption-attachment-19744\" class=\"wp-caption-text\">Festival Internacional Cervantino (XLV). Mart\u00ed Versos de Cuba<\/figcaption><\/figure>\n<h3>Domingo 22<\/h3>\n<p>Los m\u00fasicos Maya Belsitzman y Matan Ephrat visitar\u00e1n \u00a0la <strong>Calzada de las Artes<\/strong>, quienes ejecutar\u00e1n temas originales y versiones adaptadas israel\u00edes, composiciones propias que se distinguen por su minimalismo, as\u00ed como temas modernos de autores variados, que van desde George Gershwin a Fito P\u00e1ez.<\/p>\n<figure id=\"attachment_19745\" aria-describedby=\"caption-attachment-19745\" style=\"width: 320px\" class=\"wp-caption alignnone\"><img loading=\"lazy\" class=\"size-medium wp-image-19745\" src=\"http:\/\/www.travelbymexico.com\/blog\/imgBase\/2017\/08\/Maya-Mathan-320x320.jpg\" alt=\"Festival Internacional Cervantino (XLV). Maya &amp; Mathan\" width=\"320\" height=\"320\" srcset=\"https:\/\/www.travelbymexico.com\/blog\/imgBase\/2017\/08\/Maya-Mathan-320x320.jpg 320w, https:\/\/www.travelbymexico.com\/blog\/imgBase\/2017\/08\/Maya-Mathan-150x150.jpg 150w, https:\/\/www.travelbymexico.com\/blog\/imgBase\/2017\/08\/Maya-Mathan-768x768.jpg 768w, https:\/\/www.travelbymexico.com\/blog\/imgBase\/2017\/08\/Maya-Mathan-640x640.jpg 640w, https:\/\/www.travelbymexico.com\/blog\/imgBase\/2017\/08\/Maya-Mathan.jpg 900w\" sizes=\"(max-width: 320px) 100vw, 320px\" \/><figcaption id=\"caption-attachment-19745\" class=\"wp-caption-text\">Festival Internacional Cervantino (XLV). Maya &amp; Mathan<\/figcaption><\/figure>\n<p>En la <strong>Sala principal del Teatro del Bicentenari<\/strong>o, tambi\u00e9n el domingo 22, podremos escuchar a la agrupaci\u00f3n h\u00fangara Romengo, reconocidos por su talentosa interpretaci\u00f3n de la m\u00fasica tradicional gitana, acompa\u00f1ados por la c\u00e9lebre cantante y bailarina M\u00f3nika Lakatos. En esta presentaci\u00f3n, que maracar\u00e1 su debut en M\u00e9xico, interpretar\u00e1n obras con viol\u00edn, guitarra, latas y enseres de madera, que lograr\u00e1n transmitir el profundo lamento de un pueblo en exilio, pero al mismo tiempo, la m\u00e1s genuina expresi\u00f3n de j\u00fabilo de los roman\u00edes.<\/p>\n<h3>Exposiciones<\/h3>\n<p>Finalmente, en materia de exposiciones, el <strong>Museo de Arte e Historia de Guanajuato<\/strong> se suma al FIC con dos muestras: Expresiones de un esp\u00edritu universal. La obra gr\u00e1fica de Rufino Tamayo con curadur\u00eda de Juan Carlos Pereda y acervo de la Fundaci\u00f3n Black Coffee Gallery y la obra del escultor mexicano Jorge Y\u00e1zpik integrado en el programa Arte Extramuros.<\/p>\n<p>Informaci\u00f3n e im\u00e1genes:<\/p>\n<p class=\"p2\"><span class=\"s1\">Con informaci\u00f3n e im\u00e1genes del<span class=\"Apple-converted-space\">\u00a0 Foro Cultural Guanajuato para la promoci\u00f3n tur\u00edstica de la entidad.<\/span><\/span><\/p>\n","protected":false},"excerpt":{"rendered":"<p>El Forum Cultural Guanajuato listo para recibir la edici\u00f3n XLV del Festival Internacional Cervantino. Del 11 al 29 de octubre<\/p>\n","protected":false},"author":2,"featured_media":19742,"comment_status":"closed","ping_status":"closed","sticky":false,"template":"","format":"standard","meta":[],"categories":[9,912],"tags":[10548,10547,10546,10549,10551,10550,10552],"_links":{"self":[{"href":"https:\/\/www.travelbymexico.com\/blog\/wp-json\/wp\/v2\/posts\/19739"}],"collection":[{"href":"https:\/\/www.travelbymexico.com\/blog\/wp-json\/wp\/v2\/posts"}],"about":[{"href":"https:\/\/www.travelbymexico.com\/blog\/wp-json\/wp\/v2\/types\/post"}],"author":[{"embeddable":true,"href":"https:\/\/www.travelbymexico.com\/blog\/wp-json\/wp\/v2\/users\/2"}],"replies":[{"embeddable":true,"href":"https:\/\/www.travelbymexico.com\/blog\/wp-json\/wp\/v2\/comments?post=19739"}],"version-history":[{"count":1,"href":"https:\/\/www.travelbymexico.com\/blog\/wp-json\/wp\/v2\/posts\/19739\/revisions"}],"predecessor-version":[{"id":19747,"href":"https:\/\/www.travelbymexico.com\/blog\/wp-json\/wp\/v2\/posts\/19739\/revisions\/19747"}],"wp:featuredmedia":[{"embeddable":true,"href":"https:\/\/www.travelbymexico.com\/blog\/wp-json\/wp\/v2\/media\/19742"}],"wp:attachment":[{"href":"https:\/\/www.travelbymexico.com\/blog\/wp-json\/wp\/v2\/media?parent=19739"}],"wp:term":[{"taxonomy":"category","embeddable":true,"href":"https:\/\/www.travelbymexico.com\/blog\/wp-json\/wp\/v2\/categories?post=19739"},{"taxonomy":"post_tag","embeddable":true,"href":"https:\/\/www.travelbymexico.com\/blog\/wp-json\/wp\/v2\/tags?post=19739"}],"curies":[{"name":"wp","href":"https:\/\/api.w.org\/{rel}","templated":true}]}}