{"id":19730,"date":"2017-08-07T13:01:24","date_gmt":"2017-08-07T18:01:24","guid":{"rendered":"http:\/\/www.travelbymexico.com\/blog\/?p=19730"},"modified":"2017-08-07T13:01:24","modified_gmt":"2017-08-07T18:01:24","slug":"unam-alumnos-extranjeros","status":"publish","type":"post","link":"https:\/\/www.travelbymexico.com\/blog\/19730-unam-alumnos-extranjeros\/","title":{"rendered":"UNAM inicia ciclo escolar y recibe a 486 alumnos extranjeros de 33 pa\u00edses"},"content":{"rendered":"<h2><span style=\"font-weight: 400;\">La Universidad Nacional Aut\u00f3noma de M\u00e9xico, UNAM, ser\u00e1 la casa de estudios de estos alumnos, donde se les ha dado la bienvenida.<\/span><\/h2>\n<p><span style=\"font-weight: 400;\">Durante el periodo escolar que inici\u00f3 este lunes, <strong>la UNAM ser\u00e1 la casa de estudios de 486 alumnos extranjeros pertenecientes a 150 instituciones de educaci\u00f3n superior de 33 pa\u00edses.\u00a0<\/strong>Y es que el inter\u00e9s de estudiantes extranjeros para estudiar en <a href=\"http:\/\/www.travelbymexico.com\/ciudaddemexico\/atractivos\/?nom=kdfeunam&amp;don=0\"><strong>Ciudad Universitaria<\/strong><\/a> crece d\u00eda con d\u00eda.<\/span><\/p>\n<p><span style=\"font-weight: 400;\">Los alumnos originarios de <strong>Colombia, Per\u00fa, Estados Unidos, Espa\u00f1a, Alemania, Francia, Jap\u00f3n, China, Ecuador, Chile, Taiw\u00e1n y Singapur<\/strong>, entre otros, <strong>estudiar\u00e1n en 28 entidades acad\u00e9micas de la UNAM<\/strong>.<\/span><\/p>\n<p><span style=\"font-weight: 400;\">La bienvenida al ciclo escolar 2018-1 se realiz\u00f3 en el auditorio <strong>Dr. Raoul Fournier de la Facultad de Medicina<\/strong>, a trav\u00e9s de la Coordinaci\u00f3n de Relaciones y Asuntos Internacionales y de la Direcci\u00f3n General de Cooperaci\u00f3n e Internacionalizaci\u00f3n de la casa de estudios.<\/span><\/p>\n<h3>Ciencias Pol\u00edticas y Filosof\u00eda las carreras con mayor cantidad de alumnos<\/h3>\n<p><span style=\"font-weight: 400;\">De acuerdo con <strong>UNAM Global<\/strong>, la mayor\u00eda de estos alumnos estar\u00e1n en la <strong>Facultad de Ciencias Pol\u00edticas y Sociales (FCPyS)<\/strong>, la cual contar\u00e1 con 117 estudiantes, mientras que <strong>la Facultad de Filosof\u00eda y Letras (FFyL) albergar\u00e1 a 109<\/strong>.<\/span><\/p>\n<p><span style=\"font-weight: 400;\">Uno de los 117 alumnos que estar\u00e1 en <strong>FCPyS es Milver Elener \u00c1valos, de la Universidad de Trujillo de Per\u00fa, el cual estudiar\u00e1 Ciencias de la Comunicaci\u00f3n<\/strong>, y quien se dijo emocionado por iniciar este ciclo, donde la gente lo ha hecho sentir como en casa.<\/span><\/p>\n<p><span style=\"font-weight: 400;\">Otra alumna que encontr\u00f3 cabida en la universidad con 106 a\u00f1os de historia, es <strong>Valentina Forero, de Colombia, quien estudiar\u00e1 cine en el Centro Universitario de Estudios Cinematogr\u00e1ficos (CUEC)<\/strong>, misma que se dijo privilegiada por haber sido aceptada, puesto que la competencia en el pa\u00eds cafetalero para venir a M\u00e9xico es muy re\u00f1ida.<\/span><\/p>\n<p><span style=\"font-weight: 400;\">Durante su estancia, <strong>los estudiantes extranjeros contar\u00e1n con la compa\u00f1\u00eda y apoyo de un alumno perteneciente al programa UNAMigo<\/strong>, quien lo ayudar\u00e1 a acoplarse y a resolver dudas que surjan.<\/span><\/p>\n<p>&nbsp;<\/p>\n","protected":false},"excerpt":{"rendered":"<p>La Universidad Nacional Aut\u00f3noma de M\u00e9xico, UNAM, ser\u00e1 la casa de estudios de estos alumnos, donde se les ha dado<\/p>\n","protected":false},"author":88889,"featured_media":19731,"comment_status":"closed","ping_status":"closed","sticky":false,"template":"","format":"standard","meta":[],"categories":[912],"tags":[10541,7955,1236,4933],"_links":{"self":[{"href":"https:\/\/www.travelbymexico.com\/blog\/wp-json\/wp\/v2\/posts\/19730"}],"collection":[{"href":"https:\/\/www.travelbymexico.com\/blog\/wp-json\/wp\/v2\/posts"}],"about":[{"href":"https:\/\/www.travelbymexico.com\/blog\/wp-json\/wp\/v2\/types\/post"}],"author":[{"embeddable":true,"href":"https:\/\/www.travelbymexico.com\/blog\/wp-json\/wp\/v2\/users\/88889"}],"replies":[{"embeddable":true,"href":"https:\/\/www.travelbymexico.com\/blog\/wp-json\/wp\/v2\/comments?post=19730"}],"version-history":[{"count":1,"href":"https:\/\/www.travelbymexico.com\/blog\/wp-json\/wp\/v2\/posts\/19730\/revisions"}],"predecessor-version":[{"id":19732,"href":"https:\/\/www.travelbymexico.com\/blog\/wp-json\/wp\/v2\/posts\/19730\/revisions\/19732"}],"wp:featuredmedia":[{"embeddable":true,"href":"https:\/\/www.travelbymexico.com\/blog\/wp-json\/wp\/v2\/media\/19731"}],"wp:attachment":[{"href":"https:\/\/www.travelbymexico.com\/blog\/wp-json\/wp\/v2\/media?parent=19730"}],"wp:term":[{"taxonomy":"category","embeddable":true,"href":"https:\/\/www.travelbymexico.com\/blog\/wp-json\/wp\/v2\/categories?post=19730"},{"taxonomy":"post_tag","embeddable":true,"href":"https:\/\/www.travelbymexico.com\/blog\/wp-json\/wp\/v2\/tags?post=19730"}],"curies":[{"name":"wp","href":"https:\/\/api.w.org\/{rel}","templated":true}]}}