{"id":19727,"date":"2017-08-07T12:32:52","date_gmt":"2017-08-07T17:32:52","guid":{"rendered":"http:\/\/www.travelbymexico.com\/blog\/?p=19727"},"modified":"2017-08-07T12:32:52","modified_gmt":"2017-08-07T17:32:52","slug":"chicharito-andrea-duro","status":"publish","type":"post","link":"https:\/\/www.travelbymexico.com\/blog\/19727-chicharito-andrea-duro\/","title":{"rendered":"Chicharito Hern\u00e1ndez y Andrea Duro son novios y est\u00e1n felices"},"content":{"rendered":"<h2><span style=\"font-weight: 400;\">Hace unos d\u00edas trascendi\u00f3 que <strong>Javier Hern\u00e1ndez, Chicharito, y Andrea Duro, se coqueteaban en redes, pero luego se confirm\u00f3 el noviazgo<\/strong>.<\/span><\/h2>\n<p><span style=\"font-weight: 400;\">Comenz\u00f3 como una propuesta de amistad de\u00a0<strong>Chicharito<\/strong>\u00a0a <\/span><b>Andrea Duro<\/b><span style=\"font-weight: 400;\"> a trav\u00e9s de <strong>Instagram<\/strong>, con su mensaje &#8220;hola, quiero conocerte, \u00bfme dejas?&#8221;. Despu\u00e9s la historia continu\u00f3 con mensajes intercambiados en la misma red social.<\/span><\/p>\n<p><span style=\"font-weight: 400;\">Apenas este fin de semana la actriz espa\u00f1ola presumi\u00f3 con sus seguidores un ramo de rosas amarillas, <strong>en una de las im\u00e1genes el deportista no dud\u00f3 en comentar y, por supuesto, ella respondi\u00f3<\/strong>.<\/span><\/p>\n<p><span style=\"font-weight: 400;\"><em>&#8220;\u00bfQue bonitas flores las de atr\u00e1s, no?&#8221;<\/em>, escribi\u00f3 <strong>Chicharito<\/strong>. A lo que la actriz respondi\u00f3: <em>&#8220;\u00bfTe gustan? Igual conoces a la persona que me las ha enviado&#8221;<\/em>.<\/span><\/p>\n<div class=\"fitvids-video\">\n<blockquote class=\"instagram-media\" data-instgrm-captioned data-instgrm-version=\"7\" style=\" background:#FFF; border:0; border-radius:3px; box-shadow:0 0 1px 0 rgba(0,0,0,0.5),0 1px 10px 0 rgba(0,0,0,0.15); margin: 1px; max-width:658px; padding:0; width:99.375%; width:-webkit-calc(100% - 2px); width:calc(100% - 2px);\">\n<div style=\"padding:8px;\">\n<div style=\" background:#F8F8F8; line-height:0; margin-top:40px; padding:62.5% 0; text-align:center; width:100%;\">\n<div style=\" background:url(data:image\/png;base64,iVBORw0KGgoAAAANSUhEUgAAACwAAAAsCAMAAAApWqozAAAABGdBTUEAALGPC\/xhBQAAAAFzUkdCAK7OHOkAAAAMUExURczMzPf399fX1+bm5mzY9AMAAADiSURBVDjLvZXbEsMgCES5\/P8\/t9FuRVCRmU73JWlzosgSIIZURCjo\/ad+EQJJB4Hv8BFt+IDpQoCx1wjOSBFhh2XssxEIYn3ulI\/6MNReE07UIWJEv8UEOWDS88LY97kqyTliJKKtuYBbruAyVh5wOHiXmpi5we58Ek028czwyuQdLKPG1Bkb4NnM+VeAnfHqn1k4+GPT6uGQcvu2h2OVuIf\/gWUFyy8OWEpdyZSa3aVCqpVoVvzZZ2VTnn2wU8qzVjDDetO90GSy9mVLqtgYSy231MxrY6I2gGqjrTY0L8fxCxfCBbhWrsYYAAAAAElFTkSuQmCC); display:block; height:44px; margin:0 auto -44px; position:relative; top:-22px; width:44px;\"><\/div>\n<\/div>\n<p style=\" margin:8px 0 0 0; padding:0 4px;\"> <a href=\"https:\/\/www.instagram.com\/p\/BXIKgrCAgu2\/\" style=\" color:#000; font-family:Arial,sans-serif; font-size:14px; font-style:normal; font-weight:normal; line-height:17px; text-decoration:none; word-wrap:break-word;\" target=\"_blank\">Saturdazed \u26a1 @swarovski @marcolin_eyewear #gafas<\/a><\/p>\n<p style=\" color:#c9c8cd; font-family:Arial,sans-serif; font-size:14px; line-height:17px; margin-bottom:0; margin-top:8px; overflow:hidden; padding:8px 0 7px; text-align:center; text-overflow:ellipsis; white-space:nowrap;\">A post shared by Andrea Duro (@andreaduro) on <time style=\" font-family:Arial,sans-serif; font-size:14px; line-height:17px;\" datetime=\"2017-07-29T10:44:05+00:00\">Jul 29, 2017 at 3:44am PDT<\/time><\/p>\n<\/div>\n<\/blockquote>\n<p><script async defer src=\"\/\/platform.instagram.com\/en_US\/embeds.js\"><\/script><\/div>\n<p><span style=\"font-weight: 400;\">El coqueteo paso despu\u00e9s a <strong>Instagram Stories<\/strong>, donde <strong>Andrea<\/strong> subi\u00f3 un video en compa\u00f1\u00eda de una amiga bromeando y comparado la comida con el mexicano.<\/span><\/p>\n<p><span style=\"font-weight: 400;\"><em>&#8220;Estos crep\u00e9s est\u00e1n tan buenos como <strong>Javier Hern\u00e1ndez<\/strong>&#8220;<\/em>, dice la actriz, asimismo se puede ver como <strong>menciona al futbolista y le a\u00f1ade un &#8220;igual de bueno que t\u00fa&#8221; junto a un coraz\u00f3n<\/strong>.<\/span><\/p>\n<p><span style=\"font-weight: 400;\">La historia fue capturada por<strong> Chicharito y a trav\u00e9s de la misma red comparti\u00f3 la publicaci\u00f3n de Andrea acompa\u00f1ada de un emoji enamorado<\/strong>.<\/span><\/p>\n<p>https:\/\/www.instagram.com\/p\/BXVS3B-g5-k\/?taken-by=andreaduro<\/p>\n<p>https:\/\/www.instagram.com\/p\/BXYGZpcgbtX\/?taken-by=andreaduro<\/p>\n<h3>Chicharito confirma que s\u00ed son novios<\/h3>\n<p><span style=\"font-weight: 400;\">La vida amorosa del futbolista nacido en <a href=\"http:\/\/www.travelbymexico.com\/guadalajara\/index.php\"><strong>Guadalajara, Jalisco<\/strong><\/a>, ha dado un gran cambio en el \u00faltimo a\u00f1o, <strong>despu\u00e9s de romper su compromiso con <\/strong><\/span><strong>Luc\u00eda Villal\u00f3n y empezar una breve relaci\u00f3n con Camila Sodi<\/strong><b>,\u00a0<\/b>por fin se anim\u00f3 a declarar su relaci\u00f3n con <strong>Andrea Duro<\/strong>.<\/p>\n<p>Ambos publicaron la misma imagen en las redes sociales, y\u00a0<strong>Hern\u00e1ndez<\/strong> coment\u00f3 en <strong>Instaram<\/strong>: &#8220;Pensar\u00e1n y dir\u00e1n lo que quieran \u200d\u2642\ufe0f&#8230; Pero hay algo muy claro, no puedo dejar de verla&#8230; \u2764\ufe0f\u00a0#imsorry\u00a0#feliz&#8221;<\/p>\n<p>https:\/\/www.instagram.com\/p\/BXeJE_hF5b6\/?taken-by=ch14_instagram<\/p>\n<p><b>\u00bfQui\u00e9n es Andrea Duro?<\/b><\/p>\n<p><b>Andrea Duro Flores<\/b>\u00a0naci\u00f3 en <strong>Madrid, Espa\u00f1a<\/strong>, el 14 de octubre\u00a0de\u00a01991. Es una\u00a0<strong>actriz\u00a0espa\u00f1ola conocida principalmente por su participaci\u00f3n en series de televisi\u00f3n<\/strong> de gran audiencia como\u00a0<strong><i>F\u00edsica o Qu\u00edmica<\/i>\u00a0y\u00a0<i>Amar es para siempre<\/i>.<\/strong>\u00a0<strong>Para\u00a02017\u00a0est\u00e1 previsto que estrene la serie\u00a0<i>La catedral del Mar<\/i><\/strong>\u00a0que se encuentra actualmente en per\u00edodo de grabaci\u00f3n.<\/p>\n<p>&nbsp;<\/p>\n","protected":false},"excerpt":{"rendered":"<p>Hace unos d\u00edas trascendi\u00f3 que Javier Hern\u00e1ndez, Chicharito, y Andrea Duro, se coqueteaban en redes, pero luego se confirm\u00f3 el<\/p>\n","protected":false},"author":88889,"featured_media":19728,"comment_status":"closed","ping_status":"closed","sticky":false,"template":"","format":"standard","meta":[],"categories":[10],"tags":[10539,10538,464,10537,2435,10540],"_links":{"self":[{"href":"https:\/\/www.travelbymexico.com\/blog\/wp-json\/wp\/v2\/posts\/19727"}],"collection":[{"href":"https:\/\/www.travelbymexico.com\/blog\/wp-json\/wp\/v2\/posts"}],"about":[{"href":"https:\/\/www.travelbymexico.com\/blog\/wp-json\/wp\/v2\/types\/post"}],"author":[{"embeddable":true,"href":"https:\/\/www.travelbymexico.com\/blog\/wp-json\/wp\/v2\/users\/88889"}],"replies":[{"embeddable":true,"href":"https:\/\/www.travelbymexico.com\/blog\/wp-json\/wp\/v2\/comments?post=19727"}],"version-history":[{"count":1,"href":"https:\/\/www.travelbymexico.com\/blog\/wp-json\/wp\/v2\/posts\/19727\/revisions"}],"predecessor-version":[{"id":19729,"href":"https:\/\/www.travelbymexico.com\/blog\/wp-json\/wp\/v2\/posts\/19727\/revisions\/19729"}],"wp:featuredmedia":[{"embeddable":true,"href":"https:\/\/www.travelbymexico.com\/blog\/wp-json\/wp\/v2\/media\/19728"}],"wp:attachment":[{"href":"https:\/\/www.travelbymexico.com\/blog\/wp-json\/wp\/v2\/media?parent=19727"}],"wp:term":[{"taxonomy":"category","embeddable":true,"href":"https:\/\/www.travelbymexico.com\/blog\/wp-json\/wp\/v2\/categories?post=19727"},{"taxonomy":"post_tag","embeddable":true,"href":"https:\/\/www.travelbymexico.com\/blog\/wp-json\/wp\/v2\/tags?post=19727"}],"curies":[{"name":"wp","href":"https:\/\/api.w.org\/{rel}","templated":true}]}}