{"id":19662,"date":"2017-08-03T13:49:58","date_gmt":"2017-08-03T18:49:58","guid":{"rendered":"http:\/\/www.travelbymexico.com\/blog\/?p=19662"},"modified":"2017-08-03T13:49:58","modified_gmt":"2017-08-03T18:49:58","slug":"queretaro-sede-hay-festival","status":"publish","type":"post","link":"https:\/\/www.travelbymexico.com\/blog\/19662-queretaro-sede-hay-festival\/","title":{"rendered":"Quer\u00e9taro ser\u00e1 sede del Hay Festival 2017 del 7 al 10 de septiembre"},"content":{"rendered":"<h2><span style=\"font-weight: 400;\">Hay Festival integra temas diversos para todo p\u00fablico: literatura, periodismo, cine activismo y mucho m\u00e1s.<\/span><\/h2>\n<p><span style=\"font-weight: 400;\"><strong>Del 7 al 10 de septiembre pr\u00f3ximos<\/strong>, <a href=\"http:\/\/www.travelbymexico.com\/queretaro\/index.php\">Quer\u00e9taro<\/a> <strong>ser\u00e1 el escenario del<\/strong> <strong>Hay Festival 2017<\/strong>, en el que converger\u00e1n personajes destacados en los \u00e1mbitos de literatura, periodismo y activismo, entre otras disciplinas. <\/span><\/p>\n<p><span style=\"font-weight: 400;\">Se abordar\u00e1n temas relacionados con el cambio clim\u00e1tico y las particularidades de ejercer el periodismo y la participaci\u00f3n ciudadana en el pa\u00eds. <\/span><\/p>\n<h3><span style=\"font-weight: 400;\">La directora para <strong>Am\u00e9rica Latina<\/strong> de <strong>Hay Festival<\/strong>, <strong>Cristina Fuentes<\/strong>, coment\u00f3 que se pretende que <strong>Quer\u00e9taro sea la sede fija en el largo plazo gracias a su log\u00edstica y conectividad<\/strong> con otras ciudades del pa\u00eds.<\/span><\/h3>\n<p><span style=\"font-weight: 400;\">La octava edici\u00f3n del <strong>Hay Festival Quer\u00e9taro 2017 contar\u00e1 con la participaci\u00f3n de m\u00e1s de 100 invitados procedentes de diferentes disciplinas y pa\u00edses<\/strong>; como los escritores <strong>Guillermo Arriaga, C\u00e9sar Aira, Hanif Kureishi, Lionel Shriver, H\u00e9ctor Abad y N\u00e9lida Pi\u00f1\u00f3n<\/strong>, entre otros. <\/span><\/p>\n<p><span style=\"font-weight: 400;\">Adem\u00e1s de <strong>premios Nobel de la Paz como Jody Williams y Rajendra Pachauri<\/strong>; <strong>activistas como Nadya Tolokno, Pussy Riot, Lydia Cacho y Mar\u00eda de Jes\u00fas Patricio Mart\u00ednez<\/strong>; participar\u00e1n pensadores como <strong>David Rieff, Enrique Krauze y Jos\u00e9 Woldenberg. <\/strong><\/span><\/p>\n<p><span style=\"font-weight: 400;\">Los <strong>periodistas Jon Lee Anderson, \u00d3scar Mart\u00ednez y Mark Thompson<\/strong>, los <strong>cient\u00edficos Julia Carabias y Maria Teresa Ruiz<\/strong>; <strong>historiadores como Simon Sebag, Andrea Wulf y Norman Ohler<\/strong>, as\u00ed como los <strong>m\u00fasicos James Rhodes, Hayd\u00e9e Milan\u00e9s y Systema Solar<\/strong>, por mencionar a algunos. <\/span><\/p>\n<p><span style=\"font-weight: 400;\">Adem\u00e1s, la programaci\u00f3n incluye a ni\u00f1as y ni\u00f1os con la celebraci\u00f3n del <strong>Hay Festivalito<\/strong>, en el que habr\u00e1 <strong>actividades organizadas en casas hogar de la ciudad de Quer\u00e9taro<\/strong>.<\/span><\/p>\n<p><span style=\"font-weight: 400;\">En tanto que <strong>Hay Joven<\/strong>, <strong>a celebrarse en universidades de la entidad<\/strong>, contar\u00e1 con diversas actividades para los estudiantes universitarios. <\/span><\/p>\n<p><span style=\"font-weight: 400;\">El programa presencial del festival se ver\u00e1 acompa\u00f1ado por el contenido digital que producir\u00e1 <strong>BBC Mundo<\/strong>, con lo que se podr\u00e1 contar con transmisiones v\u00eda Internet. <\/span><\/p>\n<p><span style=\"font-weight: 400;\">El director de <strong>Artes del British Council M\u00e9xico<\/strong>, <strong>Edgardo Bermejo<\/strong>, subray\u00f3 que durante este festival se presentar\u00e1 por primera vez el proyecto<strong> Transmedia Boarders<\/strong>, una <strong>iniciativa multidisciplinaria en la que poetas, artistas visuales y sonoros<\/strong> producir\u00e1n trabajo multimedia para hablar de temas referentes a la defensa de la libertad en las fronteras del mundo. <\/span><\/p>\n<p>&nbsp;<\/p>\n<p>&nbsp;<\/p>\n","protected":false},"excerpt":{"rendered":"<p>Hay Festival integra temas diversos para todo p\u00fablico: literatura, periodismo, cine activismo y mucho m\u00e1s. Del 7 al 10 de<\/p>\n","protected":false},"author":88889,"featured_media":19663,"comment_status":"closed","ping_status":"closed","sticky":false,"template":"","format":"standard","meta":[],"categories":[9],"tags":[10523,1075],"_links":{"self":[{"href":"https:\/\/www.travelbymexico.com\/blog\/wp-json\/wp\/v2\/posts\/19662"}],"collection":[{"href":"https:\/\/www.travelbymexico.com\/blog\/wp-json\/wp\/v2\/posts"}],"about":[{"href":"https:\/\/www.travelbymexico.com\/blog\/wp-json\/wp\/v2\/types\/post"}],"author":[{"embeddable":true,"href":"https:\/\/www.travelbymexico.com\/blog\/wp-json\/wp\/v2\/users\/88889"}],"replies":[{"embeddable":true,"href":"https:\/\/www.travelbymexico.com\/blog\/wp-json\/wp\/v2\/comments?post=19662"}],"version-history":[{"count":1,"href":"https:\/\/www.travelbymexico.com\/blog\/wp-json\/wp\/v2\/posts\/19662\/revisions"}],"predecessor-version":[{"id":19664,"href":"https:\/\/www.travelbymexico.com\/blog\/wp-json\/wp\/v2\/posts\/19662\/revisions\/19664"}],"wp:featuredmedia":[{"embeddable":true,"href":"https:\/\/www.travelbymexico.com\/blog\/wp-json\/wp\/v2\/media\/19663"}],"wp:attachment":[{"href":"https:\/\/www.travelbymexico.com\/blog\/wp-json\/wp\/v2\/media?parent=19662"}],"wp:term":[{"taxonomy":"category","embeddable":true,"href":"https:\/\/www.travelbymexico.com\/blog\/wp-json\/wp\/v2\/categories?post=19662"},{"taxonomy":"post_tag","embeddable":true,"href":"https:\/\/www.travelbymexico.com\/blog\/wp-json\/wp\/v2\/tags?post=19662"}],"curies":[{"name":"wp","href":"https:\/\/api.w.org\/{rel}","templated":true}]}}