{"id":19659,"date":"2017-08-03T13:03:17","date_gmt":"2017-08-03T18:03:17","guid":{"rendered":"http:\/\/www.travelbymexico.com\/blog\/?p=19659"},"modified":"2017-08-03T16:11:35","modified_gmt":"2017-08-03T21:11:35","slug":"veronica-castro-serie-netflix","status":"publish","type":"post","link":"https:\/\/www.travelbymexico.com\/blog\/19659-veronica-castro-serie-netflix\/","title":{"rendered":"Ver\u00f3nica Castro regresa a la pantalla chica en serie original de Netflix"},"content":{"rendered":"<h2><span style=\"font-weight: 400;\">Ver\u00f3nica Castro regresa a la televisi\u00f3n: La ver\u00e1s en la serie &#8220;La casa de las flores&#8221; por Netflix.<\/span><\/h2>\n<p><span style=\"font-weight: 400;\">Se trata de una de las figuras m\u00e1s recordadas en la televisi\u00f3n mexicana, y ahora <strong>Ver\u00f3nica Castro es parte de la oferta de la plataforma de contenido en l\u00ednea m\u00e1s exitosa: Netflix.<\/strong><\/span><\/p>\n<p><span style=\"font-weight: 400;\">En lo que ser\u00e1 su regreso a la televisi\u00f3n, <strong>Ver\u00f3nica Castro<\/strong> asegur\u00f3 sentirse transformada con su participaci\u00f3n en <strong>la serie original &#8220;La casa de las flores&#8221;, que estar\u00e1 disponible en la plataforma en 2018<\/strong>. <\/span><\/p>\n<p><span style=\"font-weight: 400;\">La actriz, cantante y presentadora mexicana acudi\u00f3 a la Alfombra Roja con un c\u00f3ctel de celebraci\u00f3n de <strong>Netflix<\/strong>, donde se reunieron actores de las series originales nacionales y extranjeros.<\/span><\/p>\n<p><span style=\"font-weight: 400;\"><strong>Se le vio emocionada y dispuesta para hablar con los medios de comunicaci\u00f3n<\/strong>, \u00bfy c\u00f3mo no? Se trata de una gran oportunidad para mantenerse vigente.<\/span><\/p>\n<p>\u00a1Mira el trailer oficial aqu\u00ed!<\/p>\n<div class=\"fitvids-video\"><iframe width=\"800\" height=\"450\" src=\"https:\/\/www.youtube.com\/embed\/DjcFvXfyydU?feature=oembed\" frameborder=\"0\" allowfullscreen><\/iframe><\/div>\n<p><span style=\"font-weight: 400;\"><strong>Castro<\/strong> asegur\u00f3 que <strong>Manolo Caro<\/strong>, el director de <strong>&#8220;La casa de las flores&#8221;<\/strong>, fue el responsable de su regreso a la pantalla por la garant\u00eda de su trabajo, adem\u00e1s de que le apoya a sentirse tranquila y a gusto. <\/span><\/p>\n<blockquote><p><span style=\"font-weight: 400;\">\u00c9l todav\u00eda me ha bajado mucho m\u00e1s mi estr\u00e9s, mis problemas mentales, la edad y todo eso, estoy relajada, tranquila y todo est\u00e1 bien.<\/span><\/p><\/blockquote>\n<p><span style=\"font-weight: 400;\"><em>&#8220;Manolo est\u00e1 haciendo conmigo lo que nadie hizo, soy otra persona que nunca me imagin\u00e9 ser en la vida y s\u00ed me siento transformada, soy otra persona, lo cual le agradezco porque los actores siempre buscamos oportunidades diferentes y \u00e9l me la dio&#8221;<\/em>, dijo <strong>Ver\u00f3nica Castro<\/strong>.<\/span><\/p>\n<p><span style=\"font-weight: 400;\">Tampoco pod\u00edan faltar las preguntas sobre el reciente divorcio de su hijo <strong>Cristian Castro<\/strong>, apenas un mes de casarse, ante lo cual coment\u00f3: <em>&#8220;Si est\u00e1 feliz y eso le hace feliz, eso me hace feliz&#8221;<\/em>. <\/span><\/p>\n<p><span style=\"font-weight: 400;\">Por su parte, <strong>Manolo Caro<\/strong> dijo que traer de regreso a <strong>Ver\u00f3nica Castro<\/strong> a la televisi\u00f3n no fue f\u00e1cil, pero <em>&#8220;es una mujer muy inteligente que sab\u00eda que era el momento de regresar, de reinventarse con una plataforma como <strong>Netflix<\/strong>&#8220;<\/em>.<\/span><\/p>\n<p>&nbsp;<\/p>\n<p>&nbsp;<\/p>\n<p>&nbsp;<\/p>\n","protected":false},"excerpt":{"rendered":"<p>Ver\u00f3nica Castro regresa a la televisi\u00f3n: La ver\u00e1s en la serie &#8220;La casa de las flores&#8221; por Netflix. Se trata<\/p>\n","protected":false},"author":88889,"featured_media":19668,"comment_status":"closed","ping_status":"closed","sticky":false,"template":"","format":"standard","meta":[],"categories":[10514],"tags":[10522,10521,10520],"_links":{"self":[{"href":"https:\/\/www.travelbymexico.com\/blog\/wp-json\/wp\/v2\/posts\/19659"}],"collection":[{"href":"https:\/\/www.travelbymexico.com\/blog\/wp-json\/wp\/v2\/posts"}],"about":[{"href":"https:\/\/www.travelbymexico.com\/blog\/wp-json\/wp\/v2\/types\/post"}],"author":[{"embeddable":true,"href":"https:\/\/www.travelbymexico.com\/blog\/wp-json\/wp\/v2\/users\/88889"}],"replies":[{"embeddable":true,"href":"https:\/\/www.travelbymexico.com\/blog\/wp-json\/wp\/v2\/comments?post=19659"}],"version-history":[{"count":1,"href":"https:\/\/www.travelbymexico.com\/blog\/wp-json\/wp\/v2\/posts\/19659\/revisions"}],"predecessor-version":[{"id":19661,"href":"https:\/\/www.travelbymexico.com\/blog\/wp-json\/wp\/v2\/posts\/19659\/revisions\/19661"}],"wp:featuredmedia":[{"embeddable":true,"href":"https:\/\/www.travelbymexico.com\/blog\/wp-json\/wp\/v2\/media\/19668"}],"wp:attachment":[{"href":"https:\/\/www.travelbymexico.com\/blog\/wp-json\/wp\/v2\/media?parent=19659"}],"wp:term":[{"taxonomy":"category","embeddable":true,"href":"https:\/\/www.travelbymexico.com\/blog\/wp-json\/wp\/v2\/categories?post=19659"},{"taxonomy":"post_tag","embeddable":true,"href":"https:\/\/www.travelbymexico.com\/blog\/wp-json\/wp\/v2\/tags?post=19659"}],"curies":[{"name":"wp","href":"https:\/\/api.w.org\/{rel}","templated":true}]}}