{"id":19656,"date":"2017-08-03T12:35:48","date_gmt":"2017-08-03T17:35:48","guid":{"rendered":"http:\/\/www.travelbymexico.com\/blog\/?p=19656"},"modified":"2017-08-03T12:35:48","modified_gmt":"2017-08-03T17:35:48","slug":"ciudad-de-mexico-mundial-2026","status":"publish","type":"post","link":"https:\/\/www.travelbymexico.com\/blog\/19656-ciudad-de-mexico-mundial-2026\/","title":{"rendered":"Ciudad de M\u00e9xico presenta candidatura para organizar el Mundial 2026"},"content":{"rendered":"<h2><span style=\"font-weight: 400;\">Es oficial, la Ciudad de M\u00e9xico tiene el aval del gobierno capitalino para buscar la candidatura de la Copa Mundial de la FIFA 2026.<\/span><\/h2>\n<p><span style=\"font-weight: 400;\"><strong>La <a href=\"http:\/\/www.travelbymexico.com\/ciudaddemexico\/index.php\">Ciudad de M\u00e9xico<\/a> ha sido sede de dos mundiales de futbol<\/strong>, \u00bfas\u00ed que por qu\u00e9 no una tercera vez? Aunque en esta ocasi\u00f3n se pretende <strong>organizar de manera conjunta con Estados Unidos, Canad\u00e1<\/strong>.<\/span><\/p>\n<p><span style=\"font-weight: 400;\">El d\u00eda de hoy, directivos de la <strong>Federaci\u00f3n Mexicana de Futbol (FMF)<\/strong> visitaron al jefe de Gobierno de la ciudad, <strong>Miguel \u00c1ngel Mancera<\/strong>, para oficializar la candidatura de la capital como sede de la <strong>Copa Mundial de la FIFA 2026<\/strong>.<\/span><\/p>\n<p><span style=\"font-weight: 400;\"><strong>M\u00e9xico, Estados Unidos y Canad\u00e1<\/strong> declararon el pasado 10 de abril en la ciudad de <strong>Nueva York<\/strong>, su intenci\u00f3n de presentar una candidatura conjunta para ser sedes de la justa deportiva m\u00e1s importante de este deporte.<\/span><\/p>\n<p><span style=\"font-weight: 400;\"><em>&#8220;Los tres pa\u00edses buscan la colaboraci\u00f3n de todos sus niveles de gobierno, la comunidad de negocios y la comunidad del f\u00fatbol para lograr su objetivo&#8221;<\/em>, se\u00f1al\u00f3 la <strong>FMF<\/strong> en un comunicado.<\/span><\/p>\n<h3>El objetivo es lograr la candidatura, y que la inauguraci\u00f3n del Mundial 2026 sea en Ciudad de M\u00e9xico.<\/h3>\n<p><span style=\"font-weight: 400;\">El secretario general de la <strong>FMF, Guillermo Cant\u00fa<\/strong>, asegur\u00f3 que a\u00fan cuando solo<strong> 10 de los 60 partidos ser\u00e1n en M\u00e9xico<\/strong>, <strong>ellos buscar\u00edan que la inauguraci\u00f3n sea en el Estadio Azteca<\/strong>.<\/span><\/p>\n<p><span style=\"font-weight: 400;\">Se deber\u00e1n a\u00f1adir otras ciudades que a\u00fan no son reveladas, aunque se especula que el <strong>Estadio BBVA en Monterrey<\/strong> y el <strong>Estadio Chivas en Guadalajara<\/strong> son dos inmuebles perfilados para sumarse a la candidatura.<\/span><\/p>\n<p><span style=\"font-weight: 400;\">Los tres pa\u00edses buscan la colaboraci\u00f3n de todos sus niveles de gobierno, estableciendo como <strong>fecha l\u00edmite el 16 de marzo de 2018 para la presentaci\u00f3n de la candidatura formal<\/strong>.<\/span><\/p>\n<p><span style=\"font-weight: 400;\">En el evento de este jueves tambi\u00e9n estuvieron presentes el director de la candidatura por parte de <strong>M\u00e9xico<\/strong> y ejecutivo de <strong>Televisa<\/strong> y el <strong>Am\u00e9rica<\/strong>, <strong>Yon de Luisa<\/strong>, as\u00ed como el director del <strong>Instituto del Deporte de la Ciudad de M\u00e9xico<\/strong>, <strong>Horacio de la Vega<\/strong>, adem\u00e1s del director de <strong>Asuntos Internacionales de la FMF<\/strong>, <strong>\u00cd\u00f1igo Riestra<\/strong>.<\/span><\/p>\n<p>&nbsp;<\/p>\n<p>&nbsp;<\/p>\n<p>&nbsp;<\/p>\n<p>&nbsp;<\/p>\n<p>&nbsp;<\/p>\n<p>&nbsp;<\/p>\n","protected":false},"excerpt":{"rendered":"<p>Es oficial, la Ciudad de M\u00e9xico tiene el aval del gobierno capitalino para buscar la candidatura de la Copa Mundial<\/p>\n","protected":false},"author":88889,"featured_media":19657,"comment_status":"closed","ping_status":"closed","sticky":false,"template":"","format":"standard","meta":[],"categories":[10],"tags":[318,7777,10518,10519,818],"_links":{"self":[{"href":"https:\/\/www.travelbymexico.com\/blog\/wp-json\/wp\/v2\/posts\/19656"}],"collection":[{"href":"https:\/\/www.travelbymexico.com\/blog\/wp-json\/wp\/v2\/posts"}],"about":[{"href":"https:\/\/www.travelbymexico.com\/blog\/wp-json\/wp\/v2\/types\/post"}],"author":[{"embeddable":true,"href":"https:\/\/www.travelbymexico.com\/blog\/wp-json\/wp\/v2\/users\/88889"}],"replies":[{"embeddable":true,"href":"https:\/\/www.travelbymexico.com\/blog\/wp-json\/wp\/v2\/comments?post=19656"}],"version-history":[{"count":1,"href":"https:\/\/www.travelbymexico.com\/blog\/wp-json\/wp\/v2\/posts\/19656\/revisions"}],"predecessor-version":[{"id":19658,"href":"https:\/\/www.travelbymexico.com\/blog\/wp-json\/wp\/v2\/posts\/19656\/revisions\/19658"}],"wp:featuredmedia":[{"embeddable":true,"href":"https:\/\/www.travelbymexico.com\/blog\/wp-json\/wp\/v2\/media\/19657"}],"wp:attachment":[{"href":"https:\/\/www.travelbymexico.com\/blog\/wp-json\/wp\/v2\/media?parent=19656"}],"wp:term":[{"taxonomy":"category","embeddable":true,"href":"https:\/\/www.travelbymexico.com\/blog\/wp-json\/wp\/v2\/categories?post=19656"},{"taxonomy":"post_tag","embeddable":true,"href":"https:\/\/www.travelbymexico.com\/blog\/wp-json\/wp\/v2\/tags?post=19656"}],"curies":[{"name":"wp","href":"https:\/\/api.w.org\/{rel}","templated":true}]}}