{"id":19365,"date":"2017-02-26T18:01:47","date_gmt":"2017-02-27T00:01:47","guid":{"rendered":"http:\/\/www.travelbymexico.com\/blog\/?p=19365"},"modified":"2017-02-26T18:05:49","modified_gmt":"2017-02-27T00:05:49","slug":"actividades-del-museo-nacional-de-las-culturas-por-los-78-anos-del-inah","status":"publish","type":"post","link":"https:\/\/www.travelbymexico.com\/blog\/19365-actividades-del-museo-nacional-de-las-culturas-por-los-78-anos-del-inah\/","title":{"rendered":"Actividades del Museo Nacional de las Culturas por los 78 a\u00f1os del INAH"},"content":{"rendered":"<h2>El pasado\u00a0Mi\u00e9rcoles 22 de febrero, a las 12:30 horas, se llev\u00f3 a cabo la ceremonia de inauguraci\u00f3n de la Celebraci\u00f3n por los 78 a\u00f1os del Instituto Nacional de Antropolog\u00eda e Historia, en la Sala Polivalente del Museo Nacional de las Culturas del Mundo.<\/h2>\n<h2>Las jornadas para celebrar los 78 a\u00f1os de vida del INAH se extienden\u00a0hasta el 30 de marzo\u00a0en el Museo Nacional de las Culturas (MNC).<\/h2>\n<h3>Acerca del INAH<\/h3>\n<p>Creado el 3 de febrero de 1939, el <strong>Instituto Nacional de Antropolog\u00eda e Historia<\/strong> es una de las dependencias federales con mayor presencia en el sector cultural de todo M\u00e9xico.<\/p>\n<p>Es el responsable de la investigaci\u00f3n, conservaci\u00f3n, protecci\u00f3n y difusi\u00f3n del patrimonio prehist\u00f3rico arqueol\u00f3gico, antropol\u00f3gico, hist\u00f3rico y paleontol\u00f3gico de M\u00e9xico.<\/p>\n<p>El INAH es responsable de <strong>m\u00e1s de 110.000 monumentos hist\u00f3ricos<\/strong> construidos entre los siglos XVI y XIX, y de\u00a0<strong>29.000 sitios arqueol\u00f3gicos\u00a0<\/strong>registrados en el pa\u00eds de los cuales 189\u00a0est\u00e1n\u00a0abiertos al p\u00fablico.<\/p>\n<p>Te recomendamos nuestro post: &#8220;Costo de Entrada Sitios Arqueol\u00f3gicos Mexicanos por Estados&#8221;.<\/p>\n<p>Bajo custodia del INAH y dispersos por todo M\u00e9xico, se encuentran tambi\u00e9n <strong>121 museos<\/strong>: cinco de ellos de rango nacional (de Antropolog\u00eda, de Historia, de las Culturas, del Virreinato y de las Intervenciones), as\u00ed como los museos regionales, metropolitanos, los de sitio y los custodiados por comunidades.<\/p>\n<h3>Programa de eventos y actividades en el MNC<\/h3>\n<h3>Mi\u00e9rcoles 1 de marzo 2017<\/h3>\n<p>16:00 horas.\u00a0<strong>Documental &#8220;Proyecto nacional de conservaci\u00f3n de pintura mural prehisp\u00e1nica&#8221;<\/strong>.\u00a0Sala Video Wall.<\/p>\n<p>Existe un caudal de producci\u00f3n pict\u00f3rica que nos da cuenta de un pasado al que queremos acercarnos&#8230; \u00bfQu\u00e9 hacer para que no se desbaraten ante nuestros ojos las im\u00e1genes que han permanecido durante siglos? \u00bfC\u00f3mo evitar que se desvanezca una obra tan importante y fr\u00e1gil? Ese es el reto que el Programa Nacional de Conservaci\u00f3n de Pintura Mural Prehisp\u00e1nica tiene para salvar la enorme riqueza de la pintura que ilumin\u00f3 las ciudades y los templos del M\u00e9xico antiguo. (30 minutos, 2012, INAH)<\/p>\n<h3>S\u00e1bado 4 de marzo 2017<\/h3>\n<p>11:00 horas.<strong> Taller: Escuela de Detectives<\/strong>.\u00a0Pasillo Sala Internacional.<\/p>\n<p>Impartido por personal de la CNMH, INAH.<br \/>\nEste taller consiste en cuatro actividades para concientizar a alos asistente, publico en general, sobre la importancia de nuestro patrimonio cultural. Introducci\u00f3n del quehacer del Instituto, rompecabezas de fotograf\u00edas hist\u00f3ricas, memorama de elementos arquitect\u00f3nicos y gu\u00eda para hacer una denuncia por da\u00f1os al patrimonio. Duraci\u00f3n: 60 minutos.<\/p>\n<p>12:00 horas. <strong>Taller: M\u00edo, tuyo&#8230; nuestro patrimonio<\/strong>.\u00a0Pasillo Sala Internacional.<\/p>\n<p>Impartido por personal de la CNMyE, INAH. Duraci\u00f3n: 120 minutos.<br \/>\nTaller de expresi\u00f3n art\u00edstica en el que los asistentes podr\u00e1n plasmar, conocer y compartir los elementos de su vida cotidiana que tiene una carga simb\u00f3lica de patrimonio para cada uno de ellos y sus familiares. Las representaciones que generen podr\u00e1n depositarlas en un cofre construido y decorado colectivamente. AL finalizar el taller cad familia podr\u00e1 llevarse un peque\u00f1o cofre que albergue las representaciones del patrimonio de todos los asistentes.<\/p>\n<p><strong>Ciclo Vida Acad\u00e9mica<\/strong>:\u00a0Platiquemos de la oposici\u00f3n a la mercantilizaci\u00f3n de la naturaleza: las alternativas. Sala Video Wall.<\/p>\n<p>Participar\u00e1n:<br \/>\nDahil Melgar, Museo Nacional de las Culturas del Mundo, INAH |\u00a0Artemio Cruz Le\u00f3n, Universidad Aut\u00f3noma de Chapingo |\u00a0Efra\u00edn Cruz Mar\u00edn, Universidad Aut\u00f3noma de la Ciudad de M\u00e9xico<br \/>\nLuis Felipe Crespo, Museo Nacional de las Culturas del Mundo, INAH |\u00a0Modera: Susana Jim\u00e9nez, Caravana de la Diversidad Biocultural.<\/p>\n<h3>Jueves 9 de marzo 2017<\/h3>\n<p>17:00 horas. Presentaci\u00f3n del cat\u00e1logo Xipe T\u00f3tec y la regeneraci\u00f3n de la vida. Sala Video Wall.<\/p>\n<h3>S\u00e1bado 11 de marzo 2017<\/h3>\n<p>12:00 horas.\u00a0Ciclo Vida Acad\u00e9mica: Platiquemos de la domesticaci\u00f3n de las plantas cultivadas. Sala Video Wall.<\/p>\n<h3>S\u00e1bado 18 de marzo 2017<\/h3>\n<p>13:00 horas.\u00a0<strong>Taller:\u00a0Conservaci\u00f3n arqueol\u00f3gica<\/strong>.\u00a0Impartido por personal de la CNCPC, INAH.\u00a0Pasillo Sala Internacional<\/p>\n<p>Reproducci\u00f3n de una excavaci\u00f3n arqueol\u00f3gica, para valorar la conservaci\u00f3n del patrimonio arqueol\u00f3gico. Dirigido al p\u00fablico infantil. Duraci\u00f3n: 60 minutos.<\/p>\n<h3>Mi\u00e9rcoles 22 de marzo 2017<\/h3>\n<p>17:00 horas. Presentaci\u00f3n editorial: Im\u00e1genes en el tiempo. Fototeca Nacional, 40 a\u00f1os. Sala Video Wall.<\/p>\n<p>18:00 horas <strong>Exposici\u00f3n fotogr\u00e1fica<\/strong>. <span style=\"text-decoration: underline;\">Inauguraci\u00f3n<\/span> \u201cIm\u00e1genes en el tiempo. Fototeca Nacional, 40 a\u00f1os\u201d. Sala de exposiciones temporales.<\/p>\n<h3>Jueves 23 de marzo 2017<\/h3>\n<p>13:00 horas. <strong>Presentaci\u00f3n editorial \u201cLos pueblos ind\u00edgenas del Estado de M\u00e9xico\u201d<\/strong>. Atlas Etnogr\u00e1fico. Efra\u00edn Cort\u00e9s Ruiz y Jaime Carre\u00f3n Flores, coordinadores. Sala Video Wall.<\/p>\n<h3>S\u00e1bado 25 de marzo 2017<\/h3>\n<p>12:00 horas. Ciclo Vida Acad\u00e9mica: Platiquemos de la domesticaci\u00f3n de plantas y animales. Sala Video Wall.<\/p>\n<p>Participar\u00e1n:<br \/>\nAlberto Betancourt, Facultad de Filosof\u00eda y Letras, UNAM |\u00a0Alejandra G\u00f3mez Colorado, Museo Nacional de las Culturas del Mundo, INAH |\u00a0Eduardo Corona-M., Centro INAH Morelos |<br \/>\nArturo Argueta Villamar, Centro Regional de Investigaciones Multidisciplinarias, UNAM |\u00a0Modera: Hugo N\u00fa\u00f1ez Membrillo, Caravana de la Diversidad Biocultural.<\/p>\n<h3>Mi\u00e9rcoles 29 de marzo 2017<\/h3>\n<p>19:00 horas. \u201cT\u00edteres en la Noche de Museos\u201d. T\u00edteres de madera de Indonesia. Sala Polivalente.<\/p>\n<h3>Jueves 30 de marzo 2017<\/h3>\n<p>13:00 horas.\u00a0<span style=\"text-decoration: underline;\">Inauguraci\u00f3n<\/span>\u00a0<strong>Exposici\u00f3n Temporal, 78 + 52 = 130 razones para celebrar la diversidad cultural del mundo.\u00a0<\/strong>Sala Pac\u00edfico.<\/p>\n<p>Exposici\u00f3n que celebra el 78 aniversario del Instituto Nacional de Antropolog\u00eda e Historia y el 52 aniversario del Museo Nacional de las Culturas del Mundo. Con 130 piezas seleccionadas por los trabajadores del museo, esta exposici\u00f3n muestra la diversidad cultural del mundo.<\/p>\n<h3>Direcci\u00f3n<\/h3>\n<p><strong>Museo Nacional de las Culturas<\/strong>. Calle Moneda 13, Centro Hist\u00f3rico de la Ciudad de M\u00e9xico.<\/p>\n<p>Horario: De martes a domingo, de 10:00 a 17:00 horas.<\/p>\n<p>La entrada es gratuita<\/p>\n<h3>Art\u00edculo relacionado<\/h3>\n<p><a href=\"https:\/\/www.travelbymexico.com\/blog\/18863-reabrio-la-sala-japon-la-tierra-del-sol-naciente-en-el-museo-nacional-de-las-culturas\/\">Reabri\u00f3 la \u201cSala Jap\u00f3n. La tierra del Sol Naciente\u201d en el Museo Nacional de las Culturas<\/a><\/p>\n<p>&nbsp;<\/p>\n","protected":false},"excerpt":{"rendered":"<p>El pasado\u00a0Mi\u00e9rcoles 22 de febrero, a las 12:30 horas, se llev\u00f3 a cabo la ceremonia de inauguraci\u00f3n de la Celebraci\u00f3n<\/p>\n","protected":false},"author":2,"featured_media":19366,"comment_status":"closed","ping_status":"closed","sticky":false,"template":"","format":"standard","meta":[],"categories":[9],"tags":[6495,318,656,8469,3688,1661,8678,4875],"_links":{"self":[{"href":"https:\/\/www.travelbymexico.com\/blog\/wp-json\/wp\/v2\/posts\/19365"}],"collection":[{"href":"https:\/\/www.travelbymexico.com\/blog\/wp-json\/wp\/v2\/posts"}],"about":[{"href":"https:\/\/www.travelbymexico.com\/blog\/wp-json\/wp\/v2\/types\/post"}],"author":[{"embeddable":true,"href":"https:\/\/www.travelbymexico.com\/blog\/wp-json\/wp\/v2\/users\/2"}],"replies":[{"embeddable":true,"href":"https:\/\/www.travelbymexico.com\/blog\/wp-json\/wp\/v2\/comments?post=19365"}],"version-history":[{"count":4,"href":"https:\/\/www.travelbymexico.com\/blog\/wp-json\/wp\/v2\/posts\/19365\/revisions"}],"predecessor-version":[{"id":19370,"href":"https:\/\/www.travelbymexico.com\/blog\/wp-json\/wp\/v2\/posts\/19365\/revisions\/19370"}],"wp:featuredmedia":[{"embeddable":true,"href":"https:\/\/www.travelbymexico.com\/blog\/wp-json\/wp\/v2\/media\/19366"}],"wp:attachment":[{"href":"https:\/\/www.travelbymexico.com\/blog\/wp-json\/wp\/v2\/media?parent=19365"}],"wp:term":[{"taxonomy":"category","embeddable":true,"href":"https:\/\/www.travelbymexico.com\/blog\/wp-json\/wp\/v2\/categories?post=19365"},{"taxonomy":"post_tag","embeddable":true,"href":"https:\/\/www.travelbymexico.com\/blog\/wp-json\/wp\/v2\/tags?post=19365"}],"curies":[{"name":"wp","href":"https:\/\/api.w.org\/{rel}","templated":true}]}}