{"id":19338,"date":"2017-02-18T19:37:45","date_gmt":"2017-02-19T01:37:45","guid":{"rendered":"http:\/\/www.travelbymexico.com\/blog\/?p=19338"},"modified":"2017-02-19T20:33:29","modified_gmt":"2017-02-20T02:33:29","slug":"la-innovacion-cultural-vanguardista-del-museo-internacional-del-barroco-de-la-ciudad-de-puebla","status":"publish","type":"post","link":"https:\/\/www.travelbymexico.com\/blog\/19338-la-innovacion-cultural-vanguardista-del-museo-internacional-del-barroco-de-la-ciudad-de-puebla\/","title":{"rendered":"La innovaci\u00f3n cultural y la arquitectura vanguardista del Museo Internacional del Barroco de la ciudad de Puebla"},"content":{"rendered":"<h2>En el marco de la Feria Internacional de Turismo <a href=\"https:\/\/www.travelbymexico.com\/blog\/19272-en-la-fitur-2017-mexico-recibio-dos-premios-a-proyectos-turisticos-exitosos\">FITUR 2017<\/a> que se celebr\u00f3 el mes pasado en la ciudad de Madrid, Espa\u00f1a, el Museo Internacional del Barroco (MIB) recibi\u00f3 el Premio Excelencias dentro de la categor\u00eda \u201cInnovaci\u00f3n Cultural\u201d.<\/h2>\n<p>Este reconocimiento es uno de tantos de los que este\u00a0recinto cultural ha recibido desde su inauguraci\u00f3n hace apenas un a\u00f1o\u00a0ya que en mayo de 2016.<\/p>\n<p>Entre ellos el MIB\u00a0fue reconocido con la <strong>portada de la revista National Geographic Traveler<\/strong>\u00a0y en noviembre del mismo a\u00f1o, obtuvo el primer lugar en el <strong>Premio Obras Cemex 2016<\/strong>, en la categor\u00eda a mejor\u00a0Espacio Colectivo.<\/p>\n<h3><span style=\"line-height: 1.5;\">Un espacio creado a partir de las tendencias museol\u00f3gicas m\u00e1s vanguardistas<\/span><\/h3>\n<p>Inaugurado el 4 de febrero del 2016 por el gobernador del estado <em>Rafael Moreno Valle Rosas<\/em>, el Museo Internacional del Barroco destaca por la est\u00e9tica de su moderna construcci\u00f3n; un edificio blanco de 17 mil metros cuadrados levantado\u00a0en un espacio de 5 hect\u00e1reas y constituido por formas curvil\u00edneas e inclinadas ideado por el arquitecto japon\u00e9s <strong>Toyo Ito<\/strong>, <strong>Premio Pritzker de Arquitectura 2013<\/strong>.<\/p>\n<h3>Propuesta museol\u00f3gica<\/h3>\n<p>El MIB\u00a0alberga piezas barrocas de los siglos XVII y XVIII, as\u00ed como expresiones contempor\u00e1neas de este movimiento art\u00edstico\u00a0para describir este periodo esencial de la historia universal y los principios fundamentales de la est\u00e9tica barroca, as\u00ed como su proyecci\u00f3n en todos los \u00e1mbitos de las sociedades europeas y latinoamericanas<\/p>\n<h3>Museo Interactivo | Acervo de 21 museos internacionales<\/h3>\n<p>Museo interactivo que ofrece una constante interacci\u00f3n a trav\u00e9s de pantallas y juegos para ni\u00f1os, el MIB cuenta con el acervo prestado de 21 instituciones nacionales y 25 extranjeras, y con la participaci\u00f3n de pa\u00edses como Alemania, Brasil, China, Cuba, Espa\u00f1a, Filipinas, Francia, Estados Unidos, Guatemala, India, Liechtenstein, Per\u00fa y Portugal.<\/p>\n<p><a href=\"http:\/\/www.travelbymexico.com\/blog\/imgBase\/2017\/02\/2232.jpg\"><img loading=\"lazy\" class=\"alignnone size-medium wp-image-19341\" src=\"http:\/\/www.travelbymexico.com\/blog\/imgBase\/2017\/02\/2232-320x240.jpg\" alt=\"Exposiciones permanentes del Museo Internacional del Barroco de Puebla\" width=\"320\" height=\"240\" srcset=\"https:\/\/www.travelbymexico.com\/blog\/imgBase\/2017\/02\/2232-320x240.jpg 320w, https:\/\/www.travelbymexico.com\/blog\/imgBase\/2017\/02\/2232.jpg 640w\" sizes=\"(max-width: 320px) 100vw, 320px\" \/><\/a><\/p>\n<h3>Exposiciones temporales y permanentes<\/h3>\n<p>El MIB cuenta con dos salas para exposiciones temporales y siete salas para exposiciones permanentes:<\/p>\n<ul>\n<li>Theatrum Mundi &#8211; El mundo como escenario<\/li>\n<li>Puebla de los \u00c1ngeles<\/li>\n<li>El sentimiento barroco &#8211; Arquitectura<\/li>\n<li>El nuevo orden de los tiempos &#8211; Pintura y escultura<\/li>\n<li>Las alegor\u00edas del saber &#8211; Letras y Ciencias<\/li>\n<li>Deleitar y conmover &#8211; Teatro, indumentaria y Artes decorativas<\/li>\n<li>Artificios del o\u00eddo &#8211; M\u00fasica y Danza.<\/li>\n<\/ul>\n<h3>Los ejes tem\u00e1ticos del MIB<\/h3>\n<ol>\n<li>Contenidos tem\u00e1ticos con \u00e9nfasis en la dimensi\u00f3n global que alcanz\u00f3 el Barroco.<\/li>\n<li>Colecciones provenientes de diversos pa\u00edses.<\/li>\n<li>Servicios y actividades de primer nivel, desenvolvi\u00e9ndose particularmente en el \u00e1mbito educativo, banco de im\u00e1genes, literario y multimedia.<\/li>\n<li>Las diversas manifestaciones del arte barroco: lo material y lo intangible; religioso y laico; antiguo y contempor\u00e1neo.<br \/>\nLa sociedad barroca y sus principales caracter\u00edsticas: aspectos hist\u00f3ricos, sociales, pol\u00edticos y econ\u00f3micos que caracterizaron a la \u00e9poca e influyeron en su arte.<\/li>\n<li>As\u00ed como el arte es una forma de conocimiento, el conocimiento es una forma de placer:\u00a0A trav\u00e9s de medios visuales, gr\u00e1ficos e interactivos, se ofrece informaci\u00f3n sobre los diversos sitios en que el patrimonio barroco de Puebla y del mundo puede ser admirado.<\/li>\n<li>El arte y la historia:\u00a0Promover el conocimiento de sucesos hist\u00f3ricos, cient\u00edficos y culturales que tuvieron repercusi\u00f3n en el arte, puntualizando la proximidad entre la metr\u00f3poli espa\u00f1ola y el Virreinato de Nueva Espa\u00f1a. Mostrar la vigencia del Barroco en nuestra cultura, arte y vida cotidiana, abarcando m\u00fasica, teatro, moda, literatura y arquitectura.<\/li>\n<li>El arte y la sociedad:\u00a0Ilustrar aspectos pol\u00edticos, econ\u00f3micos y sociales relevantes y su influencia en el arte, destacando los c\u00f3digos est\u00e9ticos y culturales de origen virreinal y mestizo, que nos consolidaron \u00e9tnica y culturalmente.<\/li>\n<li>El arte y el espacio:\u00a0Difundir la diversidad geogr\u00e1fica del arte barroco, sus peculiaridades locales y regionales, considerando los adelantos t\u00e9cnicos que permitieron surcar los mares con regularidad, como precedente de la globalizaci\u00f3n, conformando obras pl\u00e1sticas sincr\u00e9ticas.<\/li>\n<\/ol>\n<h3>Horarios<\/h3>\n<p>Abierto de martes a domingo de 10:00 a 19:00 horas.<br \/>\nTel\u00e9fonos de atenci\u00f3n al p\u00fablico Tel\u00a0(222) 326 71 30, 326 71 31.<\/p>\n<h3>Direcci\u00f3n\u00a0del MIB<\/h3>\n<p>Ubicado a un costado de la V\u00eda Atlixc\u00e1yotl, en la Zona Angel\u00f3polis, el Museo Internacional del Barroco de Puebla forma parte del Parque Lineal conectando as\u00ed con el Ecoparque Metropolitano y con el Paseo del R\u00edo Atoyac.<\/p>\n<p><span style=\"text-decoration: underline;\">Direcci\u00f3n<\/span>: Reserva Territorial Atlixc\u00e1yotl No. 2501, Puebla de Zaragoza, Puebla<\/p>\n","protected":false},"excerpt":{"rendered":"<p>En el marco de la Feria Internacional de Turismo FITUR 2017 que se celebr\u00f3 el mes pasado en la ciudad<\/p>\n","protected":false},"author":2,"featured_media":19340,"comment_status":"closed","ping_status":"closed","sticky":false,"template":"","format":"standard","meta":[],"categories":[5,9],"tags":[10374,1694,323,10371,10370,10375,10372,1055,10373],"_links":{"self":[{"href":"https:\/\/www.travelbymexico.com\/blog\/wp-json\/wp\/v2\/posts\/19338"}],"collection":[{"href":"https:\/\/www.travelbymexico.com\/blog\/wp-json\/wp\/v2\/posts"}],"about":[{"href":"https:\/\/www.travelbymexico.com\/blog\/wp-json\/wp\/v2\/types\/post"}],"author":[{"embeddable":true,"href":"https:\/\/www.travelbymexico.com\/blog\/wp-json\/wp\/v2\/users\/2"}],"replies":[{"embeddable":true,"href":"https:\/\/www.travelbymexico.com\/blog\/wp-json\/wp\/v2\/comments?post=19338"}],"version-history":[{"count":7,"href":"https:\/\/www.travelbymexico.com\/blog\/wp-json\/wp\/v2\/posts\/19338\/revisions"}],"predecessor-version":[{"id":19351,"href":"https:\/\/www.travelbymexico.com\/blog\/wp-json\/wp\/v2\/posts\/19338\/revisions\/19351"}],"wp:featuredmedia":[{"embeddable":true,"href":"https:\/\/www.travelbymexico.com\/blog\/wp-json\/wp\/v2\/media\/19340"}],"wp:attachment":[{"href":"https:\/\/www.travelbymexico.com\/blog\/wp-json\/wp\/v2\/media?parent=19338"}],"wp:term":[{"taxonomy":"category","embeddable":true,"href":"https:\/\/www.travelbymexico.com\/blog\/wp-json\/wp\/v2\/categories?post=19338"},{"taxonomy":"post_tag","embeddable":true,"href":"https:\/\/www.travelbymexico.com\/blog\/wp-json\/wp\/v2\/tags?post=19338"}],"curies":[{"name":"wp","href":"https:\/\/api.w.org\/{rel}","templated":true}]}}