{"id":19331,"date":"2017-02-16T23:10:34","date_gmt":"2017-02-17T05:10:34","guid":{"rendered":"http:\/\/www.travelbymexico.com\/blog\/?p=19331"},"modified":"2017-02-17T00:13:29","modified_gmt":"2017-02-17T06:13:29","slug":"cdmx-se-alista-para-mextropoli-2017-festival-internacional-de-arquitectura-y-ciudad","status":"publish","type":"post","link":"https:\/\/www.travelbymexico.com\/blog\/19331-cdmx-se-alista-para-mextropoli-2017-festival-internacional-de-arquitectura-y-ciudad\/","title":{"rendered":"CDMX se alista para MEXTROPOLI 2017, Festival Internacional de Arquitectura y Ciudad"},"content":{"rendered":"<h2>Con el objetivo de promover el patrimonio cultural de la capital del pa\u00eds a trav\u00e9s del an\u00e1lisis de su arquitectura, se llevar\u00e1 a cabo la 4ta edici\u00f3n del\u00a0Festival Internacional de Arquitectura y Ciudad Mextr\u00f3poli.<\/h2>\n<p>A trav\u00e9s de conferencias, ponencias, exposiciones, instalaciones en el espacio p\u00fablico, presentaciones de libros, rutas por la ciudad, una feria especializada en dise\u00f1o y un ciclo de cine con estrenos de pel\u00edculas especializadas en arquitectura y ciudad, MEXTR\u00d3POLI 2017\u00a0 convertir\u00e1, <strong>del 11 al 14 de marzo<\/strong>, a\u00a0la ciudad de M\u00e9xico en epicentro de la arquitectura y l\u00edder en transformaci\u00f3n creativa.<\/p>\n<blockquote><p>MEXTR\u00d3POLI es el \u00fanico foro en Latinoam\u00e9rica que <strong>re\u00fane en 4 d\u00edas m\u00e1s de 52 mil personas<\/strong> dise\u00f1ando ciudad: estudiantes, ciudadanos, profesionistas, turistas, creativos, servidores p\u00fablicos, artistas, l\u00edderes de opini\u00f3n y expertos en la materia para generar conocimiento, intercambio y una nueva visi\u00f3n de ciudad a trav\u00e9s de la arquitectura.<\/p><\/blockquote>\n<p>El <strong>Festival Internacional de Arquitectura y Ciudad Mextr\u00f3poli<\/strong> sienta sus bases en 15 a\u00f1os de experiencia consolidados desde el Congreso <strong>*<\/strong>Arquine, que hoy transformado y en alianza estrat\u00e9gica con el Gobierno de la Ciudad, tiene el firme objetivo de posicionarse en la ciudad de M\u00e9xico como el m\u00e1s importante y diverso escenario para concentrar, exponer, activar y promover la cultura desde la arquitectura.<\/p>\n<p><em><strong>*<\/strong>Arquine es un proyecto fundado en 1997 y dedicado a la construcci\u00f3n de la cultura arquitect\u00f3nica, una plataforma de generaci\u00f3n de contenidos desde la revista, las redes sociales, la radio, los concursos, congresos, festivales, posgrados y libros.<\/em><\/p>\n<h3>Sedes<\/h3>\n<p>En la Alameda Central de la Ciudad de M\u00e9xico y los museos o instalaciones culturales de la zona.<\/p>\n<p>Se prev\u00e9n entre 15 y 20 instalaciones diferentes en el espacio p\u00fablico.<\/p>\n<h3>Tema de la edici\u00f3n 2017 de Mextr\u00f3poli<\/h3>\n<p>El tema para todos los ponentes invitados es <strong>la ciudad<\/strong>.<\/p>\n<p>Entre los ponentes que fueron convocados\u00a0para esta edici\u00f3n se encuentra\u00a0una muy atractiva mezcla de arquitectos que han hecho importantes transformaciones urbanas, profesionales que no son arquitectos, arquitectos que presentar\u00e1n lo que est\u00e1n haciendo y que en breve ser\u00e1 una realidad.<\/p>\n<h3><\/h3>\n<h3>Expositores invitados<\/h3>\n<p>Peter Zumthor &#8211; Premio Pritzker 2009 | Basilea<br \/>\nFrancis K\u00e9r\u00e9 &#8211; Premio Aga Khan 2001 | Berlin &#8211; Gando<br \/>\nReinier de Graaf &#8211; Director de AMO y socio fundador de OMA | Rotterdam<br \/>\nJoan Clos &#8211; Director Ejecutivo de ONU- HABITAT | Barcelona<br \/>\nTatiana Bilbao &#8211; Premio Mundial de Arquitectura Sostenible 2014 | CDMX<br \/>\nJunya Ishigami &#8211; Le\u00f3n de Oro 12\u00ba Bienal de Venecia 2010 | Tokyo<br \/>\nOdile Decq &#8211; Premio Jane Dew 2016 | Par\u00eds<br \/>\nWOHA &#8211; Premio Aga Khan 2007 | Singapur<br \/>\nRafael Lozano-Hemmer &#8211; Artista el\u00e9ctrico | Montreal &#8211; CDMX<br \/>\nMarina Garc\u00e9s &#8211; Fil\u00f3sofa | Barcelona<br \/>\nGiancarlo Mazzanti &#8211; Premio Arquitectura Americana 2016 | Bogot\u00e1<br \/>\nMoshe Safdie &#8211; Arquitecto | Toronto &#8211; Boston &#8211; Jerusal\u00e9n &#8211; Shangh\u00e1i<br \/>\nWilliam Curtis &#8211; Cr\u00edtico de arquitectura moderna | Londres<br \/>\nCamilo Restrepo &#8211; Finalista del Rolex Mentor Proteg\u00e9 2012 | Medell\u00edn<br \/>\nSolano Ben\u00edtez y Gloria Cabral &#8211; Le\u00f3n de Oro 15\u00ba Bienal de Venecia 2016 | Asunci\u00f3n<br \/>\nBenjam\u00edn Romano &#8211; Premio en Sistemas Estructurales del ACEC New York 2016 | CDMX<br \/>\nEric Owen Moss &#8211; Arquitecto | Los \u00c1ngeles<br \/>\nDidier Faustino &#8211; Arquitecto | Paris<br \/>\nOB+RA &#8211; Premio Nacional de Arquitectura 2004 | Lima<br \/>\nAugusto Barrera &#8211; Ex-Alcalde de Quito | Quito<br \/>\nJordi Pimas + Boris Nauleau &#8211; Ganadores del Premio \u00c1lbum de J\u00f3venes Arquitectos y Paisajistas 2014 | Paris AGA estudio &#8211; Pabell\u00f3n de Venezuela en la 15\u00ba Bienal de Venecia 2016 | Caracas<br \/>\nMatteo Ghidoni &#8211; Editor en Jefe de la Revista Internacional San Rocco.<\/p>\n<h3>Programa de eventos<\/h3>\n<p>Las m\u00e1s de 30 actividades acad\u00e9micas, culturales y tur\u00edsticas desarrolladas principalmente en el Centro Hist\u00f3rico de esta ciudad bajo diferentes formatos y en distintos escenarios:<\/p>\n<p>CONCENTRA a los m\u00e1s destacados actores de la arquitectura internacional y nacional y a todos los interesados en la cultura en general.<\/p>\n<p>ACTIVA la reflexi\u00f3n y el intercambio de experiencias por medio de conferencias, presentaciones, exposiciones, mesas de discusi\u00f3n, talleres, puntos activos, visitas especializadas, rutas peatonales y ciclistas, fiestas y otros eventos al aire libre.<\/p>\n<p>EXPONE las propuestas, experiencias y problemas actuales en torno a temas de ciudad, cultura, dise\u00f1o y arquitectura.<\/p>\n<p>PROMUEVE la Ciudad de M\u00e9xico como el referente de la cultura arquitect\u00f3nica del continente al convertirla en el m\u00e1s destacado foro para celebrar y compartir con la ciudadan\u00eda el valor de las experiencias urbanas y arquitect\u00f3nicas.<\/p>\n<p>MEXTR\u00d3POLI decanta en seis acciones principales que invitan a la ciudadan\u00eda a vincularse con la ciudad, bajo seis modos distintos:<\/p>\n<p>ESCUCHA &#8211; Conferencias<\/p>\n<p>DIALOGA &#8211; Mesas de di\u00e1logo | Puntos activos<\/p>\n<p>PARTICIPA &#8211; Talleres pr\u00e1cticos | Ferias especializadas<\/p>\n<p>OBSERVA &#8211; Exposiciones | Proyecciones urbanas<\/p>\n<p>DESPL\u00c1ZATE &#8211; Rutas arquitect\u00f3nicas | Circuitos p\u00fablicos<\/p>\n<p>CELEBRA &#8211; Conciertos.<\/p>\n<p><em><strong>Para mayores informes<\/strong> los invitamos a seguir las actualizaciones en la programaci\u00f3n de MEXTR\u00d3POLI 2017 a trav\u00e9s de sus redes sociales y p\u00e1gina web\u00a0<strong><a href=\"http:\/\/www.mextropoli.mx\">www.mextropoli.mx<\/a><\/strong><\/em><\/p>\n<p>&nbsp;<\/p>\n","protected":false},"excerpt":{"rendered":"<p>Con el objetivo de promover el patrimonio cultural de la capital del pa\u00eds a trav\u00e9s del an\u00e1lisis de su arquitectura,<\/p>\n","protected":false},"author":2,"featured_media":19332,"comment_status":"closed","ping_status":"closed","sticky":false,"template":"","format":"standard","meta":[],"categories":[5,912],"tags":[7359,9797,281,1351,318,7362,363,7358,7361,7364,10369],"_links":{"self":[{"href":"https:\/\/www.travelbymexico.com\/blog\/wp-json\/wp\/v2\/posts\/19331"}],"collection":[{"href":"https:\/\/www.travelbymexico.com\/blog\/wp-json\/wp\/v2\/posts"}],"about":[{"href":"https:\/\/www.travelbymexico.com\/blog\/wp-json\/wp\/v2\/types\/post"}],"author":[{"embeddable":true,"href":"https:\/\/www.travelbymexico.com\/blog\/wp-json\/wp\/v2\/users\/2"}],"replies":[{"embeddable":true,"href":"https:\/\/www.travelbymexico.com\/blog\/wp-json\/wp\/v2\/comments?post=19331"}],"version-history":[{"count":5,"href":"https:\/\/www.travelbymexico.com\/blog\/wp-json\/wp\/v2\/posts\/19331\/revisions"}],"predecessor-version":[{"id":19337,"href":"https:\/\/www.travelbymexico.com\/blog\/wp-json\/wp\/v2\/posts\/19331\/revisions\/19337"}],"wp:featuredmedia":[{"embeddable":true,"href":"https:\/\/www.travelbymexico.com\/blog\/wp-json\/wp\/v2\/media\/19332"}],"wp:attachment":[{"href":"https:\/\/www.travelbymexico.com\/blog\/wp-json\/wp\/v2\/media?parent=19331"}],"wp:term":[{"taxonomy":"category","embeddable":true,"href":"https:\/\/www.travelbymexico.com\/blog\/wp-json\/wp\/v2\/categories?post=19331"},{"taxonomy":"post_tag","embeddable":true,"href":"https:\/\/www.travelbymexico.com\/blog\/wp-json\/wp\/v2\/tags?post=19331"}],"curies":[{"name":"wp","href":"https:\/\/api.w.org\/{rel}","templated":true}]}}