{"id":19300,"date":"2017-02-02T13:11:46","date_gmt":"2017-02-02T19:11:46","guid":{"rendered":"http:\/\/www.travelbymexico.com\/blog\/?p=19300"},"modified":"2017-02-03T13:35:27","modified_gmt":"2017-02-03T19:35:27","slug":"la-orquesta-nacional-sinfonica-conmemora-los-100-anos-de-la-promulgacion-de-la-constitucion-de-1917","status":"publish","type":"post","link":"https:\/\/www.travelbymexico.com\/blog\/19300-la-orquesta-nacional-sinfonica-conmemora-los-100-anos-de-la-promulgacion-de-la-constitucion-de-1917\/","title":{"rendered":"La Orquesta Nacional Sinf\u00f3nica conmemora los 100 a\u00f1os de la promulgaci\u00f3n de la Constituci\u00f3n de 1917"},"content":{"rendered":"<h2>Este fin de semana, en el Palacio de Bellas Artes de la ciudad de M\u00e9xico, la Orquesta Sinf\u00f3nica Nacional \u00a0celebrar\u00e1 los 100 a\u00f1os de la promulgaci\u00f3n de la Constituci\u00f3n de 1917 ofreciendo un concierto con m\u00fasica de Carlos Ch\u00e1vez, Edward Elgar y Silvestre Revueltas.<\/h2>\n<h3>Acerca de la Constituci\u00f3n de 1917<\/h3>\n<p>El 5 de febrero de 1917 se promulg\u00f3, en el Gran Teatro Iturbide, hoy <strong>Teatro de la Rep\u00fablica<\/strong> de la ciudad de Quer\u00e9taro, la Constituci\u00f3n Pol\u00edtica de los Estados Unidos Mexicanos, misma que fue considerada como una de las m\u00e1s avanzadas en su tiempo.<\/p>\n<p>La <a href=\"http:\/\/www.travelbymexico.com\/blog\/5449-la-constitucion-mexicana\">Constituci\u00f3n de 1917<\/a> cristaliz\u00f3 los ideales revolucionarios que fueron elevados a la categor\u00eda de normas constitucionales. En ella se inclu\u00edan avanzados principios de reformas sociales y derechos en favor de obreros y campesinos. Adem\u00e1s, fue formulada para gobernar a todos los mexicanos sin distinci\u00f3n de raza, credo, condici\u00f3n social o pol\u00edtica, ya que en ella se elevaron al rango de normas constitucionales la libertad de pensamiento y de creencia.<\/p>\n<p>Fue la primera en el mundo en reconocer los derechos sociales. La cultura fue parte del proceso renovador, una respuesta a las demandas sociales.<br \/>\nEn el proceso para estabilizar al pa\u00eds, la cultura se convirti\u00f3 en un aut\u00e9ntico elemento pacificador.<\/p>\n<h3>Programa Conmemorativo del Centenario de la Constituci\u00f3n Mexicana de 1917<\/h3>\n<p>Carlos Miguel Prieto, director art\u00edstico<br \/>\nNicol\u00e1s Dautricourt, Solista invitado (viol\u00edn)<\/p>\n<p>El concierto iniciar\u00e1 con la\u00a0<strong>Obertura Republicana<\/strong>.<\/p>\n<p>Escrita en 1935, se trata de\u00a0una de las obras m\u00e1s importantes de Carlos Ch\u00e1vez en la que dej\u00f3 huella de su pensamiento acerca del valor de la m\u00fasica tradicional mexicana. de una composici\u00f3n que lleva a la m\u00fasica sinf\u00f3nica tres piezas de car\u00e1cter popular:\u00a0La marcha de Zacatecas, el vals\u00a0Club Verde\u00a0y\u00a0La Adelita.<\/p>\n<p>Ch\u00e1vez defini\u00f3 estas tres piezas como \u201cgenuinamente mexicanas, populares y mestizas que encierran una dosis enorme de expresi\u00f3n republicana\u201d.<\/p>\n<p>La interpretaci\u00f3n de <strong>La Coronela<\/strong>, compuesta por Silvestre Revueltas contar\u00e1 con la proyecci\u00f3n de <strong>grabados de Guadalupe Posada<\/strong>, en quien se inspir\u00f3 el compositor para dicha pieza.\u00e7<\/p>\n<p>Para finalizar, la OSN interpretar\u00e1\u00a0el <strong>Concierto para viol\u00edn<\/strong>\u00a0de Edward Elgar, con la participaci\u00f3n como solista invitado del violinista franc\u00e9s Nicolas Dautricourt.<\/p>\n<p>Carlos Ch\u00e1vez\u00a0(1899-1978)<br \/>\nChapultepec\u00a0(Obertura republicana) 7\u2019<br \/>\nMarcha provinciana<br \/>\nVals nost\u00e1lgico<br \/>\nCanci\u00f3n de Adelita<\/p>\n<p>Edward Elgar\u00a0(1857-1934)<br \/>\nConcierto para viol\u00edn y orquesta\u00a0en si menor, Op. 61\u00a047\u2019<br \/>\nAllegro<br \/>\nAndante<br \/>\nAllegro molto<br \/>\nNicolas Dautricourt, viol\u00edn<\/p>\n<p>INTERMEDIO<\/p>\n<p>Silvestre Revueltas\u00a0(1899-1940)<br \/>\nLa coronela, ballet en cuatro cuadros 30\u2019<br \/>\nLos privilegiados<br \/>\nDanza de los desheredados<br \/>\nLa pesadilla de Don Ferruco<br \/>\nJuicio final<\/p>\n<p>Art\u00edculo relacionado<\/p>\n<div class=\"fitvids-video\">\n<blockquote data-secret=\"MDNQuvKBYs\" class=\"wp-embedded-content\"><p><a href=\"http:\/\/www.travelbymexico.com\/blog\/5449-la-constitucion-mexicana\/\">La Constituci\u00f3n Mexicana<\/a><\/p><\/blockquote>\n<p><iframe class=\"wp-embedded-content\" sandbox=\"allow-scripts\" security=\"restricted\" style=\"position: absolute; clip: rect(1px, 1px, 1px, 1px);\" src=\"http:\/\/www.travelbymexico.com\/blog\/5449-la-constitucion-mexicana\/embed\/#?secret=MDNQuvKBYs\" data-secret=\"MDNQuvKBYs\" width=\"600\" height=\"338\" title=\"&#8220;La Constituci\u00f3n Mexicana&#8221; &#8212; Gu\u00eda Tur\u00edstica de M\u00e9xico | Travel By M\u00e9xico\" frameborder=\"0\" marginwidth=\"0\" marginheight=\"0\" scrolling=\"no\"><\/iframe><\/div>\n<p>&nbsp;<\/p>\n","protected":false},"excerpt":{"rendered":"<p>Este fin de semana, en el Palacio de Bellas Artes de la ciudad de M\u00e9xico, la Orquesta Sinf\u00f3nica Nacional \u00a0celebrar\u00e1<\/p>\n","protected":false},"author":2,"featured_media":19301,"comment_status":"closed","ping_status":"closed","sticky":false,"template":"","format":"standard","meta":[],"categories":[9,912],"tags":[2607,10350,325,10349,4598,10351,10352,931,2398],"_links":{"self":[{"href":"https:\/\/www.travelbymexico.com\/blog\/wp-json\/wp\/v2\/posts\/19300"}],"collection":[{"href":"https:\/\/www.travelbymexico.com\/blog\/wp-json\/wp\/v2\/posts"}],"about":[{"href":"https:\/\/www.travelbymexico.com\/blog\/wp-json\/wp\/v2\/types\/post"}],"author":[{"embeddable":true,"href":"https:\/\/www.travelbymexico.com\/blog\/wp-json\/wp\/v2\/users\/2"}],"replies":[{"embeddable":true,"href":"https:\/\/www.travelbymexico.com\/blog\/wp-json\/wp\/v2\/comments?post=19300"}],"version-history":[{"count":3,"href":"https:\/\/www.travelbymexico.com\/blog\/wp-json\/wp\/v2\/posts\/19300\/revisions"}],"predecessor-version":[{"id":19304,"href":"https:\/\/www.travelbymexico.com\/blog\/wp-json\/wp\/v2\/posts\/19300\/revisions\/19304"}],"wp:featuredmedia":[{"embeddable":true,"href":"https:\/\/www.travelbymexico.com\/blog\/wp-json\/wp\/v2\/media\/19301"}],"wp:attachment":[{"href":"https:\/\/www.travelbymexico.com\/blog\/wp-json\/wp\/v2\/media?parent=19300"}],"wp:term":[{"taxonomy":"category","embeddable":true,"href":"https:\/\/www.travelbymexico.com\/blog\/wp-json\/wp\/v2\/categories?post=19300"},{"taxonomy":"post_tag","embeddable":true,"href":"https:\/\/www.travelbymexico.com\/blog\/wp-json\/wp\/v2\/tags?post=19300"}],"curies":[{"name":"wp","href":"https:\/\/api.w.org\/{rel}","templated":true}]}}