{"id":19272,"date":"2017-01-20T16:43:37","date_gmt":"2017-01-20T22:43:37","guid":{"rendered":"http:\/\/www.travelbymexico.com\/blog\/?p=19272"},"modified":"2017-01-21T18:02:08","modified_gmt":"2017-01-22T00:02:08","slug":"en-la-fitur-2017-mexico-recibio-dos-premios-a-proyectos-turisticos-exitosos","status":"publish","type":"post","link":"https:\/\/www.travelbymexico.com\/blog\/19272-en-la-fitur-2017-mexico-recibio-dos-premios-a-proyectos-turisticos-exitosos\/","title":{"rendered":"En la FITUR 2017 M\u00e9xico recibi\u00f3 dos premios a proyectos tur\u00edsticos exitosos"},"content":{"rendered":"<h2>Con una importante representaci\u00f3n M\u00e9xico particip\u00f3 del 18 al 22 de enero en Madrid, Espa\u00f1a en la 37a educi\u00f3n de la Feria Internacional de Turismo (FITUR-2017), una de las m\u00e1s relevantes del sector, a trav\u00e9s de la Secretar\u00eda de Turismo (Sectur), las representaciones de gobiernos estatales y diversos destinos tur\u00edsticos.<\/h2>\n<blockquote><p>M\u00e9xico siempre ha participado en esta feria y este a\u00f1o el Pabell\u00f3n M\u00e9xico registr\u00f3 la presencia de 112 expositores mexicanos de representaciones de diversos estados de la Rep\u00fablica.<\/p>\n<p>En esta edici\u00f3n, M\u00e9xico recibi\u00f3 dos reconocimientos a proyectos tur\u00edsticos exitosos.<\/p>\n<p>M\u00e9xico present\u00f3 por primera vez en FITUR\u00a0el simb\u00f3lico \u2018Juego de la Pelota Maya\u2019\u00a0a trav\u00e9s de la realidad virtual,\u00a0utilizando los cascos HTC Vive.<\/p><\/blockquote>\n<p><a href=\"http:\/\/www.travelbymexico.com\/blog\/imgBase\/2017\/01\/2214.jpg\"><img loading=\"lazy\" class=\"alignnone size-medium wp-image-19275\" src=\"http:\/\/www.travelbymexico.com\/blog\/imgBase\/2017\/01\/2214-320x240.jpg\" alt=\"Recinto Ferial IFEMA Madrid\" width=\"320\" height=\"240\" srcset=\"https:\/\/www.travelbymexico.com\/blog\/imgBase\/2017\/01\/2214-320x240.jpg 320w, https:\/\/www.travelbymexico.com\/blog\/imgBase\/2017\/01\/2214.jpg 640w\" sizes=\"(max-width: 320px) 100vw, 320px\" \/><\/a><\/p>\n<h3>Acerca de la FITUR Madrid<\/h3>\n<p>A lo largo de m\u00e1s de tres d\u00e9cadas de existencia la <strong>Feria Internacional de Turismo de Madrid<\/strong> se ha consolidado como cita de referencia para la industria tur\u00edstica espa\u00f1ola, adem\u00e1s de un referente indiscutible para la industria internacional.<\/p>\n<p>Durante cuatro d\u00edas el recinto ferial IFEMA de Madrid alberg\u00f3 en una extensi\u00f3n de 62.494 metros a <strong>755 expositores directos<\/strong> (titulares de stands) y <strong>9.672 empresas<\/strong> de <strong>165 pa\u00edses<\/strong> y <strong>regiones<\/strong>.<\/p>\n<p>La FITUR 2017 registr\u00f3 para la ciudad de Madrid unos ingresos superiores a los 240 millones de euros.<\/p>\n<p><strong>El A\u00f1o Internacional del Turismo Sostenible para el Desarrollo<\/strong><\/p>\n<p>&nbsp;<\/p>\n<p>Este a\u00f1o, la Organizaci\u00f3n Mundial del Turismo (OMT) eligi\u00f3 a la FITUR 2017 como sede de la inauguraci\u00f3n del <strong>A\u00f1o Internacional del Turismo Sostenible para el Desarrollo<\/strong>, declarado por la Organizaci\u00f3n de Naciones Unidas.<\/p>\n<p><a href=\"http:\/\/www.travelbymexico.com\/blog\/imgBase\/2017\/01\/2218.jpg\"><img loading=\"lazy\" class=\"alignnone size-medium wp-image-19274\" src=\"http:\/\/www.travelbymexico.com\/blog\/imgBase\/2017\/01\/2218-320x240.jpg\" alt=\"El Rey Felipe VI inaugur\u00f3 FITUR 2017\" width=\"320\" height=\"240\" srcset=\"https:\/\/www.travelbymexico.com\/blog\/imgBase\/2017\/01\/2218-320x240.jpg 320w, https:\/\/www.travelbymexico.com\/blog\/imgBase\/2017\/01\/2218.jpg 640w\" sizes=\"(max-width: 320px) 100vw, 320px\" \/><\/a><\/p>\n<p>(El rey Felipe y la reina Letizia asistieron a la inauguraci\u00f3n de la FITUR Madrid 2017.)<\/p>\n<h3>M\u00e9xico en la FITUR 2017<\/h3>\n<p>La delegaci\u00f3n mexicana, encabezada por el Secretario de Turismo (Sectur) del Gobierno de la Rep\u00fablica, Enrique de la Madrid, const\u00f3 de <strong>112 expositores<\/strong>.<\/p>\n<p>En el recinto ferial IFEMA de Madrid, el titular de la Sectur inaugur\u00f3 el 18 de enero 2017\u00a0el Pabell\u00f3n M\u00e9xico, un vasto espacio de 1.050 metros\u00a0cuadrados\u00a0en\u00a0el que participaron 112 expositores mexicanos de representaciones de diversos estados de la Rep\u00fablica, destinos, hoteles, turoperadores y l\u00edneas a\u00e9reas, con el prop\u00f3sito de fortalecer la industria tur\u00edstica del pa\u00eds.<\/p>\n<p>Entre las entidades que asistieron se encuentraban: Campeche, Yucat\u00e1n, Guanajuato, Chiapas, Durango, Morelos, Nuevo Le\u00f3n, Fideicomiso de Turismo de Baja California Sur, Jalisco, Ciudad de M\u00e9xico, Tlaxcala, Puebla, Quer\u00e9taro, Baja California, Oaxaca, Michoac\u00e1n, Tabasco, Estado de M\u00e9xico y Chihuahua.<\/p>\n<p>Los destinos participantes fueron: Asociaci\u00f3n de Hoteles de Riviera Maya, OCV Ixtapa Zihuatanejo, Puerto Vallarta, Riviera Maya, Riviera Nayarit, Puerto Morelos, Los Cabos y Acapulco.<\/p>\n<p><a href=\"http:\/\/www.travelbymexico.com\/blog\/imgBase\/2017\/01\/2217.jpg\"><img loading=\"lazy\" class=\"alignnone size-medium wp-image-19276\" src=\"http:\/\/www.travelbymexico.com\/blog\/imgBase\/2017\/01\/2217-320x240.jpg\" alt=\"El Pabell\u00f3n M\u00e9xico de 1050 metros cuadrados\" width=\"320\" height=\"240\" srcset=\"https:\/\/www.travelbymexico.com\/blog\/imgBase\/2017\/01\/2217-320x240.jpg 320w, https:\/\/www.travelbymexico.com\/blog\/imgBase\/2017\/01\/2217.jpg 640w\" sizes=\"(max-width: 320px) 100vw, 320px\" \/><\/a><\/p>\n<h3>M\u00e9xico recibi\u00f3 dos reconocimientos<\/h3>\n<p>M\u00e9xico recibi\u00f3 dos reconocimientos a proyectos tur\u00edsticos exitosos\u00a0que\u00a0reflejan el trabajo coordinado entre los gobiernos federales y los estados de Morelos y Jalisco.<\/p>\n<p>El primero fue otorgado al Estado de Morelos con el galard\u00f3n \u201cMejor producto de turismo activo categor\u00eda internacional\u201d, por el proyecto \u201c<strong>Tepoztl\u00e1n magia y cultura<\/strong>\u201d.<\/p>\n<p>El segundo premio lo entreg\u00f3 la sociedad estatal espa\u00f1ola dedicada a la gesti\u00f3n de la innovaci\u00f3n y tecnolog\u00edas tur\u00edsticas (Segittur) al Estado de Jalisco por el proyecto \u201c<strong>Tequila: Destino tur\u00edstico inteligente<\/strong>\u201d, un pueblo m\u00e1gico de referencia obligada para quien desee conocer la gastronom\u00eda y sabores regionales de esa entidad.<\/p>\n<h3>Utilizando la realidad virtual para promover a M\u00e9xico como destino tur\u00edstico<\/h3>\n<p>Con el objetivo de promover M\u00e9xico como destino tur\u00edstico, los asistentes pudieron visitar M\u00e9xico con las gafas de realidad virtual Samsung Gear a trav\u00e9s de varias panor\u00e1micas 360\u00ba, as\u00ed como acceder a una amplia informaci\u00f3n a trav\u00e9s de distintos puntos de informaci\u00f3n t\u00e1ctiles.<\/p>\n<p>Si bien no era\u00a0la primera vez que M\u00e9xico hac\u00eda\u00a0uso de los servicios del experto tecnol\u00f3gico\u00a0<strong>Virtualware M\u00e9xico\u00a0<\/strong>para promover el pa\u00eds a trav\u00e9s de \u00a0la realidad virtual ofreciendo a los visitantes de su stand incre\u00edbles experiencias virtuales e interactivas\u00a0a playas paradis\u00edacas, sitios arqueol\u00f3gicos, etc., el Pabell\u00f3n M\u00e9xico ofreci\u00f3 este a\u00f1o una novedad\u00a0al presentar el simb\u00f3lico \u2018<a href=\"http:\/\/www.travelbymexico.com\/blog\/10003-ulama-el-juego-de-la-vida-y-la-muerte\">Juego de la Pelota Maya<\/a>\u2019, una atracci\u00f3n que los visitantes pudieron disfrutar\u00a0utilizando\u00a0cascos HTC Vive\u00a0que les permiti\u00f3\u00a0\u00a0competir contra un jugador Maya, buscando obtener una mayor cantidad de puntos tratando que la pelota pase dentro del aro.<\/p>\n<p>&nbsp;<\/p>\n","protected":false},"excerpt":{"rendered":"<p>Con una importante representaci\u00f3n M\u00e9xico particip\u00f3 del 18 al 22 de enero en Madrid, Espa\u00f1a en la 37a educi\u00f3n de<\/p>\n","protected":false},"author":2,"featured_media":19273,"comment_status":"closed","ping_status":"closed","sticky":false,"template":"","format":"standard","meta":[],"categories":[36,912],"tags":[10313,1425,10321,3319,1412,10323,10322,10324,1134,1197,1198,10325],"_links":{"self":[{"href":"https:\/\/www.travelbymexico.com\/blog\/wp-json\/wp\/v2\/posts\/19272"}],"collection":[{"href":"https:\/\/www.travelbymexico.com\/blog\/wp-json\/wp\/v2\/posts"}],"about":[{"href":"https:\/\/www.travelbymexico.com\/blog\/wp-json\/wp\/v2\/types\/post"}],"author":[{"embeddable":true,"href":"https:\/\/www.travelbymexico.com\/blog\/wp-json\/wp\/v2\/users\/2"}],"replies":[{"embeddable":true,"href":"https:\/\/www.travelbymexico.com\/blog\/wp-json\/wp\/v2\/comments?post=19272"}],"version-history":[{"count":2,"href":"https:\/\/www.travelbymexico.com\/blog\/wp-json\/wp\/v2\/posts\/19272\/revisions"}],"predecessor-version":[{"id":19278,"href":"https:\/\/www.travelbymexico.com\/blog\/wp-json\/wp\/v2\/posts\/19272\/revisions\/19278"}],"wp:featuredmedia":[{"embeddable":true,"href":"https:\/\/www.travelbymexico.com\/blog\/wp-json\/wp\/v2\/media\/19273"}],"wp:attachment":[{"href":"https:\/\/www.travelbymexico.com\/blog\/wp-json\/wp\/v2\/media?parent=19272"}],"wp:term":[{"taxonomy":"category","embeddable":true,"href":"https:\/\/www.travelbymexico.com\/blog\/wp-json\/wp\/v2\/categories?post=19272"},{"taxonomy":"post_tag","embeddable":true,"href":"https:\/\/www.travelbymexico.com\/blog\/wp-json\/wp\/v2\/tags?post=19272"}],"curies":[{"name":"wp","href":"https:\/\/api.w.org\/{rel}","templated":true}]}}