{"id":19205,"date":"2016-12-10T14:07:22","date_gmt":"2016-12-10T20:07:22","guid":{"rendered":"http:\/\/www.travelbymexico.com\/blog\/?p=19205"},"modified":"2016-12-11T14:54:32","modified_gmt":"2016-12-11T20:54:32","slug":"alegoria-de-la-razon-exposicion-de-rafael-coronel-en-el-mahg","status":"publish","type":"post","link":"https:\/\/www.travelbymexico.com\/blog\/19205-alegoria-de-la-razon-exposicion-de-rafael-coronel-en-el-mahg\/","title":{"rendered":"Alegor\u00eda de la Raz\u00f3n, exposici\u00f3n de Rafael Coronel en el MAHG"},"content":{"rendered":"<h2>En el marco de su octavo aniversario, el Museo de Arte e Historia de Guanajuato (MAHG), situado en la ciudad de Le\u00f3n, exhibe una muestra temporal de uno de los artistas y pintores mexicanos m\u00e1s renombrados, el zacatecano Rafael Coronel.<\/h2>\n<h3>Alegor\u00eda de la raz\u00f3n<\/h3>\n<p>En colaboraci\u00f3n con la Fundaci\u00f3n <em>Black Coffee Gallery<\/em> el <em>Museo de Arte e Historia Guanajuato<\/em> (MAHG) exhibe <span style=\"text-decoration: underline;\">hasta el 26 de febrero de 2017<\/span> la muestra &#8220;<strong>Alegor\u00eda de la raz\u00f3n<\/strong>&#8221;\u00a0la cual est\u00e1\u00a0conformada por <strong>53 obras de caballete<\/strong> y 10 espectaculares <strong>esculturas<\/strong> del artista zacatecano <strong>Rafael Coronel<\/strong>.<\/p>\n<h3>Acerca del MAHG<\/h3>\n<p>Recinto del Forum Cultural Guanajuato, el MAHG fue inaugurado el 27 de noviembre de 2008 con el objetivo de\u00a0rescatar, conservar, difundir y generar conocimiento acerca de la cultura, el arte y la historia guanajuatenses, adem\u00e1s de presentar exposiciones de connotados artistas y asumir un fuerte compromiso en la formaci\u00f3n de p\u00fablicos.<br \/>\nEn sus 8 a\u00f1os de existencia, ha logrado conquistar un lugar dentro de los m\u00e1s importantes museos que integran el coleccionismo del arte mexicano.<\/p>\n<h3>Acerca de Rafael Coronel<\/h3>\n<p>Con\u00a0m\u00e1s de sesenta a\u00f1os de trayectoria art\u00edstica, Rafael Coronel es considerado uno de los representantes m\u00e1s definidos del nuevo expresionismo mexicano.<\/p>\n<p>Sus exposiciones individuales y colectivas han sido exhibidas en\u00a0los principales recintos de arte en M\u00e9xico, adem\u00e1s de importantes espacios expositivos en Chile, China, Estados Unidos, Italia, Puerto Rico, Suecia.<\/p>\n<p><strong>Rafael Coronel<\/strong>\u00a0<strong>Arroyo<\/strong> naci\u00f3 en 1931 en la Ciudad de Zacatecas.<\/p>\n<p>Abandon\u00f3 la carrera de Arquitectura para dedicarse por entero a la pintura. Estudi\u00f3 en la Escuela Nacional de Artes Pl\u00e1sticas de la UNAM.<\/p>\n<p>Ha incursionado en diversos movimientos como \u201cla ruptura\u201d y el hiperrealismo.<\/p>\n<p>En 1944 pinta su primer autorretrato y en 1952 recibe el Premio de Artes Pl\u00e1sticas del Instituto Nacional de la Juventud Mexicana.<\/p>\n<p>En ese entonces ya era considerado como uno de los representantes m\u00e1s definidos del <strong>Nuevo Expresionismo Mexicano<\/strong>.<\/p>\n<p>En 1978, junto con su hermano <strong>Pedro Coronel<\/strong>, es declarado <em>Hijo Predilecto<\/em> por el Gobierno del Estado y la Universidad Aut\u00f3noma de Zacatecas.<\/p>\n<p>En 1990, el artista entreg\u00f3 su colecci\u00f3n de Arte Popular Mexicano para la creaci\u00f3n del <strong>Museo Rafael Coronel<\/strong> situado en la ciudad de Zacatecas. Esta muestra est\u00e1<br \/>\nencabezada por la colecci\u00f3n \u201dEl rostro de M\u00e9xico&#8221;\u00a0que re\u00fane \u00a1cerca de <strong>10\u00a0mil m\u00e1scaras mexicanas<\/strong>!<\/p>\n<h3>Horarios<\/h3>\n<p>&#8220;Alegor\u00eda de la raz\u00f3n&#8221; de Rafael Coronel.<\/p>\n<p>Hasta el 26 de febrero de 2017 en el\u00a0Museo de Arte e Historia de Guanajuato (MAHG)\u00a0Calzada de los H\u00e9roes No. 908. Colonia La Martinica, Le\u00f3n, Guanajuato. M\u00e9xico<\/p>\n<p>Abierto de martes a viernes: 10:00 a 17:00 hrs.\u00a0S\u00e1bados y domingos: 11:00 a 18:00 hrs.<\/p>\n<p>Exposiciones temporales: Admisi\u00f3n: $20\u00a0pesos.<\/p>\n<p>Exposiciones permanentes: sin costo.<\/p>\n<p>Precios preferentes a estudiantes y maestros con credencial vigente as\u00ed como a personas afiliadas al INAPAM y ni\u00f1os.<\/p>\n<p>Visitas guiadas, previa cita.<\/p>\n<p>Domingos entrada libre<\/p>\n<p>&nbsp;<\/p>\n","protected":false},"excerpt":{"rendered":"<p>En el marco de su octavo aniversario, el Museo de Arte e Historia de Guanajuato (MAHG), situado en la ciudad<\/p>\n","protected":false},"author":2,"featured_media":19206,"comment_status":"closed","ping_status":"closed","sticky":false,"template":"","format":"standard","meta":[],"categories":[9],"tags":[10278,317,470,2656,9696,887,2095,2093],"_links":{"self":[{"href":"https:\/\/www.travelbymexico.com\/blog\/wp-json\/wp\/v2\/posts\/19205"}],"collection":[{"href":"https:\/\/www.travelbymexico.com\/blog\/wp-json\/wp\/v2\/posts"}],"about":[{"href":"https:\/\/www.travelbymexico.com\/blog\/wp-json\/wp\/v2\/types\/post"}],"author":[{"embeddable":true,"href":"https:\/\/www.travelbymexico.com\/blog\/wp-json\/wp\/v2\/users\/2"}],"replies":[{"embeddable":true,"href":"https:\/\/www.travelbymexico.com\/blog\/wp-json\/wp\/v2\/comments?post=19205"}],"version-history":[{"count":2,"href":"https:\/\/www.travelbymexico.com\/blog\/wp-json\/wp\/v2\/posts\/19205\/revisions"}],"predecessor-version":[{"id":19208,"href":"https:\/\/www.travelbymexico.com\/blog\/wp-json\/wp\/v2\/posts\/19205\/revisions\/19208"}],"wp:featuredmedia":[{"embeddable":true,"href":"https:\/\/www.travelbymexico.com\/blog\/wp-json\/wp\/v2\/media\/19206"}],"wp:attachment":[{"href":"https:\/\/www.travelbymexico.com\/blog\/wp-json\/wp\/v2\/media?parent=19205"}],"wp:term":[{"taxonomy":"category","embeddable":true,"href":"https:\/\/www.travelbymexico.com\/blog\/wp-json\/wp\/v2\/categories?post=19205"},{"taxonomy":"post_tag","embeddable":true,"href":"https:\/\/www.travelbymexico.com\/blog\/wp-json\/wp\/v2\/tags?post=19205"}],"curies":[{"name":"wp","href":"https:\/\/api.w.org\/{rel}","templated":true}]}}