{"id":19158,"date":"2016-11-26T11:27:15","date_gmt":"2016-11-26T17:27:15","guid":{"rendered":"http:\/\/www.travelbymexico.com\/blog\/?p=19158"},"modified":"2016-11-27T12:04:33","modified_gmt":"2016-11-27T18:04:33","slug":"se-realizaran-mas-de-mil-200-actividades-en-la-feria-internacional-del-libro-de-guadalajara-fil-2016","status":"publish","type":"post","link":"https:\/\/www.travelbymexico.com\/blog\/19158-se-realizaran-mas-de-mil-200-actividades-en-la-feria-internacional-del-libro-de-guadalajara-fil-2016\/","title":{"rendered":"Se realizar\u00e1n m\u00e1s de mil 200 actividades en la Feria Internacional del Libro de Guadalajara, FIL\u00a02016"},"content":{"rendered":"<h2>FIL Guadalajara, la reuni\u00f3n editorial m\u00e1s importante de Iberoam\u00e9rica y tambi\u00e9n festival cultural, en la que participan \u00a0autores de todos los continentes, celebra su 30 aniversario teniendo a America Latina como invitado de honor.<\/h2>\n<p>Libros en espa\u00f1ol, ingl\u00e9s, alem\u00e1n, chino, franc\u00e9s, entre otros idiomas; talleres, libros y espect\u00e1culos para ni\u00f1os; conferencias, encuentros comerciales, encuentros literarios, Festival de las Letras Europeas, conciertos gratuitos de artistas latinoamericanos, esto y mucho m\u00e1s los espera en la FIL 2016, del 26 de noviembre al 4 de diciembre 2016 en las instalaciones de Expo Guadalajara.<\/p>\n<p>La FIL Guadalajara 2016 se extiende tambi\u00e9n a museos, centros culturales y galer\u00edas de toda la ciudad.<\/p>\n<h3>Am\u00e9rica Latina, invitada de honor<\/h3>\n<p>Cada a\u00f1o, el Invitado de Honor de la FIL firma un <strong>acuerdo<\/strong> a nivel gubernamental que contempla el establecimiento de una delegaci\u00f3n en la que escritores, editores, investigadores y artistas se convierten en portavoces de su cultura.<\/p>\n<p>Hoy, s\u00e1bado 26 de noviembre el Nobel peruano <strong>Mario Vargas Llosa<\/strong> inaugur\u00f3 el <em>Programa Literario de Am\u00e9rica Latina<\/em> adem\u00e1s de presentar su novela \u201cCinco esquinas\u201d.<\/p>\n<p>En el <strong>Pabell\u00f3n Am\u00e9rica Latina<\/strong> adem\u00e1s de contar con una gran librer\u00eda latinoamericana se realizar\u00e1n charlas, mesas tem\u00e1ticas.<\/p>\n<p>Las actividades estelares del Invitado de Honor se realizan en el recinto ferial<\/p>\n<h3>Festival Latinoamericano de las Artes FIL 30: M\u00fasica\u00a0y Artes Esc\u00e9nicas<\/h3>\n<p>9\u00a0noches de espect\u00e1culos gratuitos:\u00a0Cada noche en el Foro FIL as\u00ed como en otros recintos culturales de la ciudad, se presentar\u00e1n artistas de distintos rincones de Am\u00e9rica Latina.<\/p>\n<p><span style=\"text-decoration: underline;\">A continuaci\u00f3n, les proporcionamos la cartelera art\u00edstica del FORO FIL:<\/span><\/p>\n<p>S\u00e1bado 26 nov.: <strong>La Yegros<\/strong> y <strong>Nde Ram\u00edrez<\/strong><br \/>\nDomingo 27 nov.: Gala folcl\u00f3rica Lujo y esplendor de mi tierra &#8211; <strong>Ballet Folkl\u00f3rico Nacional de Panam\u00e1<\/strong>.<br \/>\nLunes 28 nov.: <strong>Ana Tijoux y Arreol<\/strong>a + <strong>Carballo<\/strong><br \/>\nMartes 30 nov.: Sinfon\u00eda Los Planetas &#8211; <strong>Orquesta Filarm\u00f3nica de Jalisco<\/strong><\/p>\n<p>Mi\u00e9rcoles 30 nov.: <strong>De Mongolia a la Patagonia, un origen, muchas lengua<\/strong>s<br \/>\nArtistas: Tonolec , Rasmus Lyberth , Sak Tzevul , Uchpa , El Venado Azul , Ajinai.<\/p>\n<p>Jueves 1 dic.: <strong>Noche profunda: bolero rock<\/strong><br \/>\nArtistas: Sa\u00fal Hern\u00e1ndez, Jaime L\u00f3pez, Jos\u00e9 Manuel Aguilera, Cecilia Toussaint, Denise Guti\u00e9rrez, Valentina Gonz\u00e1lez, Juan Cirerol, Gerardo Enciso, Luis Humberto Navejas.<br \/>\nViernes 2 dic.: <strong>Tulipa Ruiz<\/strong> y <strong>Ad\u00e1n\u00a0(Adanowsky) &amp; \u00a0Xavi y Los Imanes<\/strong><br \/>\nS\u00e1bado 3 dic. : <strong>Novalima<\/strong><br \/>\nDomingo 4 dic. : <strong>La Mambanegra<\/strong> y <strong>La Dame Blanche<\/strong><\/p>\n<h3>Algunos eventos y actividades<\/h3>\n<ul>\n<li>Premios y homenajes<\/li>\n<li>FIL Literatura<\/li>\n<li>Foros y encuentros literarios<\/li>\n<li>Encuentros comerciales de la industria editorial<\/li>\n<li>Conciertos gratuitos cada noche ante un promedio de cuatro mil personas.<\/li>\n<li>Festival de las Letras Europeas<\/li>\n<li>Destina\u00e7\u00e3o Brasil<\/li>\n<li>Latinoam\u00e9rica Viva<\/li>\n<li>Somos booktubers<\/li>\n<li>Autores ochenteros<\/li>\n<li>Presentaci\u00f3n de libros<\/li>\n<li>Presentaci\u00f3n de libros para ni\u00f1os<\/li>\n<li>La FIL tambi\u00e9n es ciencia<\/li>\n<li>Festival Latinoamericano de las Artes FIL 30 (del 24 de nov. al 4 de dic. 2016)<\/li>\n<li>Actividades acad\u00e9micas<\/li>\n<li>Actividades para profesionales<\/li>\n<li>FIL Joven (jueves 1 y viernes 2 de diciembre 2016)<\/li>\n<li>FIL Ni\u00f1os<\/li>\n<li>Eventos especiales.<\/li>\n<\/ul>\n<p><strong><a href=\"https:\/\/www.fil.com.mx\/prog\/programa_indice.asp\">Consulta el Programa de Eventos de la XXX FIL Guadalajara 2016<\/a><\/strong>.<\/p>\n<h3>Horarios y direcci\u00f3n<\/h3>\n<p><strong>FIL Guadalajara 2016<\/strong> &#8211; Del 26 de noviembre al 4 de diciembre 2016.<\/p>\n<p><strong>Centro de Exposiciones Expo Guadalajara:\u00a0<\/strong>Av. Mariano Otero 1499, Colonia Verde Valle, Guadalajara, Jalisco, M\u00e9xico.<\/p>\n<p>P\u00fablico en general: 26 y 27 de noviembre, 1, 2, 3 y 4 de diciembre, de 9:00 a 21:00 horas.<br \/>\n28, 29 y 30 de noviembre, de 17:00 a 21:00 horas.<br \/>\nExclusivo profesionales: 28, 29 y 30 de noviembre, de 9:00 a 17:00 horas.<\/p>\n<p>&nbsp;<\/p>\n","protected":false},"excerpt":{"rendered":"<p>FIL Guadalajara, la reuni\u00f3n editorial m\u00e1s importante de Iberoam\u00e9rica y tambi\u00e9n festival cultural, en la que participan \u00a0autores de todos<\/p>\n","protected":false},"author":2,"featured_media":19159,"comment_status":"closed","ping_status":"closed","sticky":false,"template":"","format":"standard","meta":[],"categories":[9,912],"tags":[10255,3855,10251,10250,502,10249,6639,10248,10254,763,6472,10253,10252],"_links":{"self":[{"href":"https:\/\/www.travelbymexico.com\/blog\/wp-json\/wp\/v2\/posts\/19158"}],"collection":[{"href":"https:\/\/www.travelbymexico.com\/blog\/wp-json\/wp\/v2\/posts"}],"about":[{"href":"https:\/\/www.travelbymexico.com\/blog\/wp-json\/wp\/v2\/types\/post"}],"author":[{"embeddable":true,"href":"https:\/\/www.travelbymexico.com\/blog\/wp-json\/wp\/v2\/users\/2"}],"replies":[{"embeddable":true,"href":"https:\/\/www.travelbymexico.com\/blog\/wp-json\/wp\/v2\/comments?post=19158"}],"version-history":[{"count":5,"href":"https:\/\/www.travelbymexico.com\/blog\/wp-json\/wp\/v2\/posts\/19158\/revisions"}],"predecessor-version":[{"id":19164,"href":"https:\/\/www.travelbymexico.com\/blog\/wp-json\/wp\/v2\/posts\/19158\/revisions\/19164"}],"wp:featuredmedia":[{"embeddable":true,"href":"https:\/\/www.travelbymexico.com\/blog\/wp-json\/wp\/v2\/media\/19159"}],"wp:attachment":[{"href":"https:\/\/www.travelbymexico.com\/blog\/wp-json\/wp\/v2\/media?parent=19158"}],"wp:term":[{"taxonomy":"category","embeddable":true,"href":"https:\/\/www.travelbymexico.com\/blog\/wp-json\/wp\/v2\/categories?post=19158"},{"taxonomy":"post_tag","embeddable":true,"href":"https:\/\/www.travelbymexico.com\/blog\/wp-json\/wp\/v2\/tags?post=19158"}],"curies":[{"name":"wp","href":"https:\/\/api.w.org\/{rel}","templated":true}]}}