{"id":19132,"date":"2016-11-10T14:26:53","date_gmt":"2016-11-10T20:26:53","guid":{"rendered":"http:\/\/www.travelbymexico.com\/blog\/?p=19132"},"modified":"2016-11-11T15:17:20","modified_gmt":"2016-11-11T21:17:20","slug":"participaran-mas-de-10-mil-competidores-en-el-gran-maraton-pacifico-mazatlan-2016","status":"publish","type":"post","link":"https:\/\/www.travelbymexico.com\/blog\/19132-participaran-mas-de-10-mil-competidores-en-el-gran-maraton-pacifico-mazatlan-2016\/","title":{"rendered":"Participar\u00e1n m\u00e1s de 10 mil competidores en el Gran Marat\u00f3n Pac\u00edfico Mazatl\u00e1n 2016"},"content":{"rendered":"<h2>La edici\u00f3n n\u00famero 18 del Gran Marat\u00f3n Pac\u00edfico Mazatl\u00e1n 2016 tendr\u00e1 lugar los d\u00edas s\u00e1bado 26 y domingo 27 de este mes.<\/h2>\n<p>Dentro de dos semanas, la ciudad portuaria de <a href=\"http:\/\/www.travelbymexico.com\/mazatlan\/hoteles\">Mazatl\u00e1n<\/a> &#8211;\u00a0uno de los principales destinos de cruceros y centros tur\u00edsticos de playa de M\u00e9xico &#8211; \u00a0ser\u00e1 la sede del Gran Marat\u00f3n Pac\u00edfico 2016.<\/p>\n<blockquote><p>Se espera la participaci\u00f3n de m\u00e1s de 10 mil competidores.<\/p>\n<p>Bolsa de premios: Setecientos cincuenta y dos mil pesos a repartir en las diferentes ramas y categor\u00edas.<\/p><\/blockquote>\n<h3>Categor\u00edas y carreras<\/h3>\n<p><span style=\"text-decoration: underline;\"><em>Las\u00a0distancias mencionadas a continuaci\u00f3n est\u00e1n certificadas por la AIMS, IAAF Y FMAA.<\/em><\/span><\/p>\n<ul>\n<li>En la categor\u00eda Infantil, ni\u00f1os de 4 a 14 a\u00f1os correr\u00e1n\u00a0carreras de 50, 100 y 200 metros y 1,5 km y 2 km.<\/li>\n<li>Los adolescentes de 15 a 17 a\u00f1os probar\u00e1n su resistencia en carreras de 3 km y 5 km.<\/li>\n<li>Para las personas con capacidades diferentes (Silla de ruedas, Muletas y Ciegos) estar\u00e1n disponibles las carreras de 10 km y 20 km.<\/li>\n<li>Competidores de 18 a\u00f1os en adelante podr\u00e1n participar en las carreras de 5 km, 10 km, 21,097 km, 42 km.<\/li>\n<\/ul>\n<p><strong>Infantil<\/strong><\/p>\n<p>50 metros &#8211; Varonil y femenil &#8211; 4 y 5 a\u00f1os.<br \/>\n100 metros &#8211; Varonil y femenil &#8211; 6 y 7 a\u00f1os.<br \/>\n200 metros &#8211; Varonil y femenil &#8211; 8 y 9 a\u00f1os.<br \/>\n1,5 km &#8211; Varonil y femenil &#8211; 10 y 11 a\u00f1os.<br \/>\n2 km &#8211; Varonil y femenil &#8211; 12 a 14 a\u00f1os.<\/p>\n<p><strong>Recreativa<\/strong><\/p>\n<p>3 km &#8211; Varonil y femenil &#8211; 15 a\u00f1os en adelante.<\/p>\n<p><strong>5 km y 10 km<\/strong><\/p>\n<p>Juvenil (5 km) &#8211; 15 a 17 a\u00f1os. |\u00a0Libre : 18 a 39 a\u00f1os. \u00a0|\u00a0Master: 40 a 49 a\u00f1os. |\u00a0Veterano: 50 a 59 a\u00f1os |\u00a0Veterano a +: 60 a\u00f1os en adelante.<\/p>\n<p><strong>21 km y 42 km <\/strong><br \/>\nLibre : 18 a 39 a\u00f1os.<br \/>\nMaster: 40 a 49 a\u00f1os.<br \/>\nVeterano: 50 a 59 a\u00f1os<br \/>\nVeterano a +: 60 a\u00f1os en adelante.<\/p>\n<p><strong>10 Km y 21 Km<\/strong><br \/>\nSilla de ruedas, Muletas y Ciegos: sin l\u00edmite de edad.<\/p>\n<h3>Programa de eventos<\/h3>\n<p><strong>S\u00e1bado 26 de noviembre de\u00a02016<\/strong><\/p>\n<p>6:30 hrs. Silla de ruedas, Muletas y Ciegos (total) en 10K.<br \/>\n6:40 hrs. Prueba de 5k y 10k General.<br \/>\n6:40 hrs. Carrera Recreativa 3K.<br \/>\n8:20 hrs. Carrera \u201cPRESTAME TUS PIERNAS\u201d<br \/>\n9:00 hrs. Carrera Infantil de 50 metros (categor\u00eda 4 y 5 a\u00f1os).<br \/>\n9:10 hrs. Carrera Infantil de 100 metros (categor\u00eda 6 y 7 a\u00f1os)<br \/>\n9:20 hrs. Carrera Infantil de 200 metros (categor\u00eda 8 y 9 a\u00f1os)<br \/>\n9:30 hrs. Carrera Infantil de 1.5 k (categor\u00eda 10 y 11 a\u00f1os).<br \/>\n9:45 hrs. Carrera Infantil de 2k (categor\u00eda 12 a 14 a\u00f1os).<br \/>\n10:10 hrs. Carrera de Botargas.<br \/>\n17:00 hrs. Liberaci\u00f3n de Tortugas.<br \/>\n17:00 A 20:00 hrs. Premiaci\u00f3n Econ\u00f3mica en zona de Expo para ganadores del d\u00eda S\u00e1bado<br \/>\n20:00 hrs. Festival de la Luz en Av. Del Mar.<\/p>\n<p><strong>Domingo 27 de noviembre de\u00a0\u00a02016<\/strong><\/p>\n<p>6:15 hrs. Silla de ruedas, Muletas y Ciegos (total) en Medio Marat\u00f3n (21k)<br \/>\n6:30 hrs. General 21K y 42K, Medio Marat\u00f3n y Marat\u00f3n.<br \/>\n6:40 hrs. Trabajo en Equipo \u201cLa Llanta\u201d.<br \/>\n7:00 hrs. Carrera de la Alegr\u00eda. (Ni\u00f1os de capacidades diferentes)<br \/>\n18:00 hrs. Premiaci\u00f3n Econ\u00f3mica, lugar por definir.<\/p>\n<h3>Inscripciones<\/h3>\n<p>Todav\u00eda est\u00e1s a tiempo de inscribirte para participar en el XVIII Gran Marat\u00f3n Pac\u00edfico 2016 : <a href=\"http:\/\/www.asdeporte.com\/portal\/eventos\/inscripciones_externas\/ad-insRegistroUsuarios.asp?evento=5076\">http:\/\/www.asdeporte.com\/portal\/eventos\/inscripciones_externas\/ad-insRegistroUsuarios.asp?evento=5076<\/a><\/p>\n<h3>Entrega de paquete de competidor<\/h3>\n<p>La entrega de Paquetes ser\u00e1 en la ciudad de Mazatl\u00e1n, Sinaloa frente al Estadio de B\u00e9isbol \u201cTeodoro Mariscal\u201d en la zona de la Expo-Deportiva (Calle Justo Sierra s\/n, Estadio, 82140).<\/p>\n<p>El 24 de noviembre de 16:00 a 20:00 hrs.<br \/>\nEl 25 de noviembre de 8:00 a 20:00 hrs.<br \/>\nEl 26 de noviembre de 12:00 a 20:00 hrs.<\/p>\n<h3>Premiaci\u00f3n<\/h3>\n<p>Bolsa de premios: Setecientos cincuenta y dos mil pesos a repartir en las diferentes ramas y categor\u00edas, descont\u00e1ndose el 7% a corredores nacionales y el 14 % a los extranjeros para la FMAA.<\/p>\n<p>La entrega de los premios del d\u00eda s\u00e1bado 26 ser\u00e1 en la Ciudad de Mazatl\u00e1n, Sinaloa en la zona de la Expo-Deportiva a partir de las 17:00 hrs.<br \/>\nLa premiaci\u00f3n de 21 Km y 42 Km ser\u00e1 el d\u00eda Domingo 27 en la ciudad de Mazatl\u00e1n, Sinaloa a las 18:00 hrs. (en lugar por confirmar).<\/p>\n","protected":false},"excerpt":{"rendered":"<p>La edici\u00f3n n\u00famero 18 del Gran Marat\u00f3n Pac\u00edfico Mazatl\u00e1n 2016 tendr\u00e1 lugar los d\u00edas s\u00e1bado 26 y domingo 27 de<\/p>\n","protected":false},"author":2,"featured_media":19133,"comment_status":"closed","ping_status":"closed","sticky":false,"template":"","format":"standard","meta":[],"categories":[10,912],"tags":[5290,5178,10236,6189,802,10237,6190],"_links":{"self":[{"href":"https:\/\/www.travelbymexico.com\/blog\/wp-json\/wp\/v2\/posts\/19132"}],"collection":[{"href":"https:\/\/www.travelbymexico.com\/blog\/wp-json\/wp\/v2\/posts"}],"about":[{"href":"https:\/\/www.travelbymexico.com\/blog\/wp-json\/wp\/v2\/types\/post"}],"author":[{"embeddable":true,"href":"https:\/\/www.travelbymexico.com\/blog\/wp-json\/wp\/v2\/users\/2"}],"replies":[{"embeddable":true,"href":"https:\/\/www.travelbymexico.com\/blog\/wp-json\/wp\/v2\/comments?post=19132"}],"version-history":[{"count":2,"href":"https:\/\/www.travelbymexico.com\/blog\/wp-json\/wp\/v2\/posts\/19132\/revisions"}],"predecessor-version":[{"id":19135,"href":"https:\/\/www.travelbymexico.com\/blog\/wp-json\/wp\/v2\/posts\/19132\/revisions\/19135"}],"wp:featuredmedia":[{"embeddable":true,"href":"https:\/\/www.travelbymexico.com\/blog\/wp-json\/wp\/v2\/media\/19133"}],"wp:attachment":[{"href":"https:\/\/www.travelbymexico.com\/blog\/wp-json\/wp\/v2\/media?parent=19132"}],"wp:term":[{"taxonomy":"category","embeddable":true,"href":"https:\/\/www.travelbymexico.com\/blog\/wp-json\/wp\/v2\/categories?post=19132"},{"taxonomy":"post_tag","embeddable":true,"href":"https:\/\/www.travelbymexico.com\/blog\/wp-json\/wp\/v2\/tags?post=19132"}],"curies":[{"name":"wp","href":"https:\/\/api.w.org\/{rel}","templated":true}]}}