{"id":19099,"date":"2016-10-31T22:32:22","date_gmt":"2016-11-01T04:32:22","guid":{"rendered":"http:\/\/www.travelbymexico.com\/blog\/?p=19099"},"modified":"2016-11-01T13:18:18","modified_gmt":"2016-11-01T19:18:18","slug":"espontaneo-2016-festival-de-improvisacion-escenica-en-puerto-vallarta","status":"publish","type":"post","link":"https:\/\/www.travelbymexico.com\/blog\/19099-espontaneo-2016-festival-de-improvisacion-escenica-en-puerto-vallarta\/","title":{"rendered":"Espont\u00e1neo\u00a02016, Festival de improvisaci\u00f3n esc\u00e9nica en Puerto Vallarta"},"content":{"rendered":"<h2>Durante una semana en la ciudad de Vallarta, creadores esc\u00e9nicos y compa\u00f1\u00edas nacionales e internacionales de danza\u00a0contempor\u00e1nea\u00a0presentar\u00e1n con much\u00edsima creatividad su interpretaci\u00f3n libre de\u00a0temas tanto filos\u00f3ficos\u00a0como\u00a0culturales,\u00a0gozando de ritmos y formas, rompiendo las barreras del espacio, y hasta del tiempo.<\/h2>\n<p>Romper con los moldes que tienen atrapadas a nuestras mentes para luego poder conectarnos con nuestras capacidades creativas y abrirnos a este mundo infinito de posibilidades que est\u00e1 al alcance de cada uno de nosotros es una de las propuestas, mudas, que ofrece la danza contempor\u00e1nea; una de las expresiones art\u00edsticas m\u00e1s eficientes cuando se trata de\u00a0expresar lo que callan el cuerpo y la mente.<\/p>\n<blockquote><p>Adem\u00e1s de las presentaciones de danza, teatro, literatura, m\u00fasica se llevar\u00e1n a cabo *talleres, *clases maestras y mesas de di\u00e1logo.<\/p><\/blockquote>\n<h3>\u00bfCu\u00e1ndo y d\u00f3nde?<\/h3>\n<p>&#8220;Espont\u00e1neo 2016, Festival de Improvisaci\u00f3n Esc\u00e9nica&#8221; se realizar\u00e1 <strong>del 6 al 13 de noviembre de 2016<\/strong> en varios recintos culturales y espacios al aire libre\u00a0de la ciudad de <a href=\"https:\/\/www.travelbymexico.com\/puertovallarta\/\">Puerto Vallarta<\/a>.<\/p>\n<p><strong>\u00a0Algunas de las sedes:<\/strong><\/p>\n<ul>\n<li>Plataforma 322,<\/li>\n<li>Preparatoria Regional de Puerto Vallarta,<\/li>\n<li>Malec\u00f3n,<\/li>\n<li>Auditorio del Cuale,<\/li>\n<li>Marina Vallarta,<\/li>\n<li>Plaza Hidalgo,<\/li>\n<li>Plaza principal del Pitillal, entre otros.<\/li>\n<\/ul>\n<h3>Cartelera Art\u00edstica &#8211; Programa &#8220;Festival Espont\u00e1neo 2016&#8221;<\/h3>\n<p>Consulta el programa <strong><a href=\"http:\/\/goo.gl\/wdmZTD\">aqu\u00ed<\/a><\/strong>.<\/p>\n<h3>*Participa en Talleres y Clases Maestras<\/h3>\n<p>Din\u00e1mica de inscripci\u00f3n para participar en los talleres y clases maestras del Festival Espont\u00e1neo 2016<\/p>\n<p>1- Solicita la ficha de inscripci\u00f3n al correo:\u00a0espont\u00e1neo2015@gmail.com<br \/>\n2- desc\u00e1rgala, ll\u00e9nala y reenv\u00edala antes del 1 de Noviembre.<br \/>\n3- Recibir\u00e1s un correo de notificaci\u00f3n.<\/p>\n<h3>Las compa\u00f1\u00edas de danza\u00a0invitadas<\/h3>\n<ul>\n<li>Compa\u00f1\u00eda Mar G\u00f3mez (Espa\u00f1a),<\/li>\n<li>Colectivo en red &#8220;Los locos del planetario&#8221; (Morelia),<\/li>\n<li>Bio colectivo (Veracruz),<\/li>\n<li>Tatiana Zugazagoitia \u00a0(M\u00e9rida),<\/li>\n<li>F\u00e1bula Danza \u00a0(Cabo San Lucas),<\/li>\n<li>Edy Esquivel (Monterrey)<\/li>\n<li>Cinthya Due\u00f1as (Zacatecas),<\/li>\n<li>Luis Javier Alvarado (Saltillo),<\/li>\n<li>Portal en movimiento y M\u00e9dula Danza (Colombia- Vallarta),<\/li>\n<li>Kenya Murillo (Vallarta),<\/li>\n<li>Versus danza teatro (Vallarta),<\/li>\n<li>Colectivo Bailo luego existo (Vallarta),<\/li>\n<li>Doble &#8220;A&#8221; Teatro (Vallarta),<\/li>\n<li>Gaba Danza (Vallarta)<\/li>\n<\/ul>\n<h3>Falta educar al p\u00fablico para que aprecie la danza<\/h3>\n<p>Amigos lectores, si les pregunt\u00e1ramos a cu\u00e1ntos espect\u00e1culos de **danza asistieron estos \u00faltimos 12 meses en la Ciudad de M\u00e9xico, \u00bfcu\u00e1l ser\u00eda su respuesta?<\/p>\n<p>En 2010, el Consejo Nacional para la Cultura y las Artes (CNCA) realiz\u00f3 una\u00a0<a href=\"http:\/\/www.cultura.gob.mx\/encuesta_nacional\/#.V4gmKEIYOEI\">Encuesta Nacional de H\u00e1bitos, Pr\u00e1cticas y Consumo Culturales<\/a>.<br \/>\nDe acuerdo con los resultados, de 32 mil personas entrevistadas 66% contest\u00f3 que no asiste a espect\u00e1culos de danza.<br \/>\nLas principales razones son porque: no le interesa (26%), no tiene tiempo (24%), no tiene dinero ni tiempo (18%) o no conoce de estas actividades (8%).<\/p>\n<p>Buscando razones que pudieran explicar esta falta de entusiasmo por parte del p\u00fablico mexicano, nos encontramos con que tanto los core\u00f3grafos, como\u00a0las instituciones y el mism\u00edsimo p\u00fablico tienen su parte de responsabilidad en el asunto. Pero, lejos\u00a0de querer encontrar a un \u2018culpable\u2019, es m\u00e1s bien tiempo\u00a0que valoremos al potencial art\u00edstico ya existente en nuestro pa\u00eds.<\/p>\n<p>Y, como la demanda crea la oferta es preciso, por lo tanto, ponerse a la tarea de educar al p\u00fablico (es decir\u00a0a nosotros mismos) para que se acerque y aprecie este arte y se abra por ejemplo\u00a0al renovado estilo de danza conocido como\u00a0<strong>danza moderna<\/strong>\u00a0o\u00a0<strong>danza contempor\u00e1nea<\/strong>,\u00a0una de las menos \u2018sentida\u2019 en nuestro pa\u00eds,\u00a0y se deje contagiar por la frescura y libertad de movimientos que la definen.<\/p>\n<p>(**)En esta encuesta, el t\u00e9rmino<em>\u00a0danza<\/em>\u00a0abarca los estilos siguientes: Folcl\u00f3rica o tradicional mexicana; Danza cl\u00e1sica (Ballet); Hawaiano; Contempor\u00e1nea; Bailes de sal\u00f3n; Flamenco; Jazz; Danza \u00c1rabe; Danza Hebrea; Danzantes; Regional; Dram\u00e1tico).<\/p>\n","protected":false},"excerpt":{"rendered":"<p>Durante una semana en la ciudad de Vallarta, creadores esc\u00e9nicos y compa\u00f1\u00edas nacionales e internacionales de danza\u00a0contempor\u00e1nea\u00a0presentar\u00e1n con much\u00edsima creatividad<\/p>\n","protected":false},"author":2,"featured_media":19100,"comment_status":"closed","ping_status":"closed","sticky":false,"template":"","format":"standard","meta":[],"categories":[9,912],"tags":[10222,400,6163,10221,763,764,775,896,1068,1157,1163],"_links":{"self":[{"href":"https:\/\/www.travelbymexico.com\/blog\/wp-json\/wp\/v2\/posts\/19099"}],"collection":[{"href":"https:\/\/www.travelbymexico.com\/blog\/wp-json\/wp\/v2\/posts"}],"about":[{"href":"https:\/\/www.travelbymexico.com\/blog\/wp-json\/wp\/v2\/types\/post"}],"author":[{"embeddable":true,"href":"https:\/\/www.travelbymexico.com\/blog\/wp-json\/wp\/v2\/users\/2"}],"replies":[{"embeddable":true,"href":"https:\/\/www.travelbymexico.com\/blog\/wp-json\/wp\/v2\/comments?post=19099"}],"version-history":[{"count":9,"href":"https:\/\/www.travelbymexico.com\/blog\/wp-json\/wp\/v2\/posts\/19099\/revisions"}],"predecessor-version":[{"id":19109,"href":"https:\/\/www.travelbymexico.com\/blog\/wp-json\/wp\/v2\/posts\/19099\/revisions\/19109"}],"wp:featuredmedia":[{"embeddable":true,"href":"https:\/\/www.travelbymexico.com\/blog\/wp-json\/wp\/v2\/media\/19100"}],"wp:attachment":[{"href":"https:\/\/www.travelbymexico.com\/blog\/wp-json\/wp\/v2\/media?parent=19099"}],"wp:term":[{"taxonomy":"category","embeddable":true,"href":"https:\/\/www.travelbymexico.com\/blog\/wp-json\/wp\/v2\/categories?post=19099"},{"taxonomy":"post_tag","embeddable":true,"href":"https:\/\/www.travelbymexico.com\/blog\/wp-json\/wp\/v2\/tags?post=19099"}],"curies":[{"name":"wp","href":"https:\/\/api.w.org\/{rel}","templated":true}]}}