{"id":19079,"date":"2016-10-26T08:19:38","date_gmt":"2016-10-26T13:19:38","guid":{"rendered":"http:\/\/www.travelbymexico.com\/blog\/?p=19079"},"modified":"2016-10-26T08:21:14","modified_gmt":"2016-10-26T13:21:14","slug":"el-proximo-domingo-casi-todo-mexico-pasara-al-horario-de-invierno-2016","status":"publish","type":"post","link":"https:\/\/www.travelbymexico.com\/blog\/19079-el-proximo-domingo-casi-todo-mexico-pasara-al-horario-de-invierno-2016\/","title":{"rendered":"El pr\u00f3ximo domingo, casi todo M\u00e9xico pasar\u00e1 al Horario de Invierno 2016"},"content":{"rendered":"<h2>El pr\u00f3ximo domingo 30 de octubre de 2016 a las 2h00 de la ma\u00f1ana entrar\u00e1 el Horario de Invierno en M\u00e9xico (los relojes se atrasan una hora). Este cambio de horario se aplicar\u00e1 a casi todos los estados de la Rep\u00fablica Mexicana.<\/h2>\n<p>Los estados que <strong>no participan<\/strong> son los que integran la la *Franja Fronteriza con los Estados Unidos de Am\u00e9rica as\u00ed como los estados de Quintana Roo y Sonora.<\/p>\n<h3>Excepciones:<\/h3>\n<p><strong>*Los Estados de la Franja Fronteriza\u00a0<\/strong><\/p>\n<p>Se le denomina Franja Fronteriza Norte al territorio comprendido entre la l\u00ednea internacional y la l\u00ednea paralela ubicada a una distancia de 20 km hacia el interior del pa\u00eds en el tramo comprendido entre el l\u00edmite de la regi\u00f3n parcial del estado de Sonora y el Golfo de M\u00e9xico, as\u00ed como el municipio fronterizo de Cananea, Sonora.<\/p>\n<blockquote><p>Para los 33 municipios de la franja fronteriza del norte del pa\u00eds, el Horario de Invierno 2016 comenzar\u00e1\u00a0el pr\u00f3ximo domingo 6 de noviembre.<\/p><\/blockquote>\n<p>Municipios del Estado de Baja California:\u00a0Ensenada. Mexicali. Playa Rosarito. Tecate. Tijuana.<\/p>\n<p>Municipios del Estado de Chihuahua:\u00a0Ascenci\u00f3n. Coyame. Guadalupe. Janos. Ju\u00e1rez. Manuel Benavides. Oginaga. Praxedis.<\/p>\n<p>Municipios del Estado de Coahuila:\u00a0Acu\u00f1a. Guerrero. Hidalgo. Jim\u00e9nez. Nava. Ocampo. Piedras Negras. Zaragoza.<\/p>\n<p>Municipios del Estado de Nuevo Le\u00f3n:\u00a0An\u00e1huac. Los Aldamas.<\/p>\n<p>Municipios del Estado de Tamaulipas:\u00a0Camargo. Guerrero. Gustavo D\u00edaz Ordaz. Matamoros. Mier. Miguel Alem\u00e1n. Nuevo Laredo. Reynosa. R\u00edo Bravo. Valle Hermoso.<\/p>\n<p><strong>El Estado\u00a0de Sonora\u00a0<\/strong><\/p>\n<p>El Estado de Sonora <strong>**<\/strong>no pasa al Horario de Verano, por lo tanto no es necesario que pase al de Invierno.<\/p>\n<p><strong>El Estado de Quintana Roo<\/strong><\/p>\n<p>\u2013 Desde el 1 de febrero de 2015, los municipios del Estado de Quintana Roo cuentan con un\u00a0<a title=\" En febrero, Quintana Roo pasar\u00e1 a la nueva Zona Horaria Sureste\" href=\"http:\/\/www.travelbymexico.com\/blog\/17077-en-febrero-quintana-roo-pasara-a-la-nueva-zona-horaria-sureste\" target=\"_blank\">nuevo huso horario<\/a>\u00a0que corresponde a 1 hora m\u00e1s que en el centro del pa\u00eds.<\/p>\n<p>El estado de Quintana Roo tiene desde entonces\u00a0el mismo huso horario que todas las islas del Caribe, como Las Bahamas, Rep\u00fablica Dominicana, Puerto Rico, Cuba, Jamaica y las Antillas Menores.<\/p>\n<p>Este horario entr\u00f3 en vigor a partir de las 2:00 a.m. del domingo 1 de febrero de 2015 ganando una hora m\u00e1s de luz natural y se mantendr\u00e1 as\u00ed todo el a\u00f1o con el fin de igualar las horas del sol con respecto a los demas destinos tur\u00edsticos del Caribe (Cuba, Rep\u00fablica Dominicana, Miami, etc) que son competencia para la Riviera Maya.<\/p>\n<h3>M\u00e9xico est\u00e1 divido en 4 Husos Horarios<\/h3>\n<p>Tiempo del Sureste = UTC(CNM) \u2013 5<br \/>\nTiempo del Centro = UTC(CNM) \u2013 N<br \/>\nTiempo del Pac\u00edfico = UTC(CNM) \u2013 (N+1)<br \/>\nTiempo del Noroeste = UTC(CNM) \u2013 (N+2)<\/p>\n<p><strong>Zona Sureste de M\u00e9xico:\u00a0<\/strong><em>El pasado 4 de diciembre la c\u00e1mara de Diputados del H. Congreso de la Uni\u00f3n aprob\u00f3 la propuesta del Senado para\u00a0<strong>crear un nueva zona horaria<\/strong>en el pa\u00eds que regir\u00e1 en el Estado de Quintana Roo: la zona horaria del Sureste.<\/em><\/p>\n<p>Esta zona corresponde al meridiano 75 oeste y que comprende el territorio del Estado de Quintana Roo, y las islas, arrecifes y cayos quedar\u00e1n comprendidos dentro del meridiano al cual corresponda su situaci\u00f3n geogr\u00e1fica y de acuerdo a los instrumentos de derecho internacional aceptados.<strong><br \/>\n<\/strong><\/p>\n<p><strong>Zona Noreste de M\u00e9xico:<\/strong>\u00a0\u2028Corresponde al meridiano 120 grados al oeste de Greenwich:<em>Baja California.<\/em><\/p>\n<p><strong>Zona Pac\u00edfico de M\u00e9xico<\/strong>\u00a0(tambi\u00e9n llamada Zona de la Monta\u00f1a): Corresponde al meridiano 105 grados al oeste de Greenwich.\u00a0<em>Baja California Sur,\u2028 Chihuahua, \u2028Nayarit,\u2028 Sinaloa,\u2028 <strong>**Sonora<\/strong><\/em>, (en el Estado de Sonora no se aplica el Horario de Verano).<\/p>\n<p><strong>Zona Centro de M\u00e9xico<\/strong>: Corresponde al meridiano 90 grados al oeste de Greenwich:<em>Aguascalientes, Campeche, Coahuila, Colima, Chiapas, Distrito Federal, Durango, Guanajuato, Guerrero, Hidalgo, Jalisco, Estado de M\u00e9xico, Michoac\u00e1n, Morelos, Nuevo Le\u00f3n, Oaxaca, Puebla, Quer\u00e9taro, Quintana Roo, San Luis Potos\u00ed, Tabasco, Tamaulipas, Tlaxcala, Veracruz, Yucat\u00e1n y Zacatecas<\/em>.<\/p>\n<h3>\u00bfCu\u00e1l organismo genera y disemina la Hora Oficial en M\u00e9xico?<\/h3>\n<p>En M\u00e9xico la realizaci\u00f3n f\u00edsica del UTC (Tiempo Universal Coordinado) est\u00e1 a cargo del<strong>Centro Nacional de Metrolog\u00eda<\/strong>\u00a0y se denominada UTC (CNM).<\/p>\n<p>El CENAM genera y disemina la Hora Oficial para los Estados Unidos Mexicanos en los husos horarios establecidos en la Ley del Sistema de Horario en los Estados Unidos Mexicanos.<\/p>\n<p>El\u00a0<strong>Centro Nacional de Metrolog\u00eda<\/strong>\u00a0(CENAM) es un organismo descentralizado dependiente de la\u00a0<a title=\"Funciones de las Secretar\u00edas de Gobernaci\u00f3n en M\u00e9xico\" href=\"http:\/\/www.travelbymexico.com\/blog\/10022-funciones-de-las-secretarias-de-gobernacion-en-mexico\" target=\"_blank\">Secretar\u00eda de Econom\u00eda<\/a>, que fue creado con el fin de apoyar el sistema metrol\u00f3gico nacional.<\/p>\n<p><em><strong>La responsabilidad de establecer el horario de verano es del H. Congreso de la Uni\u00f3n.<\/strong><\/em><\/p>\n<p>El CENAM establece el patr\u00f3n nacional de escalas de tiempo, u hora oficial, y la Secretar\u00eda de Econom\u00eda lo reconoce como tal.<\/p>\n<p>Laboratorio nacional de referencia en materia de mediciones, El\u00a0<strong>CENAM<\/strong>\u00a0genera la Hora Oficial para los Estados Unidos Mexicanos en los husos horarios establecidos en la Ley del Sistema de Horario en los Estados Unidos Mexicanos.<\/p>\n","protected":false},"excerpt":{"rendered":"<p>El pr\u00f3ximo domingo 30 de octubre de 2016 a las 2h00 de la ma\u00f1ana entrar\u00e1 el Horario de Invierno en<\/p>\n","protected":false},"author":2,"featured_media":19080,"comment_status":"closed","ping_status":"closed","sticky":false,"template":"","format":"standard","meta":[],"categories":[912,30],"tags":[8534,262,7387,9440,4623,10216,10217,818,8790],"_links":{"self":[{"href":"https:\/\/www.travelbymexico.com\/blog\/wp-json\/wp\/v2\/posts\/19079"}],"collection":[{"href":"https:\/\/www.travelbymexico.com\/blog\/wp-json\/wp\/v2\/posts"}],"about":[{"href":"https:\/\/www.travelbymexico.com\/blog\/wp-json\/wp\/v2\/types\/post"}],"author":[{"embeddable":true,"href":"https:\/\/www.travelbymexico.com\/blog\/wp-json\/wp\/v2\/users\/2"}],"replies":[{"embeddable":true,"href":"https:\/\/www.travelbymexico.com\/blog\/wp-json\/wp\/v2\/comments?post=19079"}],"version-history":[{"count":5,"href":"https:\/\/www.travelbymexico.com\/blog\/wp-json\/wp\/v2\/posts\/19079\/revisions"}],"predecessor-version":[{"id":19085,"href":"https:\/\/www.travelbymexico.com\/blog\/wp-json\/wp\/v2\/posts\/19079\/revisions\/19085"}],"wp:featuredmedia":[{"embeddable":true,"href":"https:\/\/www.travelbymexico.com\/blog\/wp-json\/wp\/v2\/media\/19080"}],"wp:attachment":[{"href":"https:\/\/www.travelbymexico.com\/blog\/wp-json\/wp\/v2\/media?parent=19079"}],"wp:term":[{"taxonomy":"category","embeddable":true,"href":"https:\/\/www.travelbymexico.com\/blog\/wp-json\/wp\/v2\/categories?post=19079"},{"taxonomy":"post_tag","embeddable":true,"href":"https:\/\/www.travelbymexico.com\/blog\/wp-json\/wp\/v2\/tags?post=19079"}],"curies":[{"name":"wp","href":"https:\/\/api.w.org\/{rel}","templated":true}]}}