{"id":19046,"date":"2016-10-15T23:38:27","date_gmt":"2016-10-16T04:38:27","guid":{"rendered":"http:\/\/www.travelbymexico.com\/blog\/?p=19046"},"modified":"2016-10-15T23:38:48","modified_gmt":"2016-10-16T04:38:48","slug":"gran-desfile-de-muertos-2016-en-ciudad-de-mexico-y-programa-de-la-catrina-fest-mx-2016","status":"publish","type":"post","link":"https:\/\/www.travelbymexico.com\/blog\/19046-gran-desfile-de-muertos-2016-en-ciudad-de-mexico-y-programa-de-la-catrina-fest-mx-2016\/","title":{"rendered":"Gran Desfile de Muertos 2016 en Ciudad de M\u00e9xico y Programa de La Catrina Fest MX 2016"},"content":{"rendered":"<h2>Con una serie de actividades culturales, art\u00edsticas y gastron\u00f3micas se est\u00e1 celebrando desde el 01 de octubre y hasta el 12 de noviembre de 2016 &#8220;La Catrina Fest MX 2016&#8221;.<\/h2>\n<p><span style=\"line-height: 1.5;\">Descubre a continuaci\u00f3n el programa de eventos de \u201cLa Catrina Fest Mx 2016\u201d, el festival anual m\u00e1s completo de cultura, arte, turismo y gastronom\u00eda que enaltece la tradici\u00f3n mexicana del <a href=\"http:\/\/www.travelbymexico.com\/blog\/4940-dia-de-muertos-en-mexico\">D\u00eda de Muertos<\/a> en la Ciudad de M\u00e9xico y reg\u00edstrate para participar en el <strong>Gran\u00a0Desfile de Muertos<\/strong>, mismo\u00a0que\u00a0fue recreado e inmortalizado en la\u00a0\u00a0escena inicial de la \u00faltima pel\u00edcula de <em>James Bond<\/em> &#8220;<strong>Spectre<\/strong>&#8220;.\u00a0<\/span><\/p>\n<h3><span style=\"line-height: 1.5;\">Programa de eventos y actividades\u00a0<\/span><\/h3>\n<h3><span style=\"line-height: 1.5;\"><strong>Exposici\u00f3n aire libre de fotograf\u00edas de Catrinas<\/strong><br \/>\n<\/span><\/h3>\n<p><span style=\"line-height: 1.5;\">Fot\u00f3grafo J. Javier Mart\u00ednez C.<\/span><\/p>\n<p><span style=\"line-height: 1.5;\">Del 1\u00a0de Octubre al 6 de Noviembre 2016.\u00a0<em>Corredor Cultural \u00c1lvaro Obreg\u00f3n, Col. Roma Norte Del. Cuauht\u00e9moc, CDMX<\/em><\/span><\/p>\n<h3>Propuestas gastron\u00f3micas con platillos de temporada<\/h3>\n<p>Del 1 de octubre al 6 de noviembre 2016, varios restaurantes de la ciudad de M\u00e9xico ofrecer\u00e1n\u00a0deliciosas propuestas gastron\u00f3micas que podr\u00e1s degustar como men\u00fa oficial de La Catrina Fest MX 2016.<\/p>\n<p><span style=\"text-decoration: underline;\">Algunos de los restaurantes participantes<\/span>:<br \/>\nLos Fondues Insurgentes. Valencia 23, Insurgentes Mixcoac;<br \/>\nLos Fondues Sat\u00e9lite. Centro Comercial 2251, Cd. Sat\u00e9lite;<br \/>\nBellini- Montecito 38 Piso 45, Torre WTC Cd. de M\u00e9xico, Col. N\u00e1poles;<br \/>\nEl Mexicano. Eje 2 Poniente (R\u00edo Tiber) 107, Cuauht\u00e9moc.<br \/>\nFreedom Sports Bar and Grill. V\u00eda Gustavo Baz Prada 187 Hacienda de Echegaray.<br \/>\nLa Pescader\u00eda en Av Oaxaca 137, Roma Nte y m\u00e1s restaurantes.<\/p>\n<h3>Exposici\u00f3n Pl\u00e1stica y Artesanal<\/h3>\n<p>En el Centro Cultural del M\u00e9xico Contempor\u00e1neo\u00a0(CCMC)<br \/>\nExposici\u00f3n &#8220;Los Valores de La Catrina Fest MX 2016&#8221;, donde varios artistas exhibir\u00e1n diversos estilos y corrientes art\u00edsticas, obras realizadas en pintura, grafica, dibujo y fotograf\u00eda.<br \/>\nInauguraci\u00f3n: el 27 de Octubre a las 17 horas. Disponible hasta el 12 de noviembre 2016.<br \/>\nCCMC, Calle Leandro Valle 20, Cuauht\u00e9moc, Centro Hist\u00f3rico.<\/p>\n<h3><span style=\"line-height: 1.5;\">Gran desfile del contingente La Catrina Fest MX 2016<\/span><\/h3>\n<p><span style=\"line-height: 1.5;\">Entre los eventos m\u00e1s\u00a0esperados de este festival\u00a0se encuentra el magno Desfile de Muertos en el que Catrinas, Catrines llenar\u00e1n el\u00a0Centro Hist\u00f3rico de la capital con misticismo, flores, m\u00fasica, baile y alegr\u00eda, tal como fue inmortalizado en &#8220;Spectre&#8221;,\u00a0 la pel\u00edcula m\u00e1s reciente del agente 007.\u00a0\u00a0<\/span><\/p>\n<p><strong>\u00bfCu\u00e1ndo y d\u00f3nde?<\/strong><\/p>\n<p>S\u00e1bado 29 de Octubre 12 p.m. (hasta las 20 horas) R\u00edo T\u00edber y Reforma Col. Cuauht\u00e9moc, del. Cuauht\u00e9moc. CDMX<br \/>\nReg\u00edstrate aqu\u00ed y desfila en Av. Paseo de La Reforma del <a href=\"http:\/\/www.travelbymexico.com\/blog\/10807-el-angel-de-la-independencia-en-la-ciudad-de-mexico\">\u00c1ngel de la Independencia<\/a> al Z\u00f3calo.<\/p>\n<p><strong>\u00bfC\u00f3mo participar?\u00a0<\/strong><\/p>\n<p>Para participar dentro del desfile <span style=\"text-decoration: underline;\">ser\u00e1 indispensable haber asistido al ensayo y contar con pre-registro<\/span>. El cupo es limitado.<\/p>\n<p>Para\u00a0participar a este desfile te invitamos a seguir las <a href=\"https:\/\/www.lacatrinafestmx.com\/evento-gran-desfile-del-contingente-la-catrina-fest-mx-2016-65\">siguientes instrucciones<\/a>.<\/p>\n<h3>Fiesta de La Catrina Fest MX en El Mexicano y La Pescader\u00eda<\/h3>\n<p>Despu\u00e9s de haber disfrutado del Gran desfile del d\u00eda de muertos de CDMX, junto con el contingente de La Catrina Fest MX, los eventos de ese d\u00eda cerrar\u00e1n con broche de oro en los restaurantes <em>El Mexicano<\/em> y <em>La Pescader\u00eda<\/em>.<br \/>\nAdem\u00e1s de poder\u00a0degustar del men\u00fa oficial de La Catrina Fest MX 2016, habr\u00e1 tragos de cortes\u00eda y sorpresas para catrinas, aparte de la ambientaci\u00f3n completa de\u00a0los\u00a0lugares con motivo del d\u00eda de Muertos.<br \/>\nA partir de las 8:00 pm.\u00a0<strong>La Pescader\u00eda<\/strong> en Av Oaxaca 137, Roma Nte.<strong>\u00a0El Mexicano<\/strong>. Eje 2 Poniente (R\u00edo Tiber) 107, Col. Cuauht\u00e9moc.<\/p>\n<h3>Exposici\u00f3n de Ofrendas Tradicionales<\/h3>\n<p><strong>La Catrina Fest MX<\/strong> en coordinaci\u00f3n con <strong>Seffir Arte L\u00fagubre<\/strong>; varias galer\u00edas y comercios<br \/>\nd\u00edas 1 y 2 de Noviembre una serie de fascinantes ofrendas de D\u00eda de Muertos, as\u00ed como leyendas dramatizadas y otras manifestaciones art\u00edsticas en el Corredor Cultural \u00c1lvaro Obreg\u00f3n. De 12:00 a 20:00 horas.<\/p>\n<h3>Procesi\u00f3n enigm\u00e1tica de La Catrina Fest MX 2016<\/h3>\n<h3>(Nuevo Record de Catrinas y Catrines en movimiento.)<\/h3>\n<p>2 de noviembre de 2016 a las 12 horas.\u00a0Alrededor de \u00c1lvaro Obreg\u00f3n y \u00c1ngela Peralta.<\/p>\n<p>Catrines y catrinas visitar\u00e1n\u00a0restaurantes y lugares especiales, donde una din\u00e1mica formar\u00e1 parte de la diversi\u00f3n a lo largo del recorrido. Adem\u00e1s un desfile de autos y variedad art\u00edstico-musical amenizar\u00e1n el ambiente.<\/p>\n","protected":false},"excerpt":{"rendered":"<p>Con una serie de actividades culturales, art\u00edsticas y gastron\u00f3micas se est\u00e1 celebrando desde el 01 de octubre y hasta el<\/p>\n","protected":false},"author":2,"featured_media":19048,"comment_status":"closed","ping_status":"closed","sticky":false,"template":"","format":"standard","meta":[],"categories":[912],"tags":[8263,10207,5180,10206,9446,410,508,9423,10205,10204],"_links":{"self":[{"href":"https:\/\/www.travelbymexico.com\/blog\/wp-json\/wp\/v2\/posts\/19046"}],"collection":[{"href":"https:\/\/www.travelbymexico.com\/blog\/wp-json\/wp\/v2\/posts"}],"about":[{"href":"https:\/\/www.travelbymexico.com\/blog\/wp-json\/wp\/v2\/types\/post"}],"author":[{"embeddable":true,"href":"https:\/\/www.travelbymexico.com\/blog\/wp-json\/wp\/v2\/users\/2"}],"replies":[{"embeddable":true,"href":"https:\/\/www.travelbymexico.com\/blog\/wp-json\/wp\/v2\/comments?post=19046"}],"version-history":[{"count":3,"href":"https:\/\/www.travelbymexico.com\/blog\/wp-json\/wp\/v2\/posts\/19046\/revisions"}],"predecessor-version":[{"id":19050,"href":"https:\/\/www.travelbymexico.com\/blog\/wp-json\/wp\/v2\/posts\/19046\/revisions\/19050"}],"wp:featuredmedia":[{"embeddable":true,"href":"https:\/\/www.travelbymexico.com\/blog\/wp-json\/wp\/v2\/media\/19048"}],"wp:attachment":[{"href":"https:\/\/www.travelbymexico.com\/blog\/wp-json\/wp\/v2\/media?parent=19046"}],"wp:term":[{"taxonomy":"category","embeddable":true,"href":"https:\/\/www.travelbymexico.com\/blog\/wp-json\/wp\/v2\/categories?post=19046"},{"taxonomy":"post_tag","embeddable":true,"href":"https:\/\/www.travelbymexico.com\/blog\/wp-json\/wp\/v2\/tags?post=19046"}],"curies":[{"name":"wp","href":"https:\/\/api.w.org\/{rel}","templated":true}]}}