{"id":18964,"date":"2016-09-11T20:50:24","date_gmt":"2016-09-12T01:50:24","guid":{"rendered":"http:\/\/www.travelbymexico.com\/blog\/?p=18964"},"modified":"2016-09-11T20:51:31","modified_gmt":"2016-09-12T01:51:31","slug":"fechas-de-los-puentes-y-vacaciones-escolares-2016-2017-en-mexico","status":"publish","type":"post","link":"https:\/\/www.travelbymexico.com\/blog\/18964-fechas-de-los-puentes-y-vacaciones-escolares-2016-2017-en-mexico\/","title":{"rendered":"Fechas de los Puentes y Vacaciones Escolares 2016-2017 en M\u00e9xico"},"content":{"rendered":"<h2>Conoce las fechas de los pr\u00f3ximos puentes y vacaciones de Navidad y Semana Santa para los dos calendarios del ciclo escolar 2016-2017 en M\u00e9xico.<\/h2>\n<p>A continuaci\u00f3n les compartimos los <strong>dos calendarios<\/strong>, uno de 200 d\u00edas y otro de 185, publicados en el Diario Oficial de la Federaci\u00f3n (<a href=\"http:\/\/www.dof.gob.mx\/nota_detalle.php?codigo=5438896&amp;fecha=26\/05\/2016\">DOF: 26\/05\/2016<\/a>) y correspondientes a los los calendarios escolares para el ciclo escolar 2016 \u2013 2017.<\/p>\n<h3>Calendario Escolar de 200 d\u00edas<\/h3>\n<p>Este es el calendario aplicable para las escuelas de educaci\u00f3n preescolar, primaria, secundaria, normal y dem\u00e1s para la formaci\u00f3n de maestros de educaci\u00f3n b\u00e1sica, p\u00fablicas y particulares incorporadas al Sistema Educativo nacional.<\/p>\n<h3>Calendario Escolar de 185 d\u00edas<\/h3>\n<p>Este calendario es aplicable para\u00a0las escuelas de educaci\u00f3n preescolar, primaria y secundaria, p\u00fablicas y particulares incorporadas al Sistema Educativo Nacional que cumplan con todos los requisitos que se establezcan en los lineamientos que expida la Secretar\u00eda de Educaci\u00f3n P\u00fablica.<\/p>\n<h3>Inicio de Curso 2016-2017<\/h3>\n<p>Para ambos calendarios el inicio de cursos para el ciclo escolar 2016 \u2013 2017 fue el lunes 22 de agosto de 2016.<\/p>\n<h3>Fin de Curso 2016-2017<\/h3>\n<p>El fin de cursos para las escuelas con 200 d\u00edas de clases ser\u00e1 el 18 de julio 2017.<\/p>\n<p>El fin de cursos para las escuelas de 185 d\u00edas ser\u00e1 el 27 de junio 2017.<\/p>\n<h3>D\u00edas feriados\u00a0(Puentes)\u00a0para ambos calendarios<\/h3>\n<p>&#8211; Viernes 16 de septiembre, por aniversario de la Independencia<\/p>\n<p>&#8211; Mi\u00e9rcoles 2 de noviembre, por el D\u00eda de los Defuntos<\/p>\n<p>&#8211; Lunes 21 de noviembre, por aniversario de la Revoluci\u00f3n Mexicana<\/p>\n<p>&#8211; Viernes 6 de enero, por el D\u00eda de Reyes<\/p>\n<p>&#8211; Lunes 6 de febrero, por el aniversario de la Constituci\u00f3n<\/p>\n<p>&#8211; Lunes 20 de marzo, por el aniversario del natalicio de Benito Ju\u00e1rez<\/p>\n<p>&#8211; Lunes 1 de mayo, por el D\u00eda del Trabajo<\/p>\n<p>&#8211; Viernes 5 de mayo, por el aniversario de la Batalla de Puebla<\/p>\n<p>&#8211; Lunes 15 de mayo, por el D\u00eda del Maestro<\/p>\n<h3>Fechas Vacaciones Escolares Navidad 2016<\/h3>\n<p>Del lunes 19 de diciembre 2016 al domingo 1 de enero 2017.<\/p>\n<h3>Fechas Vacaciones Escolares Semana Santa 2017<\/h3>\n<p>Del lunes 10 al viernes 21 de abril 2017.<\/p>\n","protected":false},"excerpt":{"rendered":"<p>Conoce las fechas de los pr\u00f3ximos puentes y vacaciones de Navidad y Semana Santa para los dos calendarios del ciclo<\/p>\n","protected":false},"author":2,"featured_media":18965,"comment_status":"closed","ping_status":"closed","sticky":false,"template":"","format":"standard","meta":[],"categories":[912,30],"tags":[10144,10145,10143,10146,10142,4433,516,2710,10147,1140,9815],"_links":{"self":[{"href":"https:\/\/www.travelbymexico.com\/blog\/wp-json\/wp\/v2\/posts\/18964"}],"collection":[{"href":"https:\/\/www.travelbymexico.com\/blog\/wp-json\/wp\/v2\/posts"}],"about":[{"href":"https:\/\/www.travelbymexico.com\/blog\/wp-json\/wp\/v2\/types\/post"}],"author":[{"embeddable":true,"href":"https:\/\/www.travelbymexico.com\/blog\/wp-json\/wp\/v2\/users\/2"}],"replies":[{"embeddable":true,"href":"https:\/\/www.travelbymexico.com\/blog\/wp-json\/wp\/v2\/comments?post=18964"}],"version-history":[{"count":2,"href":"https:\/\/www.travelbymexico.com\/blog\/wp-json\/wp\/v2\/posts\/18964\/revisions"}],"predecessor-version":[{"id":18967,"href":"https:\/\/www.travelbymexico.com\/blog\/wp-json\/wp\/v2\/posts\/18964\/revisions\/18967"}],"wp:featuredmedia":[{"embeddable":true,"href":"https:\/\/www.travelbymexico.com\/blog\/wp-json\/wp\/v2\/media\/18965"}],"wp:attachment":[{"href":"https:\/\/www.travelbymexico.com\/blog\/wp-json\/wp\/v2\/media?parent=18964"}],"wp:term":[{"taxonomy":"category","embeddable":true,"href":"https:\/\/www.travelbymexico.com\/blog\/wp-json\/wp\/v2\/categories?post=18964"},{"taxonomy":"post_tag","embeddable":true,"href":"https:\/\/www.travelbymexico.com\/blog\/wp-json\/wp\/v2\/tags?post=18964"}],"curies":[{"name":"wp","href":"https:\/\/api.w.org\/{rel}","templated":true}]}}