{"id":18908,"date":"2016-08-25T19:12:33","date_gmt":"2016-08-26T00:12:33","guid":{"rendered":"http:\/\/www.travelbymexico.com\/blog\/?p=18908"},"modified":"2016-08-25T19:16:01","modified_gmt":"2016-08-26T00:16:01","slug":"festival-echale-flores-a-mexico-2016-en-los-jardines-de-mexico","status":"publish","type":"post","link":"https:\/\/www.travelbymexico.com\/blog\/18908-festival-echale-flores-a-mexico-2016-en-los-jardines-de-mexico\/","title":{"rendered":"Festival \u201c\u00c9chale flores a M\u00e9xico 2016\u201d en los Jardines de M\u00e9xico"},"content":{"rendered":"<h2>En el marco de las Fiestas Patr\u00edas 2016, los jardines florales m\u00e1s grandes del mundo te invitan a su festival \u201c\u00c9chale flores a M\u00e9xico\u201d por celebrarse del viernes 16 al domingo 18 de septiembre.<\/h2>\n<p>Situados a 25 minutos de la ciudad de Cuernavaca, Jardines de M\u00e9xico consta de 51 hect\u00e1reas distribuidas en:<\/p>\n<p>37 Has. de jardines de contemplaci\u00f3n:<br \/>\n7 Jardines:<br \/>\n&#8211; Jard\u00edn estilo Italiano<br \/>\n&#8211; Jard\u00edn estilo Japon\u00e9s<br \/>\n&#8211; Jard\u00edn de Cact\u00e1ceas<br \/>\n&#8211; Jard\u00edn Tropical<br \/>\n&#8211; Jard\u00edn de las 4 primaveras<br \/>\n&#8211; Abanico de Flores<br \/>\n&#8211; Laberinto de los Sentidos<\/p>\n<p>11 Has. de estacionamientos y servicios generales.<br \/>\n3 Has. de \u00e1rea de producci\u00f3n vegetal en invernaderos.<\/p>\n<h3>Taller \u00a1Pinta tu XICO!<\/h3>\n<p>Actividad en la que los ni\u00f1os podr\u00e1n plasmar su personalidad y sentir sobre un XICO de barro.<br \/>\nCosto: $200 pesos. (del 16 al 18 de septiembre 2016).<\/p>\n<h3>Viernes 16 de septiembre 2016<\/h3>\n<p>9:00 hrs.<br \/>\nMagna Exposici\u00f3n de Cartoner\u00eda.<br \/>\nExpo-Venta de Cartoner\u00eda<br \/>\nComida Buffet y platillo especial \u2018a la carta\u2019.<br \/>\n11:00 hrs.<br \/>\nTaller: Las cact\u00e1ceas de M\u00e9xico.<br \/>\nDemostraci\u00f3n de elaboraci\u00f3n de piezas monumentales.<br \/>\nTaller: nopales y pitayas de M\u00e9xico<br \/>\nTaller: Cultivando <a href=\"http:\/\/www.travelbymexico.com\/blog\/16369-la-dalia-flor-nacional-de-mexico\/\">dalias<\/a><br \/>\nVaquer\u00eda Yucateca<br \/>\nJuguete mexicano<br \/>\n15:00 hrs.<br \/>\nMariachi<br \/>\nChiapanecas<br \/>\nCompa\u00f1\u00eda de baile y entretenimiento Jardines de M\u00e9xico.<br \/>\n17:00 hrs. Cierre de evento: Compa\u00f1\u00eda de baile y entretenimiento (duraci\u00f3n 1 hora).<\/p>\n<h3>S\u00e1bado 17 de septiembre 2016<\/h3>\n<p>9:00 hrs.<br \/>\nMagna Exposici\u00f3n de Cartoner\u00eda.<br \/>\nExpo-Venta de Cartoner\u00eda<br \/>\nComida Buffet y platillo especial \u2018a la carta\u2019.<br \/>\nTaller: Entre chiles y quelites<br \/>\n11:00 hrs. Taller: injertos.<br \/>\n12:00 hrs.<br \/>\nDemostraci\u00f3n de elaboraci\u00f3n de piezas monumentales.<br \/>\nJuguete mexicano<br \/>\nVaquer\u00eda Yucateca<br \/>\nMuestra Gastron\u00f3mica: Dalia la Flor de M\u00e9xico<br \/>\nHomenaje al maestro carbonero Leonardo Linares .<br \/>\n13:00 hrs. Recorrido guiado a cargo del maestro Leonado Linares.<br \/>\n15:00 hrs. Mariachi<br \/>\n16:00 hrs. Chiapanecas del Balles Jardines de M\u00e9xico<br \/>\n16:10 hrs. Baile de caballos<br \/>\n17:00 hrs. Caravana \u2018\u00c9chale flores a M\u00e9xico\u2019<br \/>\n17:30 hrs. Cierre del evento: Show Folklore Mexicano (duraci\u00f3n 1 hr 30).<\/p>\n<h3>Domingo 18 de septiembre 2016<\/h3>\n<p>9:00 hrs.<br \/>\nMagna Exposici\u00f3n de Cartoner\u00eda.<br \/>\nExpo-Venta de Cartoner\u00eda<br \/>\nComida Buffet y platillo especial \u2018a la carta\u2019.<br \/>\n11:00 hrs.<br \/>\nTaller: Las cact\u00e1ceas de M\u00e9xico.<br \/>\nDemostraci\u00f3n de elaboraci\u00f3n de piezas monumentales.<br \/>\nTaller: nopales y pitayas de M\u00e9xico<br \/>\nTaller: Cultivando dalias<br \/>\nVaquer\u00eda Yucateca<br \/>\n15:00 hrs. Mariachi<br \/>\n16:00 hrs. Chiapanecas del Ballet Jardines de M\u00e9xico<br \/>\n17:00 hrs. Cierre de evento: Show Compa\u00f1\u00eda de Baile y Entretenimiento Jardines de M\u00e9xico (Duraci\u00f3n 1hora).<\/p>\n<h3>Direcci\u00f3n<\/h3>\n<p>Jardines de M\u00e9xico<\/p>\n<p>Saliendo del CTC (Centro Tur\u00edstico Cuernavaca), ubicado en Avenida R\u00edo Mayo No. 807 Colonia Vista Hermosa, Cuernavaca, Morelos.<\/p>\n<h3>Boletos<\/h3>\n<p>Promoci\u00f3n 3&#215;2 en tu acceso.<br \/>\nCompra de boletos en: http:\/\/bit.ly\/boletosJDM<br \/>\nTel: 777 333 0141 al 50. Ext. 3132.<\/p>\n<p><a href=\"http:\/\/www.travelbymexico.com\/cuernavaca\/hoteles\/\">Reserva tu hotel en Cuernavaca, Morelos, M\u00e9xico<\/a><\/p>\n<div class=\"fitvids-video\">\n<blockquote data-secret=\"E6CFZQcMbv\" class=\"wp-embedded-content\"><p><a href=\"http:\/\/www.travelbymexico.com\/blog\/16369-la-dalia-flor-nacional-de-mexico\/\">La Dalia: Flor nacional de M\u00e9xico<\/a><\/p><\/blockquote>\n<p><iframe class=\"wp-embedded-content\" sandbox=\"allow-scripts\" security=\"restricted\" style=\"position: absolute; clip: rect(1px, 1px, 1px, 1px);\" src=\"http:\/\/www.travelbymexico.com\/blog\/16369-la-dalia-flor-nacional-de-mexico\/embed\/#?secret=E6CFZQcMbv\" data-secret=\"E6CFZQcMbv\" width=\"600\" height=\"338\" title=\"&#8220;La Dalia: Flor nacional de M\u00e9xico&#8221; &#8212; Gu\u00eda Tur\u00edstica de M\u00e9xico | Travel By M\u00e9xico\" frameborder=\"0\" marginwidth=\"0\" marginheight=\"0\" scrolling=\"no\"><\/iframe><\/div>\n","protected":false},"excerpt":{"rendered":"<p>En el marco de las Fiestas Patr\u00edas 2016, los jardines florales m\u00e1s grandes del mundo te invitan a su festival<\/p>\n","protected":false},"author":2,"featured_media":18910,"comment_status":"closed","ping_status":"closed","sticky":false,"template":"","format":"standard","meta":[],"categories":[37,912],"tags":[1353,4611,10107,509,537,577,10108,1505,1157],"_links":{"self":[{"href":"https:\/\/www.travelbymexico.com\/blog\/wp-json\/wp\/v2\/posts\/18908"}],"collection":[{"href":"https:\/\/www.travelbymexico.com\/blog\/wp-json\/wp\/v2\/posts"}],"about":[{"href":"https:\/\/www.travelbymexico.com\/blog\/wp-json\/wp\/v2\/types\/post"}],"author":[{"embeddable":true,"href":"https:\/\/www.travelbymexico.com\/blog\/wp-json\/wp\/v2\/users\/2"}],"replies":[{"embeddable":true,"href":"https:\/\/www.travelbymexico.com\/blog\/wp-json\/wp\/v2\/comments?post=18908"}],"version-history":[{"count":4,"href":"https:\/\/www.travelbymexico.com\/blog\/wp-json\/wp\/v2\/posts\/18908\/revisions"}],"predecessor-version":[{"id":18913,"href":"https:\/\/www.travelbymexico.com\/blog\/wp-json\/wp\/v2\/posts\/18908\/revisions\/18913"}],"wp:featuredmedia":[{"embeddable":true,"href":"https:\/\/www.travelbymexico.com\/blog\/wp-json\/wp\/v2\/media\/18910"}],"wp:attachment":[{"href":"https:\/\/www.travelbymexico.com\/blog\/wp-json\/wp\/v2\/media?parent=18908"}],"wp:term":[{"taxonomy":"category","embeddable":true,"href":"https:\/\/www.travelbymexico.com\/blog\/wp-json\/wp\/v2\/categories?post=18908"},{"taxonomy":"post_tag","embeddable":true,"href":"https:\/\/www.travelbymexico.com\/blog\/wp-json\/wp\/v2\/tags?post=18908"}],"curies":[{"name":"wp","href":"https:\/\/api.w.org\/{rel}","templated":true}]}}