{"id":18891,"date":"2016-08-20T22:30:47","date_gmt":"2016-08-21T03:30:47","guid":{"rendered":"http:\/\/www.travelbymexico.com\/blog\/?p=18891"},"modified":"2016-08-21T22:54:28","modified_gmt":"2016-08-22T03:54:28","slug":"hay-festival-queretaro-2016-festival-cultural-que-celebra-las-artes-y-las-ciencias","status":"publish","type":"post","link":"https:\/\/www.travelbymexico.com\/blog\/18891-hay-festival-queretaro-2016-festival-cultural-que-celebra-las-artes-y-las-ciencias\/","title":{"rendered":"Hay Festival Quer\u00e9taro 2016: Festival cultural que celebra las artes y las ciencias"},"content":{"rendered":"<h2>Con m\u00e1s de 100 invitados procedentes de 17 pa\u00edses, entre ellos el escritor franc\u00e9s &#8216;Premio Nobel de Literatura 2008&#8217; JMG Le Cl\u00e9zio, el &#8216;Premio Nobel de la Paz 2015&#8217; Ahmed Galai, la escritora mexicana Elena Poniatowska, la periodista mexicana Carmen Aristegui, el actor y director cubano Jorge Perugorr\u00eda y el actor argentino Leonardo Sbaraglia, el Hay Festival Quer\u00e9taro 2016 te invita a celebrar las Artes y la Ciencias en varias sedes de la ciudad de Quer\u00e9taro.<\/h2>\n<h3>Or\u00edgenes del Hay Festival<\/h3>\n<p>\u2018Hay Festival\u2019 es un festival literario y de artes originado en <strong>Hay-on-Wye<\/strong>, peque\u00f1a poblaci\u00f3n mercantil de 1500 habitantes situada en Gales y en donde \u00a1existen 41 librer\u00edas! por lo que es conocida tambi\u00e9n como <strong>la ciudad de los libros<\/strong>.<\/p>\n<p>Lo que inici\u00f3 en 1988 como un encuentro de amigos para compartir y debatir sus gustos en literatura, m\u00fasica y otras artes en una peque\u00f1a poblaci\u00f3n de Gales, se ha convertido en un certamen anual y un festival cultural y de ideas para todos los p\u00fablicos que celebra las artes y las ciencias mediante charlas, talleres, proyecciones de pel\u00edculas, conciertos, debates, obras de teatro y lecturas con expertos internacionales en los campos de la literatura, la ciencia, el cine, la m\u00fasica, los derechos humanos, el periodismo etc.<\/p>\n<p>Desde el a\u00f1o de 1996 el Hay Festival es celebrado en otros pa\u00edses del mundo como M\u00e9xico, Brasil, Colombia, Per\u00fa, Italia y Espa\u00f1a.<\/p>\n<h3>Hay Festival Quer\u00e9taro 2016<\/h3>\n<p>Con el lema \u201c<strong>Imagina el Mundo<\/strong>\u201d, el Hay Festival Quer\u00e9taro 2016 se celebrar\u00e1 del 1 al 4 de septiembre. Les recomendamos reservar ya sus boletos.<\/p>\n<p>Recordando a los grandes: Shakespeare, Cervantes y el Inca Garcilaso; Los derechos humanos en Latinoam\u00e9rica; \u00bfC\u00f3mo mejorar tu cerebro?; Viajar y escribir; Elena Poniatowska en conversaci\u00f3n con Xavier Ay\u00e9n; El reto del periodismo online en Am\u00e9rica Latina; Curso acelerado para editores noveles (y para algunos no tan noveles\u2026); \u00bfC\u00f3mo editar libros infantiles que no aumenten la estupidez universal? son unos de los eventos y actividades que te esperan en el Hay Festival Quer\u00e9taro 2016.<\/p>\n<p><strong>Para conocer el Programa Completo del Hay Festival Quer\u00e9taro 2016, consulta <a href=\"https:\/\/www.hayfestival.com\/queretaro\/downloads\/hay-festival-queretaro-2016-agenda-pantalla.pdf\">este enlace<\/a>.\u00a0\u00a0<\/strong><\/p>\n<h3>Sedes<\/h3>\n<p>Cineteatro Rosal\u00edo Solano<br \/>\nJard\u00edn Guerrero<br \/>\nMuseo Regional<br \/>\nMuseo de la Ciudad, Sala Christo<br \/>\nPalacio Municipal<br \/>\nPatio Delegaci\u00f3n Centro Hist\u00f3rico<br \/>\nPlaza Fundadores<br \/>\nTeatro de la Ciudad<br \/>\nUniversidad An\u00e1huac, Aula Magna Edificio C<br \/>\nUniversidad UCQ, Auditorio H\u00e9roes de la Patria<br \/>\nUniversidad ITESM, Foro de Televisi\u00f3n del Centro de Medios<br \/>\nUVM, Gimnasio Auditorio del Campus Quer\u00e9taro<br \/>\nITESM, SUM de Prepa, Sal\u00f3 11501\/2<br \/>\nLibrer\u00eda Sancho Panza.<\/p>\n<p><strong><a href=\"http:\/\/www.travelbymexico.com\/queretaro\/hoteles\">Reserva tu hotel en la ciudad de Quer\u00e9taro<\/a><\/strong><\/p>\n<h3>Boletos<\/h3>\n<p><strong>Online<\/strong>: web: www.hayfestival.org\/queretaro En taquilla: Entrega de boletos reservados online y venta en: Teatro Alameda: calle 16 de septiembre, 76000 Quer\u00e9taro.<\/p>\n<p>Horario de atenci\u00f3n: 29 de agosto de las 10 h a las 16 h. A partir del 30 de agosto de 10 h a 20 h.<\/p>\n<p><strong>En sedes<\/strong>: Si quedaran boletos disponibles antes de la charla, se podr\u00e1n adquirir directamente en la sede correspondiente antes de cada evento (hasta completar aforo).<\/p>\n<p><strong>Precios*<\/strong><br \/>\nEventos: $30 pesos Proyecciones: $20 pesos Concierto: $60 pesos (The Suffers)<\/p>\n<p>* Estudiantes y mayores de 65 a\u00f1os: el 25 % del aforo se ofrecer\u00e1 de manera gratuita hasta completar cupo. Para la solicitud de reserva de estos boletos, pueden registrar- se online. Se podr\u00e1 solicitar una entrada por evento.<\/p>\n<p>Los eventos de los programas Hay Joven, Hay Festivalito y Talento Editorial son gratuitos, previo registro online.<\/p>\n<p>Se podr\u00e1 solicitar una entrada por evento. Para reservar los eventos de Hay Festivalito HF1 y HF2 por favor llame directamente al Museo de la Ciudad al n\u00famero 224 3756.<\/p>\n","protected":false},"excerpt":{"rendered":"<p>Con m\u00e1s de 100 invitados procedentes de 17 pa\u00edses, entre ellos el escritor franc\u00e9s &#8216;Premio Nobel de Literatura 2008&#8217; JMG<\/p>\n","protected":false},"author":2,"featured_media":18892,"comment_status":"closed","ping_status":"closed","sticky":false,"template":"","format":"standard","meta":[],"categories":[37,912],"tags":[10092,10087,325,3718,543,2028,10088,10093,10091,10089,10090,3611],"_links":{"self":[{"href":"https:\/\/www.travelbymexico.com\/blog\/wp-json\/wp\/v2\/posts\/18891"}],"collection":[{"href":"https:\/\/www.travelbymexico.com\/blog\/wp-json\/wp\/v2\/posts"}],"about":[{"href":"https:\/\/www.travelbymexico.com\/blog\/wp-json\/wp\/v2\/types\/post"}],"author":[{"embeddable":true,"href":"https:\/\/www.travelbymexico.com\/blog\/wp-json\/wp\/v2\/users\/2"}],"replies":[{"embeddable":true,"href":"https:\/\/www.travelbymexico.com\/blog\/wp-json\/wp\/v2\/comments?post=18891"}],"version-history":[{"count":3,"href":"https:\/\/www.travelbymexico.com\/blog\/wp-json\/wp\/v2\/posts\/18891\/revisions"}],"predecessor-version":[{"id":18895,"href":"https:\/\/www.travelbymexico.com\/blog\/wp-json\/wp\/v2\/posts\/18891\/revisions\/18895"}],"wp:featuredmedia":[{"embeddable":true,"href":"https:\/\/www.travelbymexico.com\/blog\/wp-json\/wp\/v2\/media\/18892"}],"wp:attachment":[{"href":"https:\/\/www.travelbymexico.com\/blog\/wp-json\/wp\/v2\/media?parent=18891"}],"wp:term":[{"taxonomy":"category","embeddable":true,"href":"https:\/\/www.travelbymexico.com\/blog\/wp-json\/wp\/v2\/categories?post=18891"},{"taxonomy":"post_tag","embeddable":true,"href":"https:\/\/www.travelbymexico.com\/blog\/wp-json\/wp\/v2\/tags?post=18891"}],"curies":[{"name":"wp","href":"https:\/\/api.w.org\/{rel}","templated":true}]}}