{"id":18863,"date":"2016-08-09T23:09:53","date_gmt":"2016-08-10T04:09:53","guid":{"rendered":"http:\/\/www.travelbymexico.com\/blog\/?p=18863"},"modified":"2016-08-09T23:13:07","modified_gmt":"2016-08-10T04:13:07","slug":"reabrio-la-sala-japon-la-tierra-del-sol-naciente-en-el-museo-nacional-de-las-culturas","status":"publish","type":"post","link":"https:\/\/www.travelbymexico.com\/blog\/18863-reabrio-la-sala-japon-la-tierra-del-sol-naciente-en-el-museo-nacional-de-las-culturas\/","title":{"rendered":"Reabri\u00f3 la \u201cSala Jap\u00f3n. La tierra del Sol Naciente\u201d en el Museo Nacional de las Culturas"},"content":{"rendered":"<h2>La renovada sala permanente dedicada a Jap\u00f3n del Museo Nacional de las Culturas de la Ciudad de M\u00e9xico reabri\u00f3 sus puertas el pasado jueves.<\/h2>\n<h2>Su nuevo discurso tem\u00e1tico est\u00e1 integrado por 120 piezas,\u00a0de las cuales una tercera parte son r\u00e9plicas de obras consideradas en Jap\u00f3n tesoros nacionales.<\/h2>\n<p>En la ceremonia de inauguraci\u00f3n estuvieron presentes<strong>\u00a0Jos\u00e9 Enrique Ortiz Lanz<\/strong>, coordinador nacional de Museos y Exposiciones; <strong>Excelent\u00edsimo Se\u00f1or Akira Yamada<\/strong>, embajador de Jap\u00f3n en M\u00e9xico; <strong>Teresa Franco<\/strong>, directora general del INAH; <strong>Gloria Artis<\/strong>, directora del Museo Nacional de las Culturas; <strong>Masaru Susaki<\/strong>, director de la Fundaci\u00f3n M\u00e9xico-Jap\u00f3n, y <strong>Diego Prieto<\/strong>, secretario t\u00e9cnico del INAH.<\/p>\n<p>Durante la ceremonia, el Embajador de Jap\u00f3n se\u00f1al\u00f3 que el inter\u00e9s de los mexicanos hacia la cultura japonesa ha ido en aumento\u00a0y que\u00a0hoy en d\u00eda, las <strong>relaciones entre ambos pa\u00edses<\/strong>&#8211; con m\u00e1s de 400 a\u00f1os de historia-\u00a0se desarrollan de una manera din\u00e1mica en los \u00e1mbitos pol\u00edtico, econ\u00f3mico, cultural y acad\u00e9mico, entre otros.<\/p>\n<h3>Segunda renovaci\u00f3n de la Sala Jap\u00f3n en el MNC<\/h3>\n<p>La Sala permanente del Museo Nacional de las Culturas dedicada a Jap\u00f3n abri\u00f3 sus puertas al p\u00fablico al mismo tiempo que se inaugur\u00f3 dicho recinto.\u00a0En ese entonces su\u00a0discurso muse\u00edstico estuvo a cargo de\u00a0la especialista Yoshiko Shirata Kato.<\/p>\n<p>En 1989, la antrop\u00f3loga Silvia Seligson se encarg\u00f3 de actualizarla.\u00a0En el marco del proyecto de renovaci\u00f3n (de 2009 a la fecha), tanto arquitect\u00f3nica como museogr\u00e1fica de las salas permanentes del museo,\u00a0la investigadora\u00a0aport\u00f3 una nueva concepci\u00f3n a la Sala de Jap\u00f3n.<\/p>\n<h3>Se exhiben 120 piezas<\/h3>\n<p>En su segunda renovaci\u00f3n (la primera se realiz\u00f3 en 1989), la sala permanente dedicada a Jap\u00f3n es una verdadera oportunidad para el p\u00fablico nacional y extranjero de conocer y apreciar aspectos relevantes de esta cultura.<\/p>\n<p>Esta\u00a0exposici\u00f3n permanente est\u00e1 integrada por\u00a0120 piezas\u00a0-de las cuales una tercera parte son r\u00e9plicas de obras consideradas en Jap\u00f3n tesoros nacionales- y dividida en cuatro n\u00facleos:<\/p>\n<ul>\n<li>Concepci\u00f3n de la muerte: ritos funerarios,<\/li>\n<li>Influencia de la cultura china,<\/li>\n<li>Creencias y costumbres tradicionales,<\/li>\n<li>y Aportaciones.<\/li>\n<\/ul>\n<p>Entre las <strong>piezas destacas<\/strong> que podr\u00e1s admirar se encuentran: una armadura de samur\u00e1i que data del siglo XVIII, sables que datan del XIX, vasijas funerarias de arcilla, r\u00e9plicas de las elaboradas en el periodo Jomon (10000 a.C. a 250 a.C.), objetos empleados en la ceremonia del t\u00e9, biombos, xilograf\u00edas o estampas conocidas como ukiyo-e.\u00a0Para mayor informes, los invitamos a leer el <a href=\"http:\/\/www.inah.gob.mx\/es\/boletines\/5453-la-estetica-de-japon-regresa-al-museo-nacional-de-las-culturas\">Bolet\u00edn 203 del INAH<\/a>.<\/p>\n<h3>Horarios y direcci\u00f3n<\/h3>\n<p><strong>Museo Nacional de las Culturas<\/strong>. Calle Moneda 13, Centro Hist\u00f3rico de la Ciudad de M\u00e9xico.<\/p>\n<p>Horario: De martes a domingo, de 10:00 a 17:00 horas.<\/p>\n<p>La entrada es gratuita<\/p>\n","protected":false},"excerpt":{"rendered":"<p>La renovada sala permanente dedicada a Jap\u00f3n del Museo Nacional de las Culturas de la Ciudad de M\u00e9xico reabri\u00f3 sus<\/p>\n","protected":false},"author":2,"featured_media":18864,"comment_status":"closed","ping_status":"closed","sticky":false,"template":"","format":"standard","meta":[],"categories":[9,912],"tags":[10073,10075,318,9475,2090,1348,3688,1661,10074,3223,6330],"_links":{"self":[{"href":"https:\/\/www.travelbymexico.com\/blog\/wp-json\/wp\/v2\/posts\/18863"}],"collection":[{"href":"https:\/\/www.travelbymexico.com\/blog\/wp-json\/wp\/v2\/posts"}],"about":[{"href":"https:\/\/www.travelbymexico.com\/blog\/wp-json\/wp\/v2\/types\/post"}],"author":[{"embeddable":true,"href":"https:\/\/www.travelbymexico.com\/blog\/wp-json\/wp\/v2\/users\/2"}],"replies":[{"embeddable":true,"href":"https:\/\/www.travelbymexico.com\/blog\/wp-json\/wp\/v2\/comments?post=18863"}],"version-history":[{"count":4,"href":"https:\/\/www.travelbymexico.com\/blog\/wp-json\/wp\/v2\/posts\/18863\/revisions"}],"predecessor-version":[{"id":18868,"href":"https:\/\/www.travelbymexico.com\/blog\/wp-json\/wp\/v2\/posts\/18863\/revisions\/18868"}],"wp:featuredmedia":[{"embeddable":true,"href":"https:\/\/www.travelbymexico.com\/blog\/wp-json\/wp\/v2\/media\/18864"}],"wp:attachment":[{"href":"https:\/\/www.travelbymexico.com\/blog\/wp-json\/wp\/v2\/media?parent=18863"}],"wp:term":[{"taxonomy":"category","embeddable":true,"href":"https:\/\/www.travelbymexico.com\/blog\/wp-json\/wp\/v2\/categories?post=18863"},{"taxonomy":"post_tag","embeddable":true,"href":"https:\/\/www.travelbymexico.com\/blog\/wp-json\/wp\/v2\/tags?post=18863"}],"curies":[{"name":"wp","href":"https:\/\/api.w.org\/{rel}","templated":true}]}}