{"id":18790,"date":"2016-07-12T19:15:56","date_gmt":"2016-07-13T00:15:56","guid":{"rendered":"http:\/\/www.travelbymexico.com\/blog\/?p=18790"},"modified":"2016-07-13T20:02:51","modified_gmt":"2016-07-14T01:02:51","slug":"cdmx-sera-la-sede-del-vr-fest-mx-el-primer-festival-internacional-de-realidad-virtual","status":"publish","type":"post","link":"https:\/\/www.travelbymexico.com\/blog\/18790-cdmx-sera-la-sede-del-vr-fest-mx-el-primer-festival-internacional-de-realidad-virtual\/","title":{"rendered":"CDMX ser\u00e1 la sede del VR FEST MX, el primer Festival Internacional de Realidad Virtual"},"content":{"rendered":"<h2>Ven a vivir una experiencia \u00fanica que despertar\u00e1\u00a0tus sentidos\u00a0del tacto, vista y o\u00eddo\u00a0\u00a1Por primera vez en M\u00e9xico!<\/h2>\n<p>Evento a cargo de\u00a0ONIRIA (empresa cofundada por las empresas mexicanas Funktionell, MUV y Plim Design, dedicada al desarrollo de contenidos, dise\u00f1os hardware y software de realidad virtual), la primera edici\u00f3n del Festival Internacional de Realidad Virtual VR FEST MX \u00a0se llevar\u00e1 a cabo del 23 al 27 de agosto de 2016 en dos sedes de la ciudad de M\u00e9xico:\u00a0el Foro Indie Rocks y el Centro de Cultura Digital.<\/p>\n<h3>Acerca del VR FEST MX<\/h3>\n<p>Durante cinco d\u00edas este evento reunir\u00e1 a desarrolladores, emprendedores, profesionales de la industria y creadores de contenido que actualmente generan las mejores experiencias de realidad virtual.<\/p>\n<p>Se realizar\u00e1n conferencias, talleres, actividades educativas y l\u00fadicas gratuitas, performances, conciertos, meet &amp; greet y experiencias de realidad virtual con\u00a0gafas o casco de realidad virtual que te permitir\u00e1n percibir el mundo m\u00e1s all\u00e1 de tu visi\u00f3n perif\u00e9rica\u00a0sumergi\u00e9ndote\u00a0en mil mundos.<\/p>\n<p>Cabe se\u00f1alar que esta tecnolog\u00eda inform\u00e1tica inicialmente dise\u00f1ada para\u00a0el entretenimiento y los videojuegos, es ahora utilizada en otros muchos campos, como la medicina, la arqueolog\u00eda, las simulaciones de vuelo, o la creaci\u00f3n art\u00edstica.<\/p>\n<h3>Aprende y conoce sobre la historia y las aplicaciones de realidad virtual<\/h3>\n<p>Los d\u00edas 22, 23 y 24 de agosto de 2016 en el\u00a0<strong>Centro de Cultura Digital (CCD)\u00a0<\/strong><em>Paseo de Reforma s\/n (Estela de Luz), Esquina Lieja, Col. Ju\u00e1rez, C.P. 06600, Ciudad de M\u00e9xico.<\/em><\/p>\n<ul>\n<li>Actividades educativas y l\u00fadicas gratuitas dise\u00f1adas para acercar a los\u00a0ni\u00f1os y j\u00f3venes a los principios de la realidad virtual.<\/li>\n<\/ul>\n<p>A trav\u00e9s de experiencias an\u00e1logas y divertidas aprender\u00e1n sobre\u00a0la historia, el funcionamiento y los alcances de esta\u00a0\u00a0tecnolog\u00eda en la vida cotidiana.<\/p>\n<p>*<strong>Entrada gratuita<\/strong> para ni\u00f1as, ni\u00f1os y j\u00f3venes.<\/p>\n<p>Registro para ni\u00f1as y ni\u00f1os de 6 a 12 a\u00f1os: (el enlace todav\u00eda no est\u00e1 disponible, favor de consultar el <a href=\"http:\/\/www.vrfest.mx\">sitio oficial<\/a> del evento).<br \/>\nRegistro para j\u00f3venes de 13 a 19 a\u00f1os <a href=\"https:\/\/vr-fest-mx-forum.boletia.com\">aqu\u00ed<\/a>.<\/p>\n<h3>Vive una total experiencia de realidad virtual<\/h3>\n<p>Los d\u00edas 26 y 27 de agosto de 2016 en el\u00a0<strong>Foro Indie Rocks\u00a0<\/strong><em>Zacatecas 39, Roma Nte., 06700 Ciudad de M\u00e9xico.<\/em><\/p>\n<ul>\n<li>Experiencias de realidad virtual con Oculus, Samsung Gear y HTC VIVE, entre otros dispositivos.<\/li>\n<li>Conferencias con ponentes nacionales e internacionales:<\/li>\n<\/ul>\n<p><em>When Storytelling Changed Forever &#8211;\u00a0<\/em>NICOL\u00c1S ALCAL\u00c1 (ES), UNITY (USA), <em>Virtual Reality for Social Change<\/em> HIDDEN TEARS (USA), <em>Entornos 3D y el futuro de la virtualidad<\/em> VNGRAVITY (MX), RENDER FARM STUDIOS (MX), A04 (MX), <em>Realidad Virtual, Arte y Representaci\u00f3n<\/em> INTUS (MX), VICON (USA).<\/p>\n<ul>\n<li>Experiencia gastron\u00f3mica, m\u00fasica y m\u00e1s actividades.<\/li>\n<\/ul>\n<p>*Entrada para mayores de 18 a\u00f1os. \u00a0Compra tus <strong>boletos <a href=\"https:\/\/vr-fest-mx.boletia.com\">aqu\u00ed<\/a><\/strong>. \u00a115% de descuento al ingresar el c\u00f3digo: VRFESTMX!<\/p>\n","protected":false},"excerpt":{"rendered":"<p>Ven a vivir una experiencia \u00fanica que despertar\u00e1\u00a0tus sentidos\u00a0del tacto, vista y o\u00eddo\u00a0\u00a1Por primera vez en M\u00e9xico! Evento a cargo<\/p>\n","protected":false},"author":2,"featured_media":18792,"comment_status":"closed","ping_status":"closed","sticky":false,"template":"","format":"standard","meta":[],"categories":[37,912],"tags":[7589,9065,318,363,10009,10008,10011,10007,3540,10006,2967,1157,10010],"_links":{"self":[{"href":"https:\/\/www.travelbymexico.com\/blog\/wp-json\/wp\/v2\/posts\/18790"}],"collection":[{"href":"https:\/\/www.travelbymexico.com\/blog\/wp-json\/wp\/v2\/posts"}],"about":[{"href":"https:\/\/www.travelbymexico.com\/blog\/wp-json\/wp\/v2\/types\/post"}],"author":[{"embeddable":true,"href":"https:\/\/www.travelbymexico.com\/blog\/wp-json\/wp\/v2\/users\/2"}],"replies":[{"embeddable":true,"href":"https:\/\/www.travelbymexico.com\/blog\/wp-json\/wp\/v2\/comments?post=18790"}],"version-history":[{"count":5,"href":"https:\/\/www.travelbymexico.com\/blog\/wp-json\/wp\/v2\/posts\/18790\/revisions"}],"predecessor-version":[{"id":18796,"href":"https:\/\/www.travelbymexico.com\/blog\/wp-json\/wp\/v2\/posts\/18790\/revisions\/18796"}],"wp:featuredmedia":[{"embeddable":true,"href":"https:\/\/www.travelbymexico.com\/blog\/wp-json\/wp\/v2\/media\/18792"}],"wp:attachment":[{"href":"https:\/\/www.travelbymexico.com\/blog\/wp-json\/wp\/v2\/media?parent=18790"}],"wp:term":[{"taxonomy":"category","embeddable":true,"href":"https:\/\/www.travelbymexico.com\/blog\/wp-json\/wp\/v2\/categories?post=18790"},{"taxonomy":"post_tag","embeddable":true,"href":"https:\/\/www.travelbymexico.com\/blog\/wp-json\/wp\/v2\/tags?post=18790"}],"curies":[{"name":"wp","href":"https:\/\/api.w.org\/{rel}","templated":true}]}}