{"id":18780,"date":"2016-07-08T22:33:35","date_gmt":"2016-07-09T03:33:35","guid":{"rendered":"http:\/\/www.travelbymexico.com\/blog\/?p=18780"},"modified":"2016-07-09T23:00:11","modified_gmt":"2016-07-10T04:00:11","slug":"xix-feria-internacional-del-mezcal-2016-en-oaxaca","status":"publish","type":"post","link":"https:\/\/www.travelbymexico.com\/blog\/18780-xix-feria-internacional-del-mezcal-2016-en-oaxaca\/","title":{"rendered":"XIX Feria Internacional del Mezcal 2016 en Oaxaca"},"content":{"rendered":"<h2>Como parte de los eventos paralelos a la celebraci\u00f3n de la Guelaguetza y Lunes de Cerro 2016 en la ciudad de Oaxaca, se llevar\u00e1 a cabo la XIX Feria Internacional del Mezcal del 23 de julio al 6 de agosto de 2016 en el Parque Paseo Ju\u00e1rez de la ciudad de Oaxaca.<\/h2>\n<p>En este encuentro participar\u00e1n productores, envasadores y comercializadores oaxaque\u00f1os de Mezcal .<\/p>\n<p>En M\u00e9xico 7 estados de la rep\u00fablica cuentan con denominaci\u00f3n de origen: Oaxaca., Zacatecas, Guerrero, Tamaulipas, San Luis Potos\u00ed, Durango y Guanajuato, siendo <strong>Oaxaca l\u00edder<\/strong> en producci\u00f3n y comercializaci\u00f3n\u00a0de esta bebida m\u00edstica con m\u00e1s de 100 marcas registradas en el mercado\u00a0y\u00a0una capacidad productiva\u00a0de 12 millones de litros anuales.<\/p>\n<p><em>Si quieres conocer\u00a0m\u00e1s acerca del Mezcal (origen, proceso de elaboraci\u00f3n, diferencia entre el Mezcal y el Tequila, etc..) lee nuestro art\u00edculo &#8220;<a href=\"http:\/\/www.travelbymexico.com\/blog\/14164-cosas-que-tal-vez-no-sabias-sobre-el-mezcal\">Cosas que tal vez no sab\u00edas sobre el Mezcal<\/a>&#8220;.\u00a0<\/em><\/p>\n<h3>Actividades de la XIX Feria Internacional del Mezcal 2016 en Oaxaca<\/h3>\n<p>Del 23 de julio al 6 de agosto de 2016 en el Parque Paseo Ju\u00e1rez &#8211; Parque El Llano<\/p>\n<p>&#8211; Participar\u00e1n alrededor de 50 empresas mezcaleras de Oaxaca<br \/>\n&#8211; Habr\u00e1 degustaci\u00f3n con diversas variedades de mezcal, entre ellas el Mezcal blanco, reposado, a\u00f1ejo, de pechuga, con gusano, con chile, y las diferentes cremas de sabor.<br \/>\n&#8211; Maridaje y Mixolog\u00eda<br \/>\n&#8211; Conferencias<br \/>\n&#8211; Muestra Vivencial Artesanal<br \/>\n&#8211;\u00a0Pabell\u00f3n Gastron\u00f3mico de productos oaxaque\u00f1os.<br \/>\n&#8211; Pabell\u00f3n fotogr\u00e1fico con una exposici\u00f3n de im\u00e1genes alusivas al proceso de producci\u00f3n del mezcal<\/p>\n<p>\u2013 <strong>Eventos Culturales y Conciertos:\u00a0<\/strong>La cartelera art\u00edstica tanto nacional como local est\u00e1 todav\u00eda por confirmar.<\/p>\n<p>&nbsp;<\/p>\n<p>&nbsp;<\/p>\n<p>&nbsp;<\/p>\n","protected":false},"excerpt":{"rendered":"<p>Como parte de los eventos paralelos a la celebraci\u00f3n de la Guelaguetza y Lunes de Cerro 2016 en la ciudad<\/p>\n","protected":false},"author":2,"featured_media":18781,"comment_status":"closed","ping_status":"closed","sticky":false,"template":"","format":"standard","meta":[],"categories":[14,912],"tags":[321,360,4615,508,1597,733,768,5170,5167,820,5171,4249,5168,1596,5166,1053],"_links":{"self":[{"href":"https:\/\/www.travelbymexico.com\/blog\/wp-json\/wp\/v2\/posts\/18780"}],"collection":[{"href":"https:\/\/www.travelbymexico.com\/blog\/wp-json\/wp\/v2\/posts"}],"about":[{"href":"https:\/\/www.travelbymexico.com\/blog\/wp-json\/wp\/v2\/types\/post"}],"author":[{"embeddable":true,"href":"https:\/\/www.travelbymexico.com\/blog\/wp-json\/wp\/v2\/users\/2"}],"replies":[{"embeddable":true,"href":"https:\/\/www.travelbymexico.com\/blog\/wp-json\/wp\/v2\/comments?post=18780"}],"version-history":[{"count":2,"href":"https:\/\/www.travelbymexico.com\/blog\/wp-json\/wp\/v2\/posts\/18780\/revisions"}],"predecessor-version":[{"id":18783,"href":"https:\/\/www.travelbymexico.com\/blog\/wp-json\/wp\/v2\/posts\/18780\/revisions\/18783"}],"wp:featuredmedia":[{"embeddable":true,"href":"https:\/\/www.travelbymexico.com\/blog\/wp-json\/wp\/v2\/media\/18781"}],"wp:attachment":[{"href":"https:\/\/www.travelbymexico.com\/blog\/wp-json\/wp\/v2\/media?parent=18780"}],"wp:term":[{"taxonomy":"category","embeddable":true,"href":"https:\/\/www.travelbymexico.com\/blog\/wp-json\/wp\/v2\/categories?post=18780"},{"taxonomy":"post_tag","embeddable":true,"href":"https:\/\/www.travelbymexico.com\/blog\/wp-json\/wp\/v2\/tags?post=18780"}],"curies":[{"name":"wp","href":"https:\/\/api.w.org\/{rel}","templated":true}]}}