{"id":18708,"date":"2016-06-18T14:12:02","date_gmt":"2016-06-18T19:12:02","guid":{"rendered":"http:\/\/www.travelbymexico.com\/blog\/?p=18708"},"modified":"2016-06-24T00:26:25","modified_gmt":"2016-06-24T05:26:25","slug":"conectate-y-corre-en-el-maraton-y-medio-maraton-telcel-2016-de-cdmx","status":"publish","type":"post","link":"https:\/\/www.travelbymexico.com\/blog\/18708-conectate-y-corre-en-el-maraton-y-medio-maraton-telcel-2016-de-cdmx\/","title":{"rendered":"!Con\u00e9ctate y corre en el Marat\u00f3n y Medio Marat\u00f3n Telcel 2016 de CDMX\u00a1"},"content":{"rendered":"<h2>Con el lema \u201cCon\u00e9ctate y corre\u201d se realizar\u00e1 la edici\u00f3n 34 del Marat\u00f3n de la Ciudad de M\u00e9xico el domingo 28\u00a0de agosto de 2016. Adem\u00e1s de esta tradicional Ruta Ol\u00edmpica de 42, 195 metros, se llevar\u00e1n a cabo en otros horarios y fechas, el Medio Marat\u00f3n\u00a02016 de la Ciudad de M\u00e9xico y la Rodada Marat\u00f3n.<\/h2>\n<p>El Gobierno del Distrito Federal, a trav\u00e9s del Instituto del Deporte del Distrito Federal, y las Federaciones correspondientes invitaron a las Federaciones Nacionales e Internacionales, Asociaciones Estatales, Organismos, Instituciones, Clubes Deportivos P\u00fablicos y Privados, as\u00ed como al p\u00fablico en general, a participar en el &#8220;XXXIV Marat\u00f3n de la Ciudad de M\u00e9xico\u201d, por realizarse el 28 de agosto de 2016, y el \u201cX Medio Marat\u00f3n de la Ciudad de M\u00e9xico\u201d que se llevar\u00e1 a cabo el 31 de julio de 2016.<\/p>\n<h3>Inscripciones y participantes<\/h3>\n<p>En el XXXIV Marat\u00f3n y el X Medio Marat\u00f3n de la ciudad de M\u00e9xico participar\u00e1n respectivamente 35 mil y 25 mil personas.<\/p>\n<p>Las inscripciones para los dos Maratones est\u00e1n <strong>agotadas<\/strong>.<\/p>\n<h3>Rodada Marat\u00f3n<\/h3>\n<p>El domingo 7 de Agosto de 2016 podr\u00e1s recorrer la ruta del Marat\u00f3n de la Ciudad de M\u00e9xico Telcel en bici.<br \/>\nLa salida ser\u00e1 en el Hemiciclo a Ju\u00e1rez a las 7:30 am, la meta ser\u00e1 en la explanada del Estadio Ol\u00edmpico Universitario.<br \/>\nEsta carrera no tiene costo la entrada es al p\u00fablico en general.<\/p>\n<h3>Expo Marat\u00f3n<\/h3>\n<p>En este espacio de 2,800m2 podr\u00e1s adquirir una gran variedad de stands con ropa y accesorios, y la tienda oficial con productos exclusivos del Marat\u00f3n de la Ciudad de M\u00e9xico.<\/p>\n<p>Adem\u00e1s, habr\u00e1 conferencias, entretenimiento, promociones y ofertas exclusivas.<\/p>\n<h3>El Marat\u00f3n CDMX, Marat\u00f3n de Bronce<\/h3>\n<p>El Marat\u00f3n CDMX Telcel se convierte en la primera carrera de M\u00e9xico en recibir la etiqueta bronce de la IAAF (International Asociation of Athletics Federations) distintivo otorgado durante tres a\u00f1os consecutivos con los est\u00e1ndares t\u00e9cnicos, de calidad, de operaci\u00f3n, difusi\u00f3n y organizaci\u00f3n que exige la IAAF, \u00f3rgano rector del atletismo a nivel mundial.<\/p>\n<h3>Ruta Marat\u00f3n CDMX 2016<\/h3>\n<p>El 28 de agosto de 2016.<\/p>\n<p>Lugar: Principales vialidades de la Ciudad de M\u00e9xico, siguiendo una ruta de 42,195 metros, certificada y homologada por: la Federaci\u00f3n Mexicana de Asociaciones de Atletismo, A. C. (FMAA), la Asociaci\u00f3n Internacional de Maratones (AIMS) y la Asociaci\u00f3n Internacional de Federaciones de Atletismo (IAAF).<\/p>\n<p><strong>Salida<\/strong>: Avenida Ju\u00e1rez.<br \/>\n<strong>Meta<\/strong>: Estadio Ol\u00edmpico Universitario &#8220;Ciudad Universitaria&#8221;.<br \/>\nHora de Salida:6:45 silla de ruedas. 7:00 mujeres. 7:15 hombres.<\/p>\n<h3>Ruta Medio Marat\u00f3n CDMX 2016<\/h3>\n<p>El domingo 31 de julio de 2016, en punto de las 7:00 a.m.<\/p>\n<p><strong>Salida y Meta<\/strong>:\u00a0<a href=\"http:\/\/www.travelbymexico.com\/blog\/10807-el-angel-de-la-independencia-en-la-ciudad-de-mexico\">\u00c1ngel de la Independencia<\/a>.<\/p>\n<p>Salida \u2013 \u00c1ngel de la Independencia, Av. Reforma<br \/>\nKm1 &#8211; Av. Paseo de la Reforma<br \/>\nKm2 &#8211; Calle Mahatma Gandhi<br \/>\nKm3 &#8211; Av. Paseo de la Reforma<br \/>\nKm4 &#8211; Av. Paseo de la Reforma<br \/>\nKm5 &#8211; Calz. Chivatito<br \/>\nKm6 &#8211; Fernando Alencastre<br \/>\nKm7 \u2013 Aguilar y Seijas<br \/>\nKm8 \u2013 Virreyes<br \/>\nKm9 \u2013 Virreyes<br \/>\nKm10 \u2013 Bosque de Chapultepec 3\u00aa secci\u00f3n<br \/>\nKm11 &#8211; Bosque de Chapultepec 3\u00aa secci\u00f3n<br \/>\nKm12 &#8211; Bosque de Chapultepec 3\u00aa secci\u00f3n<br \/>\nKm13 &#8211; Bosque de Chapultepec 3\u00aa secci\u00f3n<br \/>\nKm14 &#8211; De los Virreyes<br \/>\nKm15 &#8211; Bosque de Chapultepec 2\u00aa secci\u00f3n<br \/>\nKm16 &#8211; Bosque de Chapultepec 2\u00aa secci\u00f3n<br \/>\nKm17 &#8211; Bosque de Chapultepec 2\u00aa secci\u00f3n<br \/>\nKm18 &#8211; Chivatito<br \/>\nKm19 &#8211; Av. Paseo de la Reforma<br \/>\nKm20 &#8211; Av. Paseo de la Reforma.<\/p>\n<p><strong><a href=\"https:\/\/www.travelbymexico.com\/ciudaddemexico\">Reserva tu hotel en la ciudad de M\u00e9xico<\/a> <\/strong><\/p>\n","protected":false},"excerpt":{"rendered":"<p>Con el lema \u201cCon\u00e9ctate y corre\u201d se realizar\u00e1 la edici\u00f3n 34 del Marat\u00f3n de la Ciudad de M\u00e9xico el domingo<\/p>\n","protected":false},"author":2,"featured_media":18733,"comment_status":"closed","ping_status":"closed","sticky":false,"template":"","format":"standard","meta":[],"categories":[10,912],"tags":[2456,4855,4837,1964,4851,318,9800,4848,4854,4850,5526,4852,3317,9983,4847,8950,5175,2173,6288,9982],"_links":{"self":[{"href":"https:\/\/www.travelbymexico.com\/blog\/wp-json\/wp\/v2\/posts\/18708"}],"collection":[{"href":"https:\/\/www.travelbymexico.com\/blog\/wp-json\/wp\/v2\/posts"}],"about":[{"href":"https:\/\/www.travelbymexico.com\/blog\/wp-json\/wp\/v2\/types\/post"}],"author":[{"embeddable":true,"href":"https:\/\/www.travelbymexico.com\/blog\/wp-json\/wp\/v2\/users\/2"}],"replies":[{"embeddable":true,"href":"https:\/\/www.travelbymexico.com\/blog\/wp-json\/wp\/v2\/comments?post=18708"}],"version-history":[{"count":7,"href":"https:\/\/www.travelbymexico.com\/blog\/wp-json\/wp\/v2\/posts\/18708\/revisions"}],"predecessor-version":[{"id":18738,"href":"https:\/\/www.travelbymexico.com\/blog\/wp-json\/wp\/v2\/posts\/18708\/revisions\/18738"}],"wp:featuredmedia":[{"embeddable":true,"href":"https:\/\/www.travelbymexico.com\/blog\/wp-json\/wp\/v2\/media\/18733"}],"wp:attachment":[{"href":"https:\/\/www.travelbymexico.com\/blog\/wp-json\/wp\/v2\/media?parent=18708"}],"wp:term":[{"taxonomy":"category","embeddable":true,"href":"https:\/\/www.travelbymexico.com\/blog\/wp-json\/wp\/v2\/categories?post=18708"},{"taxonomy":"post_tag","embeddable":true,"href":"https:\/\/www.travelbymexico.com\/blog\/wp-json\/wp\/v2\/tags?post=18708"}],"curies":[{"name":"wp","href":"https:\/\/api.w.org\/{rel}","templated":true}]}}