{"id":18656,"date":"2016-06-02T12:52:36","date_gmt":"2016-06-02T17:52:36","guid":{"rendered":"http:\/\/www.travelbymexico.com\/blog\/?p=18656"},"modified":"2016-06-02T12:52:52","modified_gmt":"2016-06-02T17:52:52","slug":"ven-a-explorar-75-anos-de-historia-de-la-moda-en-mexico","status":"publish","type":"post","link":"https:\/\/www.travelbymexico.com\/blog\/18656-ven-a-explorar-75-anos-de-historia-de-la-moda-en-mexico\/","title":{"rendered":"Ven a explorar 75 a\u00f1os de historia de la moda en M\u00e9xico"},"content":{"rendered":"<h2>Por primera vez en M\u00e9xico se presentan en una misma exposici\u00f3n un conjunto de prendas de indumentaria tradicional y de casas de moda nacionales e internacionales que revisa 75 a\u00f1os de historia de la moda en nuestro pa\u00eds.<\/h2>\n<p>En la muestra \u201c<strong>El arte de la indumentaria y la moda en M\u00e9xico. 1940-2015<\/strong>\u201d podr\u00e1s apreciar 225 maniqu\u00edes ataviados con m\u00e1s de 400 piezas (vestidos o conjuntos completos) procedentes de alrededor de 100 colecciones particulares y p\u00fablicas, acervos de dise\u00f1adores y casas de moda nacionales e internacionales.<\/p>\n<p>Las piezas de indumentaria muestran las tradiciones textiles de las culturas huichol, maya, tzotzil, nahua, otom\u00ed, pur\u00e9pecha, totonaca, mazahua, huasteca, amuzgo, as\u00ed como piezas de car\u00e1cter mestizo como la china poblana y el charro.<\/p>\n<p>El recorrido est\u00e1 acompa\u00f1ado por fotograf\u00edas, pinturas de famosos artistas mexicanos destac\u00e1ndose un retrato de <strong>Silvia Pinal<\/strong> realizado en 1956 por <strong>Diego Rivera<\/strong> en el que la actriz aparece vestida con una creaci\u00f3n de Tao Izzo y Pani, y c\u00e1psulas de pel\u00edculas en las que salen escenas donde famosas actrices mexicanas, como <strong>Mar\u00eda F\u00e9lix<\/strong>, aparecen con vestidos de famosos dise\u00f1adores.<\/p>\n<h3>Curadores y organizadores de la exposici\u00f3n<\/h3>\n<p>Resultado de tres a\u00f1os de investigaci\u00f3n, esta muestra cuenta con la curadur\u00eda de Ana Elena Mallet y Juan Rafael Coronel Rivera, y est\u00e1 organizada por Banco Nacional de M\u00e9xico, a trav\u00e9s de Fomento Cultural Banamex, Secretaria de Cultura, a trav\u00e9s de Direcci\u00f3n General de Culturas Populares y del Instituto Nacional de Antropolog\u00eda e Historia, El Palacio de Hierro y Vogue M\u00e9xico<\/p>\n<h3>Cine Club Moda en M\u00e9xico<\/h3>\n<p>Como actividad alterna a esta muestra se llevar\u00e1 a cabo un ciclo de cine en el que se proyectar\u00e1n, , pel\u00edculas en las que hayan intervenido dise\u00f1adores de moda cuyas obras se podr\u00e1n apreciar en la exposici\u00f3n.<br \/>\nCada funci\u00f3n estar\u00e1 comentada por el escritor <strong>Nicol\u00e1s Alvarado<\/strong>.<\/p>\n<p>Los martes desde el 17 de mayo y hasta el 2 de agosto, de las 19:30 hasta las 22:00 hrs, en el 2\u00ba piso del Palacio de Cultura Banamex \u2013 Palacio de Iturbide.<\/p>\n<p>7 de junio: Pablo y Carolina (Mauricio de la Serna, 1957)<br \/>\n14 de junio: Mar\u00eda Isabel (Federico Curiel, 1968)<br \/>\n21 de junio: Cinco de chocolate y uno de fresa (Carlos Velo, 1968)<br \/>\n28 de junio: Patsy, mi amor (Manuel Michel, 1969)<br \/>\n5 de julio: Click, fot\u00f3grafo de modelos (Ren\u00e9 Cardona Jr, 1970)<br \/>\n12 de julio: El amor tiene cara de mujer (Tito Davison, 1973)<br \/>\n19 de julio: Cuando tejen las ara\u00f1as (Roberto Gavald\u00f3n, 1979)<br \/>\n26 de julio: Amarte duele (Fernando Sari\u00f1ana, 2004)<br \/>\n2 de agosto: No s\u00e9 si cortarme las venas o dej\u00e1rmelas largas (Manolo Caro, 2013)<\/p>\n<h3>Informaci\u00f3n visitantes<\/h3>\n<p>La muestra \u201c<strong>El arte de la indumentaria y la moda en M\u00e9xico. 1940-2015<\/strong>\u201d est\u00e1 disponible hasta el domingo 14 de agosto del 2016 en el Palacio de Cultura Banamex \u2013 Palacio de Iturbide situado en el No. 17 de la calle Madero en el Centro Hist\u00f3rico de la Ciudad de M\u00e9xico.<\/p>\n<p>Este recinto est\u00e1 abierto todos los d\u00edas de 10:00 a 19:00 hrs.<\/p>\n<p>Las visitas guiadas son gratuitas y se realizas a las 12:00, 14:00 y 16:00 hrs.<\/p>\n<p>La entrada es gratuita.<br \/>\nRecomendaci\u00f3n: Favor de sacar sus fotograf\u00edas sin flash.<\/p>\n","protected":false},"excerpt":{"rendered":"<p>Por primera vez en M\u00e9xico se presentan en una misma exposici\u00f3n un conjunto de prendas de indumentaria tradicional y de<\/p>\n","protected":false},"author":2,"featured_media":18658,"comment_status":"closed","ping_status":"closed","sticky":false,"template":"","format":"standard","meta":[],"categories":[9,912],"tags":[318,416,9935,5938,4530,9936,9078,9934,9933,9932],"_links":{"self":[{"href":"https:\/\/www.travelbymexico.com\/blog\/wp-json\/wp\/v2\/posts\/18656"}],"collection":[{"href":"https:\/\/www.travelbymexico.com\/blog\/wp-json\/wp\/v2\/posts"}],"about":[{"href":"https:\/\/www.travelbymexico.com\/blog\/wp-json\/wp\/v2\/types\/post"}],"author":[{"embeddable":true,"href":"https:\/\/www.travelbymexico.com\/blog\/wp-json\/wp\/v2\/users\/2"}],"replies":[{"embeddable":true,"href":"https:\/\/www.travelbymexico.com\/blog\/wp-json\/wp\/v2\/comments?post=18656"}],"version-history":[{"count":2,"href":"https:\/\/www.travelbymexico.com\/blog\/wp-json\/wp\/v2\/posts\/18656\/revisions"}],"predecessor-version":[{"id":18660,"href":"https:\/\/www.travelbymexico.com\/blog\/wp-json\/wp\/v2\/posts\/18656\/revisions\/18660"}],"wp:featuredmedia":[{"embeddable":true,"href":"https:\/\/www.travelbymexico.com\/blog\/wp-json\/wp\/v2\/media\/18658"}],"wp:attachment":[{"href":"https:\/\/www.travelbymexico.com\/blog\/wp-json\/wp\/v2\/media?parent=18656"}],"wp:term":[{"taxonomy":"category","embeddable":true,"href":"https:\/\/www.travelbymexico.com\/blog\/wp-json\/wp\/v2\/categories?post=18656"},{"taxonomy":"post_tag","embeddable":true,"href":"https:\/\/www.travelbymexico.com\/blog\/wp-json\/wp\/v2\/tags?post=18656"}],"curies":[{"name":"wp","href":"https:\/\/api.w.org\/{rel}","templated":true}]}}