{"id":18626,"date":"2016-05-07T15:20:29","date_gmt":"2016-05-07T20:20:29","guid":{"rendered":"http:\/\/www.travelbymexico.com\/blog\/?p=18626"},"modified":"2016-05-08T15:40:51","modified_gmt":"2016-05-08T20:40:51","slug":"gastronomicon-leon-2016-congreso-academico-y-expo-de-negocios","status":"publish","type":"post","link":"https:\/\/www.travelbymexico.com\/blog\/18626-gastronomicon-leon-2016-congreso-academico-y-expo-de-negocios\/","title":{"rendered":"Gastronomicon Le\u00f3n 2016: Congreso acad\u00e9mico y Expo de negocios"},"content":{"rendered":"<h2>En este Congreso acad\u00e9mico y Expo de negocios, chefs y profesionales de la gastronom\u00eda compartir\u00e1n, con profesionales del sector gastron\u00f3mico en todas sus ramas y estudiantes de las carreras relacionadas, su conocimiento sobre temas tan diversos como la improvisaci\u00f3n en la cocina; la industr\u00eda gastron\u00f3mica como negocio rentable; los tipos de cuchillos, usos correctos y sus materiales;\u00a0 como Ense\u00f1ada se convirti\u00f3 en un destino gastron\u00f3mico, entre otros.<\/h2>\n<h3>Congreso acad\u00e9mico y Expo de negocios<\/h3>\n<p>Plataforma del conocimiento y exposici\u00f3n gastron\u00f3mica m\u00e1s importante de la regi\u00f3n, el <strong>Gastronomicon 2016<\/strong> es un intercambio comercial que re\u00fane a maestros, alumnos, profesionales y proveedores de la gastronom\u00eda en un solo lugar.<\/p>\n<p>En esta pr\u00f3xima edici\u00f3n, m\u00e1s de 50 compa\u00f1\u00edas exhibir\u00e1n sus productos y servicios Networking directo con m\u00e1s de 3000 participantes de toda la rep\u00fablica.<\/p>\n<p>Durante el Congreso Acad\u00e9mico del Gastronomicon 2016 Chefs y especialistas del \u00e1rea con las tendencias actuales en todas las \u00e1reas del negocio gastron\u00f3mico ofrecer\u00e1n 20 horas de educaci\u00f3n continua.<\/p>\n<h3>Conferencias y ponentes<\/h3>\n<h3>Mi\u00e9rcoles 1 de junio de 2016 en el Sal\u00f3n 1<\/h3>\n<p>8:00 horas. Registro.<br \/>\n9:00 a 11:00 horas. <strong>Chef Fred Ruiz<\/strong> &#8220;Mistura&#8221;<br \/>\n11:00 a 11:30 horas. Receso.<br \/>\n11:30 a 12:30 horas. <strong>Hiroshi<\/strong> y <strong>Fabiola Kawabe<\/strong> &#8220;Historia de la cuchiller\u00eda japonesa&#8221;.<br \/>\n12:30 a 14:30 horas. <strong>Chef Benito Molina Dubost<\/strong> &#8220;Como Ense\u00f1ada se convirti\u00f3 en un destino gastron\u00f3mico&#8221;.<br \/>\n14:30 a 15:30 horas. <strong>Lic. Juan Fernando Castillejos Echandi<\/strong> y <strong>Lucia de la Parra<\/strong> &#8220;La industr\u00eda gastron\u00f3mica, un negocio rentable&#8221;.<br \/>\n15:30 a 16:30 horas. <strong>Chef Sylvia Kurzcyn Villalobos<\/strong> &#8220;Cocina Mexicana en Jap\u00f3n&#8221;.<br \/>\n16:30 a 17:00 horas. Receso.<br \/>\n17:00 a 18:00 horas.<strong> Chefs Benito<\/strong> y <strong>Solange<\/strong> &#8220;Manzanilla y sus ingredientes&#8221;.<br \/>\n18:00 a 19:00 horas. <span style=\"text-decoration: underline;\"><strong>Inauguraci\u00f3n<\/strong><\/span>.<\/p>\n<h3>Jueves 2 de junio de 2016<\/h3>\n<p>8:00 horas. Registro.<br \/>\n9:00 a 11:00 horas. <strong>Chef Solange Muris Evans<\/strong> &#8220;La visi\u00f3n de una mujer en un mar de ingredientes&#8221;.<br \/>\n11:00 a 11:30 horas. Receso.<br \/>\n11:30 a 12:30 horas. <strong>Hiroshi<\/strong> y <strong>Fabiola Kawabe<\/strong> &#8220;Tipos de cuchillos, usos correctos y sus materiales&#8221;.<br \/>\n12:30 a 14:30 horas. <strong>Chef Jos\u00e9 Ram\u00f3n Castillo<\/strong> &#8220;Creatividad&#8221;.<br \/>\n14:30 a 15:30 horas. Libre.<br \/>\n15:30 a 16:30 horas. <strong>Chef Sylvia Kurzcyn<\/strong> &#8220;Cocina Mexicana&#8221;.<br \/>\n16:30 a 17:00 horas. Receso.<br \/>\n17:00 a 18:00 horas. <strong>Chef \u00c1quiles Ch\u00e1vez<\/strong> &#8220;SOTERO y su comida con contenido&#8221;.<\/p>\n<h3>Viernes 3 de junio de 2016<\/h3>\n<p>8:00 horas. Registro.<br \/>\n9:00 a 11:00 horas. <strong>Chef Juan Emilio<\/strong> &#8220;La improvisaci\u00f3n en la cocina es un arte y orgullo personal&#8221;.<br \/>\n11:00 a 11:30 horas. Receso.<br \/>\n11:30 a 12:30 horas. <strong>Hiroshi<\/strong> y <strong>Fabiola Kawabe<\/strong> &#8220;Cuidado y afilado de los cuchillos&#8221;.<br \/>\n12:30 a 14:30 horas.<strong> Chef \u00c1quiles Ch\u00e1vez<\/strong> &#8220;El oficio del saber y la ciencia de cocinar&#8221;.<br \/>\n14:30 a 15:30 horas. <span style=\"text-decoration: underline;\"><strong>Clausura<\/strong><\/span>.<\/p>\n<h3>\u00bfC\u00f3mo asistir al Gastronomicon 2016?<\/h3>\n<p>Registra tu invitaci\u00f3n aqu\u00ed: <a href=\"http:\/\/gastronomicon.tueventoenweb.com\">http:\/\/gastronomicon.tueventoenweb.com<\/a><\/p>\n<p>Solicita tu beca para asistir a GASTRONOMICON 2016 en el siguiente correo: <a href=\"http:\/\/congresogastronomicon@gmail.com\">congresogastronomicon@gmail.com<\/a><\/p>\n<h3>Fecha, direcci\u00f3n y horario del Gastronomicon 2016<\/h3>\n<p>Gastronomicon 2016 en Le\u00f3n<\/p>\n<p>Del mi\u00e9rcoles 1 al viernes 3 de junio de 2016<br \/>\nde 08:00 a 20:30 hrs.<br \/>\nEn el <strong>Poliforum Le\u00f3n<\/strong> (Sal\u00f3n B301cd y Sal\u00f3n B301a). Blvd. Adolfo L\u00f3pez Mateos esq. Blvd. Francisco Villa s\/n<br \/>\nCol. Oriental. C.P. 37510 Le\u00f3n, Guanajuato.<\/p>\n<p><a title=\"Gu\u00eda de hoteles en la ciudad de Le\u00f3n\" href=\"http:\/\/www.travelbymexico.com\/leon_cd\/hoteles\" target=\"_blank\"><strong>Reserva un hotel en nuestra Gu\u00eda de Hoteles en Le\u00f3n<\/strong> <\/a><\/p>\n","protected":false},"excerpt":{"rendered":"<p>En este Congreso acad\u00e9mico y Expo de negocios, chefs y profesionales de la gastronom\u00eda compartir\u00e1n, con profesionales del sector gastron\u00f3mico<\/p>\n","protected":false},"author":2,"featured_media":18627,"comment_status":"closed","ping_status":"closed","sticky":false,"template":"","format":"standard","meta":[],"categories":[36,17],"tags":[9899,9904,9903,9902,317,9897,1588,363,9906,9898,9905,9901,604,8884,9900,1035,1090],"_links":{"self":[{"href":"https:\/\/www.travelbymexico.com\/blog\/wp-json\/wp\/v2\/posts\/18626"}],"collection":[{"href":"https:\/\/www.travelbymexico.com\/blog\/wp-json\/wp\/v2\/posts"}],"about":[{"href":"https:\/\/www.travelbymexico.com\/blog\/wp-json\/wp\/v2\/types\/post"}],"author":[{"embeddable":true,"href":"https:\/\/www.travelbymexico.com\/blog\/wp-json\/wp\/v2\/users\/2"}],"replies":[{"embeddable":true,"href":"https:\/\/www.travelbymexico.com\/blog\/wp-json\/wp\/v2\/comments?post=18626"}],"version-history":[{"count":2,"href":"https:\/\/www.travelbymexico.com\/blog\/wp-json\/wp\/v2\/posts\/18626\/revisions"}],"predecessor-version":[{"id":18629,"href":"https:\/\/www.travelbymexico.com\/blog\/wp-json\/wp\/v2\/posts\/18626\/revisions\/18629"}],"wp:featuredmedia":[{"embeddable":true,"href":"https:\/\/www.travelbymexico.com\/blog\/wp-json\/wp\/v2\/media\/18627"}],"wp:attachment":[{"href":"https:\/\/www.travelbymexico.com\/blog\/wp-json\/wp\/v2\/media?parent=18626"}],"wp:term":[{"taxonomy":"category","embeddable":true,"href":"https:\/\/www.travelbymexico.com\/blog\/wp-json\/wp\/v2\/categories?post=18626"},{"taxonomy":"post_tag","embeddable":true,"href":"https:\/\/www.travelbymexico.com\/blog\/wp-json\/wp\/v2\/tags?post=18626"}],"curies":[{"name":"wp","href":"https:\/\/api.w.org\/{rel}","templated":true}]}}