{"id":18615,"date":"2016-05-03T11:51:53","date_gmt":"2016-05-03T16:51:53","guid":{"rendered":"http:\/\/www.travelbymexico.com\/blog\/?p=18615"},"modified":"2016-05-04T12:01:54","modified_gmt":"2016-05-04T17:01:54","slug":"obras-de-maestros-europeos-y-mexicanos-del-arte-moderno-llegan-al-musa","status":"publish","type":"post","link":"https:\/\/www.travelbymexico.com\/blog\/18615-obras-de-maestros-europeos-y-mexicanos-del-arte-moderno-llegan-al-musa\/","title":{"rendered":"Obras de maestros europeos y mexicanos del Arte Moderno llegan al MUSA"},"content":{"rendered":"<h2>Luego de exhibirse durante cuatro meses en el Museo Nacional de Arte (MUNAL) de la ciudad de M\u00e9xico, la muestra &#8220;Los Modernos&#8221; lleg\u00f3 a Guadalajara.<\/h2>\n<p>Obras de maestros europeos y mexicanos del arte moderno de la primera mitad del siglo XX se exhiben bajo un mismo techo, el del Museo de las Artes Universidad de Guadalajara (MUSA).<\/p>\n<h3>Artistas y n\u00facleos tem\u00e1ticos<\/h3>\n<p>M\u00e1s de 140 obras de reconocidos <strong>pintores europeos y mexicanos<\/strong> como Pablo Picasso, Henri Matisse, George Braque, Fernand L\u00e9ger, Francis Bacon, Pierre Bonnard, Albert Gleizes, Leonora Carrington, Remedios Varo, Dr. Atl, Wilfredo Lam, Rufino Tamayo, Diego Rivera, Saturnino Herr\u00e1n, \u00c1ngel Z\u00e1rraga, Gerardo Murillo, Mar\u00eda Izquierdo, Jos\u00e9 Clemente Orozco, Germ\u00e1n Cueto, y David Alfaro Siqueiros se exhiben en el MUSA.<\/p>\n<p><em>&#8220;Los Modernos est\u00e1 conformada por nueve n\u00facleos tem\u00e1ticos que no responden a un orden cronol\u00f3gico, sino a discursos est\u00e9ticos que permiten apreciar los planteamientos y di\u00e1logos compartidos tanto por mexicanos como por europeos en torno al rumbo de las artes pl\u00e1sticas.<\/em><\/p>\n<h3>Museos que colaboraron para esta exposici\u00f3n<\/h3>\n<p>La exposici\u00f3n Los Modernos est\u00e1 organizada por el <a href=\"http:\/\/www.travelbymexico.com\/ciudaddemexico\/atractivos\/index.php?nom=1309031001\"><strong>Museo Nacional de Arte<\/strong><\/a> (MUNAL) en colaboraci\u00f3n con <strong>museos franceses<\/strong>: el Mus\u00e9e des Beaux-Arts de Lyon, el Centro Nacional de Arte y Cultura Georges Pompidou, y <strong>museos mexicanos<\/strong>: el Museo Tamayo de Arte Contempor\u00e1neo, el Museo de Arte Moderno, el Museo Franz Mayer, el Museo de Arte Abstracto Manuel Felgu\u00e9rez, el Instituto Cultural Caba\u00f1as, el Museo de Arte Carrillo Gil y el Instituto Nacional de Bellas Artes.<\/p>\n<h3>Informaci\u00f3n general<\/h3>\n<p>&#8220;Los Modernos&#8221;<br \/>\nDel 22 de abril al 10 de julio de 2016<\/p>\n<p>En la planta alta del MUSA<br \/>\nJu\u00e1rez 975, C.P. 44100, <a href=\"http:\/\/www.travelbymexico.com\/guadalajara\/hoteles\/\">Guadalajara<\/a>, Jal., M\u00e9xico<br \/>\nTel. 01(33) 3134 1664<\/p>\n<p>El MUSA est\u00e1 abierto de martes a domingo de 10:00 a 18:00 hrs.<\/p>\n<p>Entrada general: Gratuita.<\/p>\n","protected":false},"excerpt":{"rendered":"<p>Luego de exhibirse durante cuatro meses en el Museo Nacional de Arte (MUNAL) de la ciudad de M\u00e9xico, la muestra<\/p>\n","protected":false},"author":2,"featured_media":18616,"comment_status":"closed","ping_status":"closed","sticky":false,"template":"","format":"standard","meta":[],"categories":[9,912],"tags":[7139,416,5938,9884,9883,712,1531,9885,9886,9888,9887,7445,1535],"_links":{"self":[{"href":"https:\/\/www.travelbymexico.com\/blog\/wp-json\/wp\/v2\/posts\/18615"}],"collection":[{"href":"https:\/\/www.travelbymexico.com\/blog\/wp-json\/wp\/v2\/posts"}],"about":[{"href":"https:\/\/www.travelbymexico.com\/blog\/wp-json\/wp\/v2\/types\/post"}],"author":[{"embeddable":true,"href":"https:\/\/www.travelbymexico.com\/blog\/wp-json\/wp\/v2\/users\/2"}],"replies":[{"embeddable":true,"href":"https:\/\/www.travelbymexico.com\/blog\/wp-json\/wp\/v2\/comments?post=18615"}],"version-history":[{"count":2,"href":"https:\/\/www.travelbymexico.com\/blog\/wp-json\/wp\/v2\/posts\/18615\/revisions"}],"predecessor-version":[{"id":18618,"href":"https:\/\/www.travelbymexico.com\/blog\/wp-json\/wp\/v2\/posts\/18615\/revisions\/18618"}],"wp:featuredmedia":[{"embeddable":true,"href":"https:\/\/www.travelbymexico.com\/blog\/wp-json\/wp\/v2\/media\/18616"}],"wp:attachment":[{"href":"https:\/\/www.travelbymexico.com\/blog\/wp-json\/wp\/v2\/media?parent=18615"}],"wp:term":[{"taxonomy":"category","embeddable":true,"href":"https:\/\/www.travelbymexico.com\/blog\/wp-json\/wp\/v2\/categories?post=18615"},{"taxonomy":"post_tag","embeddable":true,"href":"https:\/\/www.travelbymexico.com\/blog\/wp-json\/wp\/v2\/tags?post=18615"}],"curies":[{"name":"wp","href":"https:\/\/api.w.org\/{rel}","templated":true}]}}