{"id":18571,"date":"2016-04-16T20:01:59","date_gmt":"2016-04-17T01:01:59","guid":{"rendered":"http:\/\/www.travelbymexico.com\/blog\/?p=18571"},"modified":"2016-04-17T21:30:11","modified_gmt":"2016-04-18T02:30:11","slug":"mas-de-2000-profesionales-de-los-idiomas-participaran-en-la-fiid-2016","status":"publish","type":"post","link":"https:\/\/www.travelbymexico.com\/blog\/18571-mas-de-2000-profesionales-de-los-idiomas-participaran-en-la-fiid-2016\/","title":{"rendered":"M\u00e1s de 2,000 profesionales de los idiomas participar\u00e1n en la FIID 2016"},"content":{"rendered":"<h2>Del jueves 19 al s\u00e1bado 21 de mayo se llevar\u00e1 la vig\u00e9sima primera edici\u00f3n de la Feria Internacional de Idiomas (FIID 2016) en Expo Guadalajara.<\/h2>\n<p>Al asistir a la FIID 2016, instituciones y profesionales de los idiomas podr\u00e1n ampliar su red de trabajo y al mismo tiempo desarrollar sus competencias.<\/p>\n<p>Dirigido a directores de instituciones educativas, p\u00fablicas y privadas, coordinadores acad\u00e9micos, traductores, docentes de los idiomas <strong>ingl\u00e9s<\/strong>, <strong>franc\u00e9s<\/strong>, <strong>alem\u00e1n<\/strong>, <strong>italiano<\/strong> y <strong>espa\u00f1ol<\/strong> como lengua extranjera, este evento multicultural convocar\u00e1 a m\u00e1s de 2,000 expertos internacionales en la ense\u00f1anza de dichos idiomas, procedentes de m\u00e1s de 70 pa\u00edses y 25 estados de la Rep\u00fablica Mexicana.<\/p>\n<h3>Datos relevantes de la FIID 2016 en Guadalajara<\/h3>\n<p>+ de 2,000 expertos internacionales en la ense\u00f1anza de los idiomas ingl\u00e9s, franc\u00e9s, alem\u00e1n, italiano y espa\u00f1ol.<br \/>\n+ de 70 pa\u00edses.<br \/>\n+ de 150 talleres\/actividades.<\/p>\n<ul>\n<li>Eventos de Networking<\/li>\n<li>Exhibicio\u0301n de libros.<\/li>\n<li>Conferencias.<\/li>\n<li>Invitado especial: La <strong>UNAM<\/strong>.<\/li>\n<li>Partipaci\u00f3n de las principales casas editoriales en la materia de ELT, ESL, EFL, FLE entre otras.<\/li>\n<\/ul>\n<h3>M\u00e1s de 150 actividades<\/h3>\n<p>La FIID 2016 contar\u00e1 con un <strong>programa acad\u00e9mico<\/strong> que contemplar\u00e1 m\u00e1s de 150 actividades acad\u00e9micas presentadas por ponentes de m\u00e1s de 15 pa\u00edses.<\/p>\n<p>Este programa acad\u00e9mico abarca \u00e1reas de profesionalizaci\u00f3n como son el programa <strong>FIID Kids &amp; Teens<\/strong> (docencia de idiomas para ni\u00f1os y adolescentes), <strong>FIID Pro<\/strong> (cubriendo la necesidad de administradores de sistemas educativos), <strong>Cultura FIID<\/strong> (serie de eventos culturales que brindan una experiencia profesional y cultural integral) y <strong>2\u00ba Foro FIID<\/strong>\u00a0 en el que los principales Ministros de educaci\u00f3n a nivel internacional discutir\u00e1n sobre temas de relevancia en la ense\u00f1anza de idiomas en M\u00e9xico durante &#8220;<span style=\"text-decoration: underline;\">El Reto: Plurilinguismo<\/span>&#8221; en el que se abordar\u00e1 la problem\u00e1tica actual que guarda el aprendizaje de los idiomas en nuestro pa\u00eds.<\/p>\n<h3>Costos de acceso<\/h3>\n<p>Inscr\u00edbete aqu\u00ed y haz v\u00e1lido tu descuento http:\/\/www.fiid.mx\/21fiid\/costos.php<\/p>\n<h3>Direcci\u00f3n<\/h3>\n<p>Expo Guadalajara. Av. Mariano Otero 1499, Verde Valle, 44550 Guadalajara<\/p>\n<p><strong><a href=\"http:\/\/www.travelbymexico.com\/guadalajara\/hoteles\">Reserva tu hotel en Guadalajara<\/a><\/strong><\/p>\n<p>&nbsp;<\/p>\n","protected":false},"excerpt":{"rendered":"<p>Del jueves 19 al s\u00e1bado 21 de mayo se llevar\u00e1 la vig\u00e9sima primera edici\u00f3n de la Feria Internacional de Idiomas<\/p>\n","protected":false},"author":2,"featured_media":18572,"comment_status":"closed","ping_status":"closed","sticky":false,"template":"","format":"standard","meta":[],"categories":[9,912],"tags":[9840,9842,9839,9838,9841,363,9837,502,9836,9835,620,9834,1157],"_links":{"self":[{"href":"https:\/\/www.travelbymexico.com\/blog\/wp-json\/wp\/v2\/posts\/18571"}],"collection":[{"href":"https:\/\/www.travelbymexico.com\/blog\/wp-json\/wp\/v2\/posts"}],"about":[{"href":"https:\/\/www.travelbymexico.com\/blog\/wp-json\/wp\/v2\/types\/post"}],"author":[{"embeddable":true,"href":"https:\/\/www.travelbymexico.com\/blog\/wp-json\/wp\/v2\/users\/2"}],"replies":[{"embeddable":true,"href":"https:\/\/www.travelbymexico.com\/blog\/wp-json\/wp\/v2\/comments?post=18571"}],"version-history":[{"count":1,"href":"https:\/\/www.travelbymexico.com\/blog\/wp-json\/wp\/v2\/posts\/18571\/revisions"}],"predecessor-version":[{"id":18573,"href":"https:\/\/www.travelbymexico.com\/blog\/wp-json\/wp\/v2\/posts\/18571\/revisions\/18573"}],"wp:featuredmedia":[{"embeddable":true,"href":"https:\/\/www.travelbymexico.com\/blog\/wp-json\/wp\/v2\/media\/18572"}],"wp:attachment":[{"href":"https:\/\/www.travelbymexico.com\/blog\/wp-json\/wp\/v2\/media?parent=18571"}],"wp:term":[{"taxonomy":"category","embeddable":true,"href":"https:\/\/www.travelbymexico.com\/blog\/wp-json\/wp\/v2\/categories?post=18571"},{"taxonomy":"post_tag","embeddable":true,"href":"https:\/\/www.travelbymexico.com\/blog\/wp-json\/wp\/v2\/tags?post=18571"}],"curies":[{"name":"wp","href":"https:\/\/api.w.org\/{rel}","templated":true}]}}