{"id":18507,"date":"2016-03-29T20:20:19","date_gmt":"2016-03-30T02:20:19","guid":{"rendered":"http:\/\/www.travelbymexico.com\/blog\/?p=18507"},"modified":"2016-03-29T20:20:47","modified_gmt":"2016-03-30T02:20:47","slug":"este-fin-de-semana-casi-todo-mexico-pasara-al-horario-de-verano-2016","status":"publish","type":"post","link":"https:\/\/www.travelbymexico.com\/blog\/18507-este-fin-de-semana-casi-todo-mexico-pasara-al-horario-de-verano-2016\/","title":{"rendered":"Este fin de semana, casi todo M\u00e9xico pasar\u00e1 al horario de verano 2016"},"content":{"rendered":"<h2>El pr\u00f3ximo fin de semana, casi todo M\u00e9xico pasar\u00e1 al horario de verano. Y, \u00bfpor qu\u00e9 casi todo M\u00e9xico? Pues, porque nuestro pa\u00eds est\u00e1 dividido en **cuatro husos horarios y el horario de verano solo se aplica en las Zonas Noreste, Centro, y Pac\u00edfico.<\/h2>\n<p>Establecido en M\u00e9xico a partir del a\u00f1o de 1996, el Horario de Verano es una medida que consiste en <strong>adelantar el reloj una hora<\/strong> en *casi todos los municipios del pa\u00eds durante la parte del a\u00f1o en la que se registra el periodo del a\u00f1o con mayor duraci\u00f3n de luz solar.<\/p>\n<h3>\u00bfCu\u00e1ndo inicia el horario de verano 2016 en M\u00e9xico?<\/h3>\n<p>El horario de verano inicia el primer domingo de abril a las 2h00 de la ma\u00f1ana y termina el \u00faltimo domingo de octubre a las 2h00 de la ma\u00f1ana.<\/p>\n<p>Por lo que este a\u00f1o de 2016, en *casi todo M\u00e9xico, el Cambio de Horario de Verano (CHV) se realizar\u00e1 <span style=\"text-decoration: underline;\">a las 2:00 de la madrugada del s\u00e1bado 2 de abril al domingo 3 de abril 2016<\/span>.<\/p>\n<h3>\u00bfCu\u00e1ndo finaliza el horario de verano 2016 en M\u00e9xico?<\/h3>\n<p>El domingo 30 de octubre de 2016.<\/p>\n<h3>Estados Mexicanos que ya pasaron al horario de verano 2016<\/h3>\n<p>El s\u00e1bado 12 de marzo, los habitantes de la Frontera Norte de M\u00e9xico adelantanron su reloj una hora.<\/p>\n<p><span style=\"text-decoration: underline;\">Los 33 municipios que conforman esta zona son los siguientes:<\/span><\/p>\n<p>Tijuana, Mexicali, Ensenada, Playa Rosarito y Tecate, en Baja California; Ju\u00e1rez, Ojinaga, Ascensi\u00f3n, Coyame del Sotol, Guadalupe, Janos, Manuel Benavides y Praxedis G. Guerrero, en Chihuahua, y Acu\u00f1a, Piedras Negras, Guerrero, Hidalgo, Jim\u00e9nez, Zaragoza, Nava y Ocampo, en Coahuila.<\/p>\n<p>Tambi\u00e9n An\u00e1huac y Los Aldama, en Nuevo Le\u00f3n; Nuevo Laredo, Reynosa, Matamoros, Camargo, Guerrero, Gustavo D\u00edaz Ordaz, Mier, Miguel Alem\u00e1n, R\u00edo Bravo y Valle Hermoso, en Tamaulipas.<\/p>\n<h3>Estados Mexicanos que NO pasan al horario de verano<\/h3>\n<p><strong>*No todo M\u00e9xico pasa al horario de verano<\/strong><\/p>\n<p>Los estados de Sonora y Quintana Roo <strong>no participan<\/strong> en el programa del horario de verano:<\/p>\n<p>&#8211; En el Estado de Sonora no se aplica el Horario de Verano, esto, debido a la interacci\u00f3n comercial que mantiene con Arizona, Estados Unidos, \u00fanico estado del vecino pa\u00eds que tampoco realiza cambios en su huso horario.<\/p>\n<p>&#8211; Desde el 1 de febrero de 2015, los municipios de Quintana Roo cuentan con un <a title=\" En febrero, Quintana Roo pasar\u00e1 a la nueva Zona Horaria Sureste\" href=\"http:\/\/www.travelbymexico.com\/blog\/17077-en-febrero-quintana-roo-pasara-a-la-nueva-zona-horaria-sureste\" target=\"_blank\">nuevo huso horario<\/a> que corresponde a 1 hora m\u00e1s que en el centro del pa\u00eds.<\/p>\n<p>Este horario entr\u00f3 en vigor a partir de las 2:00 a.m. del domingo 1 de febrero de 2015 ganando una hora m\u00e1s de luz natural y se mantendr\u00e1 as\u00ed todo el a\u00f1o con el fin de igualar las horas del sol con respecto a los demas destinos tur\u00edsticos del Caribe (Cuba, Rep\u00fablica Dominicana, Miami, etc) que son competencia para la Riviera Maya.<\/p>\n<p>&nbsp;<\/p>\n<p>&nbsp;<\/p>\n","protected":false},"excerpt":{"rendered":"<p>El pr\u00f3ximo fin de semana, casi todo M\u00e9xico pasar\u00e1 al horario de verano. Y, \u00bfpor qu\u00e9 casi todo M\u00e9xico? Pues,<\/p>\n","protected":false},"author":2,"featured_media":18508,"comment_status":"closed","ping_status":"closed","sticky":false,"template":"","format":"standard","meta":[],"categories":[912,30],"tags":[9762,9763,8534,262,7391,2066,4624,7390,7389,4625,3260,7387,633,634,8787,4623,648,4627,1077,4626,1883,8791,8790,8788,4621],"_links":{"self":[{"href":"https:\/\/www.travelbymexico.com\/blog\/wp-json\/wp\/v2\/posts\/18507"}],"collection":[{"href":"https:\/\/www.travelbymexico.com\/blog\/wp-json\/wp\/v2\/posts"}],"about":[{"href":"https:\/\/www.travelbymexico.com\/blog\/wp-json\/wp\/v2\/types\/post"}],"author":[{"embeddable":true,"href":"https:\/\/www.travelbymexico.com\/blog\/wp-json\/wp\/v2\/users\/2"}],"replies":[{"embeddable":true,"href":"https:\/\/www.travelbymexico.com\/blog\/wp-json\/wp\/v2\/comments?post=18507"}],"version-history":[{"count":2,"href":"https:\/\/www.travelbymexico.com\/blog\/wp-json\/wp\/v2\/posts\/18507\/revisions"}],"predecessor-version":[{"id":18510,"href":"https:\/\/www.travelbymexico.com\/blog\/wp-json\/wp\/v2\/posts\/18507\/revisions\/18510"}],"wp:featuredmedia":[{"embeddable":true,"href":"https:\/\/www.travelbymexico.com\/blog\/wp-json\/wp\/v2\/media\/18508"}],"wp:attachment":[{"href":"https:\/\/www.travelbymexico.com\/blog\/wp-json\/wp\/v2\/media?parent=18507"}],"wp:term":[{"taxonomy":"category","embeddable":true,"href":"https:\/\/www.travelbymexico.com\/blog\/wp-json\/wp\/v2\/categories?post=18507"},{"taxonomy":"post_tag","embeddable":true,"href":"https:\/\/www.travelbymexico.com\/blog\/wp-json\/wp\/v2\/tags?post=18507"}],"curies":[{"name":"wp","href":"https:\/\/api.w.org\/{rel}","templated":true}]}}