{"id":18500,"date":"2016-03-28T22:45:30","date_gmt":"2016-03-29T04:45:30","guid":{"rendered":"http:\/\/www.travelbymexico.com\/blog\/?p=18500"},"modified":"2016-03-29T01:09:48","modified_gmt":"2016-03-29T07:09:48","slug":"chayanne-concluira-su-gira-en-todo-estare-en-mexico-este-mes-de-junio","status":"publish","type":"post","link":"https:\/\/www.travelbymexico.com\/blog\/18500-chayanne-concluira-su-gira-en-todo-estare-en-mexico-este-mes-de-junio\/","title":{"rendered":"Chayanne concluir\u00e1 su gira &#8220;En todo estar\u00e9&#8221; en M\u00e9xico"},"content":{"rendered":"<h2>Luego de visitar Estados Unidos, Puerto Rico y gran parte de Latinoam\u00e9rica, el int\u00e9rprete regresa a M\u00e9xico\u00a0 para cerrar su gira &#8220;En todo estar\u00e9&#8221;.<\/h2>\n<p>A casi un a\u00f1o de iniciar su gira &#8220;En todo estar\u00e9&#8221;, el cantante puertorrique\u00f1o cerrar\u00e1 en 2016 su gira &#8220;En Todo Estar\u00e9&#8221;, la cual promocionaba el disco con el mismo nombre y recorri\u00f3 15 ciudades de nuestro pa\u00eds, el cantante puertorrique\u00f1o Chayanne cerrar\u00e1 dicho tour en el <strong>Auditorio Nacional<\/strong>, los pr\u00f3ximos 31 de mayo y 1 de junio.<\/p>\n<p>Previo a estas fechas, el puertorrique\u00f1o se presentar\u00e1 en el <strong>Auditorio Banamex<\/strong> de Monterrey los d\u00edas 20 y 21 de mayo;\u00a0 el <strong>Auditorio Telmex<\/strong> de Guadalajara el 25 de mayo, y el <strong>Auditorio Metropolitano<\/strong> de Puebla el 27 de mayo de 2016.<\/p>\n<h3>Acerca de Chayanne<\/h3>\n<p>Con m\u00e1s de 30 a\u00f1os de trayectoria, Elmer Figueroa Arce, m\u00e1s conocido por su nombre art\u00edstico Chayanne, es un cantante, bailar\u00edn y actor puertorrique\u00f1o que inici\u00f3 su carrera en 1979 como parte del grupo<em> Los Chicos<\/em>. Y desde entonces, ha participado en diversos proyectos no s\u00f3lo musicales, ya que tambi\u00e9n ha incursionado en la actuaci\u00f3n, con pel\u00edculas, series de televisi\u00f3n y telenovelas mexicanas.<\/p>\n<p>Chayanne es uno de esos pocos artistas de renombre internacional quienes lograron establecerse como \u00eddolo del ambito musical conquistando el coraz\u00f3n de miles de fans en el mundo entero y eso, sin necesidad de llamar la atenci\u00f3n de los medios, quedando al margen de los paparrazzi y protegiendo as\u00ed su vida privada.<\/p>\n<h3>Programa de conciertos<\/h3>\n<h3>Concierto de Chayanne en Monterrey, NL. Mayo 2016<\/h3>\n<p><strong>Auditorio Banamex<\/strong>: Privada Fundidora s\/n Col. Obrera, Monterrey, NL.<\/p>\n<p>Viernes 20 de mayo 2016 a las 22:00 horas.<br \/>\nS\u00e1bado 21 de mayo 2016 a las 21:00 horas.<\/p>\n<h3>Concierto de Chayanne en Zapopan. Mayo 2016<\/h3>\n<p><strong>Auditorio Telmex<\/strong>. Obreros de Cananea No.747, Complejo Belenes, 45157 Zapopan, Jal.<\/p>\n<p>Mi\u00e9rcoles 25 de mayo 2016 a las 21:00 horas.<\/p>\n<h3>Concierto de Chayanne en Puebla. Mayo 2016<\/h3>\n<p><strong>Auditorio Metropolitano de Puebla<\/strong>: Calle Sirio esquina con Pleyades, Reserva territorial Atlixcayotl. Puebla<\/p>\n<p>Vienes 27 de mayo de 2016 a las 20:30 horas.<\/p>\n<h3>Concierto de Chayanne en la ciudad de M\u00e9xico. Mayo &#8211; Junio 2016<\/h3>\n<p><strong>Auditorio Nacional<\/strong>: Paseo de la Reforma No. 50-Bosque de Chapultepec., Del. Miguel Hidalgo, M\u00e9xico, DF.<\/p>\n<p>Martes 31 de mayo 2016 a las 20:30 horas.<br \/>\nMi\u00e9rcoles 1 de junio 2016 a las 20:30 horas.<\/p>\n<h3>Art\u00edculos relacionados<\/h3>\n<p><a title=\"Chayanne regresa a M\u00e9xico en octubre 2011\" href=\"http:\/\/www.travelbymexico.com\/blog\/9179-chayanne-regresa-a-mexico-en-octubre-2011\" target=\"_blank\">Chayanne regresa a M\u00e9xico en Octubre 2011<\/a><\/p>\n<p><a title=\"Chayanne enciende a M\u00e9xico con su gira No hay imposible Tour\" href=\"http:\/\/www.travelbymexico.com\/blog\/7516-chayanne-enciende-a-mexico-con-su-gira-no-hay-imposible-tour\/%20\" target=\"_blank\">Chayanne enciende a M\u00e9xico con su gira No Hay Imposible Tour<\/a><\/p>\n","protected":false},"excerpt":{"rendered":"<p>Luego de visitar Estados Unidos, Puerto Rico y gran parte de Latinoam\u00e9rica, el int\u00e9rprete regresa a M\u00e9xico\u00a0 para cerrar su<\/p>\n","protected":false},"author":2,"featured_media":18501,"comment_status":"closed","ping_status":"closed","sticky":false,"template":"","format":"standard","meta":[],"categories":[36,912],"tags":[2045,114,2044,243,1431,318,9760,9761,620,834,1052,1291],"_links":{"self":[{"href":"https:\/\/www.travelbymexico.com\/blog\/wp-json\/wp\/v2\/posts\/18500"}],"collection":[{"href":"https:\/\/www.travelbymexico.com\/blog\/wp-json\/wp\/v2\/posts"}],"about":[{"href":"https:\/\/www.travelbymexico.com\/blog\/wp-json\/wp\/v2\/types\/post"}],"author":[{"embeddable":true,"href":"https:\/\/www.travelbymexico.com\/blog\/wp-json\/wp\/v2\/users\/2"}],"replies":[{"embeddable":true,"href":"https:\/\/www.travelbymexico.com\/blog\/wp-json\/wp\/v2\/comments?post=18500"}],"version-history":[{"count":5,"href":"https:\/\/www.travelbymexico.com\/blog\/wp-json\/wp\/v2\/posts\/18500\/revisions"}],"predecessor-version":[{"id":18506,"href":"https:\/\/www.travelbymexico.com\/blog\/wp-json\/wp\/v2\/posts\/18500\/revisions\/18506"}],"wp:featuredmedia":[{"embeddable":true,"href":"https:\/\/www.travelbymexico.com\/blog\/wp-json\/wp\/v2\/media\/18501"}],"wp:attachment":[{"href":"https:\/\/www.travelbymexico.com\/blog\/wp-json\/wp\/v2\/media?parent=18500"}],"wp:term":[{"taxonomy":"category","embeddable":true,"href":"https:\/\/www.travelbymexico.com\/blog\/wp-json\/wp\/v2\/categories?post=18500"},{"taxonomy":"post_tag","embeddable":true,"href":"https:\/\/www.travelbymexico.com\/blog\/wp-json\/wp\/v2\/tags?post=18500"}],"curies":[{"name":"wp","href":"https:\/\/api.w.org\/{rel}","templated":true}]}}