{"id":18423,"date":"2016-02-21T12:06:03","date_gmt":"2016-02-21T18:06:03","guid":{"rendered":"http:\/\/www.travelbymexico.com\/blog\/?p=18423"},"modified":"2016-02-20T20:34:25","modified_gmt":"2016-02-21T02:34:25","slug":"programa-del-festival-internacional-de-cine-unam-2016","status":"publish","type":"post","link":"https:\/\/www.travelbymexico.com\/blog\/18423-programa-del-festival-internacional-de-cine-unam-2016\/","title":{"rendered":"Programa del Festival Internacional de Cine UNAM 2016"},"content":{"rendered":"<h2>Festival que promueve el cine independiente nacional e internacional de corte autora en los g\u00e9neros de documental, ficci\u00f3n e h\u00edbridos, el FICUNAM 2016 presentar\u00e1 su sexta edici\u00f3n del 24 de febrero al 1 de marzo en diversas sedes de la ciudad de M\u00e9xico.<\/h2>\n<h3>Programa del FICUNAM 2016<\/h3>\n<p>Dentro de su programaci\u00f3n el FICUNAM 2016 ofrecer\u00e1 una selecci\u00f3n de 12 pel\u00edculas de directores contempor\u00e1neos que competir\u00e1n en la secciones <strong>\u202a\u200eAhora\u202c \u202aM\u00e9xico<\/strong>\u202c y\u00a0<strong> \u202aCompetencia\u202c \u202aInternacional\u202c<\/strong> en busca del premio PUMA MEXICO a la Mejor Pel\u00edcula.<\/p>\n<p>Entre sus eventos destacados estar\u00e1n la <strong>C\u00e1tedra Ingmar Bergman en cine y teatro<\/strong>, el <strong>Foro de la Cr\u00edtica Permanente<\/strong> que dedicar\u00e1 su discusi\u00f3n a la filosof\u00eda y el cine; una <strong>retrospectiva <\/strong>a<strong> Marlen Khutsiev<\/strong> y a <strong>Miguel Gomes<\/strong>, el <strong>Encuentro de escuelas de cine &#8216;Aciertos<\/strong>&#8216;; &#8216;<strong>Presentaci\u00f3n de talento<\/strong>&#8216; y funciones especiales (al aire libre, autocinema y Gala Ficunam).<\/p>\n<p>Asimismo, la Cinemateca Portuguesa colaborar\u00e1 con el FICUNAM presentando un programa del cineasta <strong>Paulo Rocha<\/strong> conformado por las pel\u00edculas &#8216;Mudar de vida&#8217; y Los a\u00f1os verdes (Os verdes anos).<\/p>\n<p>El FICUNAM cuenta con el apoyo de la <em>Coordinaci\u00f3n de Difusi\u00f3n Cultural<\/em>, la <em>Direcci\u00f3n General de Actividades Cinematogr\u00e1ficas<\/em>, la <em>Filmoteca UNAM<\/em>; el <em>Centro Universitario de Estudios Cinematogr\u00e1ficos<\/em> (CUEC), el <em>Consejo Nacional para la Cultura y las Artes<\/em> (CONCACULTA), el <em>Instituto Nacional de Cinematograf\u00eda<\/em> (IMCINE), as\u00ed como por el de varias empresas e instituciones.<\/p>\n<p><span style=\"text-decoration: underline;\"><strong>Descarga el Programa de mano del FIC UNAM 6<\/strong><\/span><br \/>\n<a title=\"Descarga el Programa de mano del FIC UNAM 6\" href=\"http:\/\/www.ficunam.org\/wp-content\/uploads\/2015\/11\/FIC16_Programa-de-mano.pdf%20\" target=\"_blank\">http:\/\/www.ficunam.org\/wp-content\/uploads\/2015\/11\/FIC16_Programa-de-mano.pdf <\/a><\/p>\n<h3>Sedes del FICUNAM 2016<\/h3>\n<p>CCU UNAM | Cineteca Nacional | Cinepolis Diana | IFAL | FAROS | Casa del Lago | Cinemat\u00f3grafo del Chopo | La Casa del Cine | Cine Tonal\u00e1 Roma | Teatro de la Ciudad Esperanza Iris.<\/p>\n<h3>Competencia Ahora M\u00e9xico y Competencia Internacional<\/h3>\n<p>12 pel\u00edculas de directores contempor\u00e1neos competir\u00e1n en la secciones \u202a\u200eAhora\u202c \u202aM\u00e9xico\u202c y\u00a0 \u202aCompetencia\u202c \u202aInternacional\u202c en busca del premio PUMA MEXICO a la Mejor Pel\u00edcula el cual consta de una escultura de plata dise\u00f1ada por el artista mexicano Mart\u00edn Soto Climent y de $100,000.00 MXN.<\/p>\n<p><span style=\"text-decoration: underline;\"><strong>Secci\u00f3n en competencia Ahora M\u00e9xico<\/strong><\/span><\/p>\n<p><strong>Casi para\u00edso<\/strong>, Pablo Narezo.<br \/>\nViernes 26 de febrero | 16:30 | Sala Julio Bracho<br \/>\nS\u00e1bado 27 de febrero | 20:00 | La Casa del cine<br \/>\nDomingo 28 de febrero | 19:00 | Casa del Lago<\/p>\n<p><strong>Los herederos<\/strong>, de Jorge Hern\u00e1ndez Aldana.<br \/>\nViernes 26 de febrero | 19:30 | Cinemat\u00f3grafo del Chopo<br \/>\nS\u00e1bado 27 de febrero | 19:00 | Cine Tonal\u00e1<br \/>\nDomingo 28 de febrero | 18:00 | Sala Julio Bracho<\/p>\n<p><strong>\u00cdcaros<\/strong>, de Pedro Gonz\u00e1lez-Rubio.<br \/>\nViernes 26 de febrero | 19:00 | Cine Tonal\u00e1<br \/>\nS\u00e1bado 27 de febrero | 16:00 | Sala Julio Bracho<br \/>\nMartes 1 de marzo | 19:30 | Cinemat\u00f3grafo del Chopo<\/p>\n<p><strong>Las letras<\/strong>, de Pablo Chavarr\u00eda.<br \/>\nS\u00e1bado 27 de febrero | 17:00 | Casa del Lago<br \/>\nDomingo 28 de febrero | 19:00 | Cine Tonal\u00e1<br \/>\nLunes 29 de febrero | 16:00 | Sala Julio Bracho *Con la presencia de Alberto Patisht\u00e1n<br \/>\nViernes 4 de marzo | 16:00 | Faro Milpa Alta<\/p>\n<p><strong>Mientras se busca el diablo<\/strong>, de Danniel Danniel, Diego Guti\u00e9rrez en colaboraci\u00f3n con Kees Hin<br \/>\nJueves 25 de febrero | 18:00 | Sala Carlos Monsiv\u00e1is<br \/>\nS\u00e1bado 27 de febrero | 18:30 | Casa del Lago<br \/>\nDomingo 28 de febrero | 17:30 | Cine Tonal\u00e1<\/p>\n<p><strong>Minotauro<\/strong>, de Nicol\u00e1s Pereda.<br \/>\nJueves 25 de febrero | 18:00 | Sala Carlos Monsiv\u00e1is<br \/>\nS\u00e1bado 27 de febrero | 18:30 | Casa del Lago<br \/>\nDomingo 28 de febrero | 17:30 | Cine Tonal\u00e1<\/p>\n<p><strong>Parque Lenin<\/strong>, Itziar Leemans, Carlos Mignon.<br \/>\nJueves 25 de febrero | 20:00 | Sala Julio Bracho<br \/>\nViernes 26 de febrero | 18:00 | Faro Tl\u00e1huac<br \/>\nS\u00e1bado 27 de febrero | 17:00 | Cinemat\u00f3grafo del Chopo<br \/>\nDomingo 28 de febrero | 16:00 | La casa del cine<\/p>\n<p><strong>Placa madre<\/strong>, de Bruno Varela.<br \/>\nViernes 26 de febrero | 20:00 | La casa del cine<br \/>\nS\u00e1bado 27 de febrero | 13:00 | Sala Julio Bracho<br \/>\nDomingo 28 de febrero | 17:00 | Casa del Lago<\/p>\n<p><strong>Pozoamargo<\/strong>, de Enrique Rivero.<br \/>\nS\u00e1bado 27 de febrero | 18:00 | Sala Miguel Covarrubias<br \/>\nDomingo 28 de febrero | 20:00 | La casa del cine<\/p>\n<p><strong>Somos lengua<\/strong>, de Kyzza Terrazas.<br \/>\nJueves 25 de febrero | 19:30 | Islas de Ciudad Universitaria<br \/>\nDomingo 28 de febrero | 16:00 | Sala Julio Bracho<\/p>\n<p><span style=\"text-decoration: underline;\"><strong>Secci\u00f3n Competencia Internacional<\/strong><\/span><\/p>\n<p><strong>Historia de dos que so\u00f1aron<\/strong>, de Andrea Bussmann, Nicol\u00e1s Pereda<br \/>\nLunes 29 de febrero | 18:00 | Sala Julio Bracho<br \/>\nMartes 1 de marzo | 11:00 | Sala Julio Bracho<\/p>\n<p><strong>Epitafio<\/strong>, de Rub\u00e9n Imaz y Yulene Olaizola.<br \/>\nS\u00e1bado 27 de febrero | 20:00 | Sala Miguel Covarrubias<br \/>\nLunes 29 de febrero | 13:00 | Sala Julio Bracho.<\/p>\n<h3>Boletos<\/h3>\n<p>Las funciones dentro del Centro Universitario de Estudios Cinematogr\u00e1ficos, as\u00ed como las clases magistrales, mesas de debate y Foro de la Cr\u00edtica Permanente son <strong>gratuitas<\/strong>.<\/p>\n<p>* Para la funci\u00f3n de <strong>Autocinema<\/strong> los boletos estar\u00e1n a la venta a partir del 17 de febrero de 2016 con un costo de $200 pesos por auto.<\/p>\n<p>Boleto por funci\u00f3n: $40 pesos, y $20 pesos para estudiantes, maestros, UNAM, INAPAM, jubilados ISSSTE e IMSS.<br \/>\nAbonos (10 funciones libres): $300 pesos, y $150 pesos para estudiantes, maestros, UNAM, INAPAM, jubilados ISSSTE e IMSS.<\/p>\n<p><span style=\"text-decoration: underline;\"><strong>Ubicaci\u00f3n y horarios de taquilla:<\/strong><\/span><\/p>\n<p>Sala Miguel Covarrubias<br \/>\nMi\u00e9rcoles a s\u00e1bado de 10:00 a 14:00 horas y de 16:30 a 20:30 horas.<br \/>\nDomingo de 10:00 a 13:30 horas y de 16:30 a 19:00 horas.<br \/>\nCentro Cultural Universitario, Insurgentes Sur 3000, Ciudad Universitaria, Delegaci\u00f3n Coyoac\u00e1n.<br \/>\nTel\u00e9fono: 56 65 68 25<\/p>\n<p>Unidad Cinematogr\u00e1fica<br \/>\nMi\u00e9rcoles y Jueves de 15:30 a 20:30 horas.<br \/>\nViernes a domingo de 10:00 a 13:30 horas. y 15:30 a 20:30 horas.<br \/>\nCentro Cultural Universitario, Insurgentes Sur 3000, Ciudad Universitaria, Delegaci\u00f3n Coyoac\u00e1n.<br \/>\nTel\u00e9fono: 56 22 70 04.<\/p>\n<p>&nbsp;<\/p>\n","protected":false},"excerpt":{"rendered":"<p>Festival que promueve el cine independiente nacional e internacional de corte autora en los g\u00e9neros de documental, ficci\u00f3n e h\u00edbridos,<\/p>\n","protected":false},"author":2,"featured_media":18424,"comment_status":"closed","ping_status":"closed","sticky":false,"template":"","format":"standard","meta":[],"categories":[37,912],"tags":[9679,318,9684,9683,9681,9680,6280,9685,9682,1236],"_links":{"self":[{"href":"https:\/\/www.travelbymexico.com\/blog\/wp-json\/wp\/v2\/posts\/18423"}],"collection":[{"href":"https:\/\/www.travelbymexico.com\/blog\/wp-json\/wp\/v2\/posts"}],"about":[{"href":"https:\/\/www.travelbymexico.com\/blog\/wp-json\/wp\/v2\/types\/post"}],"author":[{"embeddable":true,"href":"https:\/\/www.travelbymexico.com\/blog\/wp-json\/wp\/v2\/users\/2"}],"replies":[{"embeddable":true,"href":"https:\/\/www.travelbymexico.com\/blog\/wp-json\/wp\/v2\/comments?post=18423"}],"version-history":[{"count":1,"href":"https:\/\/www.travelbymexico.com\/blog\/wp-json\/wp\/v2\/posts\/18423\/revisions"}],"predecessor-version":[{"id":18425,"href":"https:\/\/www.travelbymexico.com\/blog\/wp-json\/wp\/v2\/posts\/18423\/revisions\/18425"}],"wp:featuredmedia":[{"embeddable":true,"href":"https:\/\/www.travelbymexico.com\/blog\/wp-json\/wp\/v2\/media\/18424"}],"wp:attachment":[{"href":"https:\/\/www.travelbymexico.com\/blog\/wp-json\/wp\/v2\/media?parent=18423"}],"wp:term":[{"taxonomy":"category","embeddable":true,"href":"https:\/\/www.travelbymexico.com\/blog\/wp-json\/wp\/v2\/categories?post=18423"},{"taxonomy":"post_tag","embeddable":true,"href":"https:\/\/www.travelbymexico.com\/blog\/wp-json\/wp\/v2\/tags?post=18423"}],"curies":[{"name":"wp","href":"https:\/\/api.w.org\/{rel}","templated":true}]}}