{"id":18389,"date":"2016-02-11T20:44:38","date_gmt":"2016-02-12T02:44:38","guid":{"rendered":"http:\/\/www.travelbymexico.com\/blog\/?p=18389"},"modified":"2016-02-14T14:51:29","modified_gmt":"2016-02-14T20:51:29","slug":"este-fin-de-seman-san-pancho-celebrara-su-festival-comunitario-2016","status":"publish","type":"post","link":"https:\/\/www.travelbymexico.com\/blog\/18389-este-fin-de-seman-san-pancho-celebrara-su-festival-comunitario-2016\/","title":{"rendered":"Este fin de semana, San Pancho celebrar\u00e1 su Festival Comunitario 2016"},"content":{"rendered":"<h2>Celebrando 10 a\u00f1os de creatividad, trabajo en equipo, imaginaci\u00f3n y muy buenas intenciones.<\/h2>\n<p>El pr\u00f3ximo s\u00e1bado 13 de febrero de 2016, la tranquila y cosmopolita localidad costera de San Francisco, mejor conocida como San Pancho, en el estado de Nayarit, celebrar\u00e1 su Festival Comunitario organizado por el Centro Comunitario Entre Amigos A.C. el cual cumplir\u00e1 su 10\u00b0 Aniversario.<\/p>\n<p>Con actividades conmemorativas, exposiciones y juegos educativos y ecol\u00f3gicos totalmente gratuitas, ser\u00e1 una fiesta para toda la familia, llena de arte, educaci\u00f3n, ecolog\u00eda, amor, colores y alegr\u00eda.<\/p>\n<p>Organizaci\u00f3n sin fines de lucro, preocupada por la educaci\u00f3n, la ecolog\u00eda y la cultura para ni\u00f1os y familias de San Pancho Nayarit,\u00a0 la asociaci\u00f3n Entreamigos fue creada por<\/p>\n<p>A lo largo de todo el a\u00f1o el <strong>Centro Comunitario Educativo &#8216;Entre Amigos&#8217;<\/strong> ofrece <strong>clases de idioma<\/strong>, <strong>talleres<\/strong> de arte, cultura y deporte y cuenta con un <strong>centro de reciclaje<\/strong> y una <strong>biblioteca<\/strong> que pone a disposici\u00f3n 7000 libros, 14 computadoras, clases y m\u00e1s clases&#8230; completamente GRATIS para la comunidad.<\/p>\n<p><strong>Horarios<\/strong>: de lunes a viernes de 10am a 6pm. S\u00e1bado de 10am a 2 pm.<br \/>\nLos eventos especiales y clases pueden tener horarios distintos.<\/p>\n<h3>Festival Comunitario San Pancho &#8211; Programa de eventos<\/h3>\n<p><span style=\"text-decoration: underline;\"><strong>S\u00e1bado 13 de febrero de 2016<\/strong> <\/span><\/p>\n<p><strong>Desfile<\/strong><br \/>\nDesfile con el tema \u201c<a title=\"\u00bfQu\u00e9 son las alebrijes?\" href=\"http:\/\/www.travelbymexico.com\/blog\/5151-alebrijes-artesanias-nacidas-de-un-sueno\/\" target=\"_blank\">Alebrijes<\/a>\u201d, en el que participar\u00e1n alrededor de 300 personas, partiendo desde las instalaciones de Entre Amigos hacia la Plaza del Sol. \u00a1Todos est\u00e1n invitados a participar!<br \/>\nA partir de las 4pm.<\/p>\n<p><strong>Inauguraci\u00f3n del Festival<\/strong><br \/>\nse celebrar\u00e1 la\u00a0 para comenzar con las sorpresas. Habr\u00e1 presentaciones art\u00edsticas y una verbena popular. Alrededor de las 9pm se realizar\u00e1 la Donaci\u00f3n de las 1000+ Fotos de la L\u00ednea del Tiempo a los residentes de San Pancho, para concluir con m\u00fasica de banda.<br \/>\nA las 6:30pm<\/p>\n<p><strong>Mariachi infantil <\/strong><br \/>\nA las 7:15 pm.<\/p>\n<p><strong>Reapertura de actividades del Carnaval, juegos y comida<\/strong><br \/>\nA las 7:30 pm.<\/p>\n<p><strong>Donaci\u00f3n de las 1000+ Fotos<\/strong><br \/>\nAlrededor de las 9pm se realizar\u00e1 la Donaci\u00f3n de las 1000+ Fotos de la L\u00ednea del Tiempo a los residentes de San Pancho, para concluir con un concierto de la banda La Turquesa.<\/p>\n<p>Comida t\u00edpica y arte hecho a mano tambi\u00e9n ser\u00e1n presentes.<\/p>\n<p>Para <strong>mayores informes<\/strong>, visita <a title=\"Sitio Web del Centro Comunitario Educativo Entre Amigos \" href=\"http:\/\/es.entreamigos.org.mx\" target=\"_blank\">http:\/\/es.entreamigos.org.mx<\/a><\/p>\n<h3>Acerca de San Francisco, Riviera Nayarit<\/h3>\n<p>Localizado en el municipio de Bah\u00eda de Banderas, a 108 km al suroeste de Tepic y a 40 km de Puerto Vallarta, hacia el norte, San Pancho es un tranquilo y peque\u00f1o pueblo costero y cosmopolita delimitado por las aguas del Oc\u00e9ano Pac\u00edfico y uno de los destinos de la <a title=\"Acerca de la Riviera Nayarit\" href=\"http:\/\/www.travelbymexico.com\/rivieranayarit\/index.php\" target=\"_blank\">Riviera Nayarit<\/a>.<\/p>\n<p>Sus opciones de hospedaje son hoteles, villas, caba\u00f1as o bungalows y trailer park todo equipado. Rodeadas por verdes cerros y palmeras, sa playa de arena blanca amarilla es ideal para la pr\u00e1ctica de surf y bodyboard.<\/p>\n<p>La playa San Pancho es bastante ancha, aproximadamente 40 metros, y se extiende a lo largo de 1 km. Cuenta con un karaoke sport bar, varias palapas y dos restaurantes de comida t\u00edpica en donde podr\u00e1s refrescarte y saborear especialidades locales y nacionales y, claro est\u00e1, platillos del mar.<\/p>\n<p>Antes de acceder a la playa, encontrar\u00e1s un peque\u00f1o mercado de artesan\u00edas locales hechas a mano.<\/p>\n","protected":false},"excerpt":{"rendered":"<p>Celebrando 10 a\u00f1os de creatividad, trabajo en equipo, imaginaci\u00f3n y muy buenas intenciones. El pr\u00f3ximo s\u00e1bado 13 de febrero de<\/p>\n","protected":false},"author":2,"featured_media":18390,"comment_status":"closed","ping_status":"closed","sticky":false,"template":"","format":"standard","meta":[],"categories":[36,912],"tags":[157,9659,9660,9662,9663,9658,9657,901,8662,1592,2215,8497,1154,9664,9661],"_links":{"self":[{"href":"https:\/\/www.travelbymexico.com\/blog\/wp-json\/wp\/v2\/posts\/18389"}],"collection":[{"href":"https:\/\/www.travelbymexico.com\/blog\/wp-json\/wp\/v2\/posts"}],"about":[{"href":"https:\/\/www.travelbymexico.com\/blog\/wp-json\/wp\/v2\/types\/post"}],"author":[{"embeddable":true,"href":"https:\/\/www.travelbymexico.com\/blog\/wp-json\/wp\/v2\/users\/2"}],"replies":[{"embeddable":true,"href":"https:\/\/www.travelbymexico.com\/blog\/wp-json\/wp\/v2\/comments?post=18389"}],"version-history":[{"count":4,"href":"https:\/\/www.travelbymexico.com\/blog\/wp-json\/wp\/v2\/posts\/18389\/revisions"}],"predecessor-version":[{"id":18406,"href":"https:\/\/www.travelbymexico.com\/blog\/wp-json\/wp\/v2\/posts\/18389\/revisions\/18406"}],"wp:featuredmedia":[{"embeddable":true,"href":"https:\/\/www.travelbymexico.com\/blog\/wp-json\/wp\/v2\/media\/18390"}],"wp:attachment":[{"href":"https:\/\/www.travelbymexico.com\/blog\/wp-json\/wp\/v2\/media?parent=18389"}],"wp:term":[{"taxonomy":"category","embeddable":true,"href":"https:\/\/www.travelbymexico.com\/blog\/wp-json\/wp\/v2\/categories?post=18389"},{"taxonomy":"post_tag","embeddable":true,"href":"https:\/\/www.travelbymexico.com\/blog\/wp-json\/wp\/v2\/tags?post=18389"}],"curies":[{"name":"wp","href":"https:\/\/api.w.org\/{rel}","templated":true}]}}