{"id":18377,"date":"2016-02-06T19:16:25","date_gmt":"2016-02-07T01:16:25","guid":{"rendered":"http:\/\/www.travelbymexico.com\/blog\/?p=18377"},"modified":"2016-02-06T19:19:01","modified_gmt":"2016-02-07T01:19:01","slug":"come-festival-2016-la-gran-fiesta-gastronomica-de-jalisco","status":"publish","type":"post","link":"https:\/\/www.travelbymexico.com\/blog\/18377-come-festival-2016-la-gran-fiesta-gastronomica-de-jalisco\/","title":{"rendered":"COME Festival 2016: la gran fiesta gastron\u00f3mica de Jalisco"},"content":{"rendered":"<h2>Regresa a la ciudad de Guadalajara\u00a0el\u00a0COME Festival Internacional de Sabores Jalisco con una serie de actividades para toda la familia, entre ellas Cooking Demos, Catas, Mesas redondas, Grand Restaurant, Grand Tasting,\u00a0etc.<\/h2>\n<h2>El estado mexicano y pa\u00eds invitados de honor del COME 2016 ser\u00e1n Guanajuato y Suiza.<\/h2>\n<p>Del 1 al 6 de marzo del 2016 se llevar\u00e1 a cabo <strong>COME Festival Internacional de Sabores Jalisco<\/strong> en el que renombrados chefs, sommeliers, y especialistas nacionales y extranjeros compartir\u00e1n su experiencia y conocimiento en este foro abierto a las m\u00faltiples expresiones y tendencias que hoy en d\u00eda definen el mapa gastron\u00f3mico del mundo, ofreciendo clases de cocina, catas de vinos de afamadas denominaciones de origen, charlas, conferencias, exposici\u00f3n y comercializaci\u00f3n de productos alimenticios.<\/p>\n<h3>Eventos y actividades<\/h3>\n<p>Exposici\u00f3n de Food Trucks y Mercadillo de productores<br \/>\nMuestras gastron\u00f3micas |\u00a0Cooking Demos |\u00a0Sal\u00f3n de Catas<br \/>\nCenas J\u00f3venes Talentos \u00a0|\u00a0Cenas Gala<br \/>\nGrand Tasting |\u00a0Gran Sommelier | C\u00f3cteles<\/p>\n<p>Conferencias |\u00a0Mesa redonda |\u00a0Mesa Magistral<\/p>\n<h3>Programa completo y convocatorias para concursos<\/h3>\n<p>Consulta el <strong>programa completo<\/strong> de eventos y actividades en el sitio web oficial del COME 2015\u00a0<a style=\"color: #8fbe00;\" title=\"Sitio oficial del festival COME 2015 en Guadalajara y Zapopan\" href=\"http:\/\/comefest.com\/\" target=\"_blank\">http:\/\/comefest.com<\/a><\/p>\n<p>Descargas las <strong>convocatorias<\/strong> para Chef COME Jalisco 2016 | Chef COME Jalisco Dulce 2016 | Gran Sommelier COME Jalisco 2016\u00a0<a title=\"Convocatorias para Chef COME, Chef COME Dulce, Sommelier COME 2016\" href=\"http:\/\/comefest.com\/convocatoria\" target=\"_blank\">aqu\u00ed<\/a><\/p>\n<h3>Personalidades invitadas<\/h3>\n<p><strong>Gloria L\u00f3pez Morales<\/strong>: actual presidenta del Conservatorio de la Cultura Gastron\u00f3mica Mexicana.<\/p>\n<p><strong>David Amar<\/strong>: fundador y director ejecutivo del Wine and Food Festival Canc\u00fan-Riviera Maya.<\/p>\n<p><strong>Fernando Olivera<\/strong>: Secretario de Turismo del Estado de Guanajuato desde el 2013.<\/p>\n<p><strong>Jos\u00e9 Carlos Guti\u00e9rrez<\/strong>: fundador y director de \u201cApporta Restaurant Marketing\u201d, la primera agencia del pa\u00eds especializada en mercadotecnia, imagen y servicios estrat\u00e9gicos para restaurantes desde hace 14 a\u00f1os.<\/p>\n<p><strong>Maria Forcada<\/strong> | <strong>Juan Jos\u00e9 Tamayo<\/strong>.<\/p>\n<h3>Chefs invitados<\/h3>\n<p>Betty V\u00e1zquez | Elena Reygadas | Fernanda Prado | Gabriela Ru\u00edz | Josefina Santa Cruz |\u00a0Karla Enciso | Liz Galicia | Maru Toledo | Sonia Arias.<\/p>\n<p>Alejandro Ru\u00edz | Alfonso Cadena | Alvaro Gamboa | Aquiles Ch\u00e1vez | Arturo Fern\u00e1ndez | Dante Ferrero | Darren Walsh | Diego Hern\u00e1ndez | Edgar Nu\u00f1ez | Eduardo Plascencia | Elias Sapi\u00e9n Jr. | Eloy \u00c1lvarez | Emiliano Ayala | Eric Daniel Gonz\u00e1lez | Fabian Delgado | Francisco Ruano | Gerardo V\u00e1zquez Lugo | Hugo Ch\u00e1vez | Jared Raerdon | Javier Plascencia | Jes\u00fas Escalera | Jorge Vallejo | Juan Ram\u00f3n C\u00e1rdenas | Luis Barocio | Luis Chiu |\u00a0Luis Robledo | Nacho Cadena | Nico Mej\u00eda | Pablo Ba\u00f1os | Pablo Salas | Francisco Molina | Riccardo Benvenuti | Ricardo Carrillo | Ricardo Mu\u00f1oz | Salvador Carrillo | Santiago Mu\u00f1oz | Sergio Camacho | Thierry Blouet | Tom\u00e1s Berm\u00fadez.<\/p>\n<h3>Sommeliers invitados<\/h3>\n<p>Debby Beard | Deborah Uribe | Gina Estrada | Jannet Ochoa | Paulina V\u00e9lez de Alba | Pilar Mer\u00e9 | Sandra Fern\u00e1ndez Gayt\u00e1n | Sophie Avernin.<\/p>\n<p>Alejandro Espinoza | Carlos Valenzuela | Ren\u00e9 Renter\u00eda.<\/p>\n<p>Koichi Garc\u00eda (Catador de puros).<\/p>\n<h3>Venta de boletos<\/h3>\n<p>http:\/\/www.ticketmaster.com.mx\/COME-Festival-Internacional-de-Sabores-Jalisco-boletos\/artist\/2205239<\/p>\n<p style=\"color: #444444;\"><strong>Reserva tu hotel:\u00a0<a style=\"color: #8fbe00;\" title=\"Gu\u00eda de hoteles en Guadalajara, Jalisco\" href=\"http:\/\/www.travelbymexico.com\/guadalajara\/hoteles\" target=\"_blank\">Consulta nuestra gu\u00eda de hoteles en Guadalajara, Jalisco<\/a>\u00a0<\/strong><\/p>\n<p><strong>\u00a0<\/strong><\/p>\n","protected":false},"excerpt":{"rendered":"<p>Regresa a la ciudad de Guadalajara\u00a0el\u00a0COME Festival Internacional de Sabores Jalisco con una serie de actividades para toda la familia,<\/p>\n","protected":false},"author":2,"featured_media":18378,"comment_status":"closed","ping_status":"closed","sticky":false,"template":"","format":"standard","meta":[],"categories":[37,17],"tags":[9654,7720,9652,9361,294,9651,361,9653,620,3561],"_links":{"self":[{"href":"https:\/\/www.travelbymexico.com\/blog\/wp-json\/wp\/v2\/posts\/18377"}],"collection":[{"href":"https:\/\/www.travelbymexico.com\/blog\/wp-json\/wp\/v2\/posts"}],"about":[{"href":"https:\/\/www.travelbymexico.com\/blog\/wp-json\/wp\/v2\/types\/post"}],"author":[{"embeddable":true,"href":"https:\/\/www.travelbymexico.com\/blog\/wp-json\/wp\/v2\/users\/2"}],"replies":[{"embeddable":true,"href":"https:\/\/www.travelbymexico.com\/blog\/wp-json\/wp\/v2\/comments?post=18377"}],"version-history":[{"count":5,"href":"https:\/\/www.travelbymexico.com\/blog\/wp-json\/wp\/v2\/posts\/18377\/revisions"}],"predecessor-version":[{"id":18383,"href":"https:\/\/www.travelbymexico.com\/blog\/wp-json\/wp\/v2\/posts\/18377\/revisions\/18383"}],"wp:featuredmedia":[{"embeddable":true,"href":"https:\/\/www.travelbymexico.com\/blog\/wp-json\/wp\/v2\/media\/18378"}],"wp:attachment":[{"href":"https:\/\/www.travelbymexico.com\/blog\/wp-json\/wp\/v2\/media?parent=18377"}],"wp:term":[{"taxonomy":"category","embeddable":true,"href":"https:\/\/www.travelbymexico.com\/blog\/wp-json\/wp\/v2\/categories?post=18377"},{"taxonomy":"post_tag","embeddable":true,"href":"https:\/\/www.travelbymexico.com\/blog\/wp-json\/wp\/v2\/tags?post=18377"}],"curies":[{"name":"wp","href":"https:\/\/api.w.org\/{rel}","templated":true}]}}