{"id":18361,"date":"2016-01-30T18:00:52","date_gmt":"2016-01-31T00:00:52","guid":{"rendered":"http:\/\/www.travelbymexico.com\/blog\/?p=18361"},"modified":"2016-01-30T18:01:09","modified_gmt":"2016-01-31T00:01:09","slug":"es-oficial-canada-retirara-requisitos-de-visa-a-mexicanos","status":"publish","type":"post","link":"https:\/\/www.travelbymexico.com\/blog\/18361-es-oficial-canada-retirara-requisitos-de-visa-a-mexicanos\/","title":{"rendered":"Es oficial: Canad\u00e1 retirar\u00e1 requisitos de Visa a Mexicanos"},"content":{"rendered":"<h2>&#8220;La Visa del Canad\u00e1 con M\u00e9xico ser\u00e1 eliminada, terminada, finita, kaputt!&#8221; Fue con estas palabras que el ministro de Asuntos Exteriores de Canad\u00e1, St\u00e9phane Dion, anunci\u00f3 tras la reuni\u00f3n de ministros de Asuntos Exteriores de Norte Am\u00e9rica celebrada en Ottawa este viernes 29 de enero, el fin de la medida impuesta de forma inesperada en 2009 por el primer ministro canadiense Stephen Harper para frenar el ingreso de refugiados.<\/h2>\n<p>Por el momento, ni el gobierno de Canad\u00e1 ni el de M\u00e9xico anunciaron cuando entrar\u00e1 en vigor la modificaci\u00f3n.<\/p>\n<p>Durante el encuentro el ministro de Canad\u00e1\u00a0<strong>St\u00e9phane Dion<\/strong> y la titular de la Secretaria de Relaciones Exteriores de M\u00e9xico <strong>Claudia Ruiz Massieu<\/strong>, coincidieron en generar m\u00e1s inversiones, incrementar la movilidad acad\u00e9mica y crear m\u00e1s oportunidades de formar capital humano.<\/p>\n<p>Asimismo, el ministro canadiense comparti\u00f3 el inter\u00e9s de celebrar el <strong>a\u00f1o de Canad\u00e1 en M\u00e9xico<\/strong> durante el 2017, lo que coincide con el aniversario 150 de la uni\u00f3n de las provincias canadienses.<\/p>\n<h3>Sigue vigente el requerimiento de visa<\/h3>\n<p>Por el momento, sigue vigente el requerimiento de visa a todos los nacionales mexicanos que deseen visitar Canad\u00e1, aun cuando sea s\u00f3lo en tr\u00e1nsito. Pero, a partir de Marzo de 2016 las autoridades canadienses prev\u00e9n iniciar un programa de <strong>Autorizaci\u00f3n Electr\u00f3nica de Viaje<\/strong>, llamado <strong>ETA<\/strong>, mediante el cual aquellos mexicanos que durante los \u00faltimos diez a\u00f1os hayan obtenido una visa canadiense, o bien, si cuentan con una visa vigente de no inmigrante para viajar a los Estados Unidos, ya no requerir\u00e1n una nueva visa canadiense, siempre y cuando su viaje a Canad\u00e1 sea por transporte a\u00e9reo.<\/p>\n<p>Para mayores informes, consulta la secci\u00f3n\u00a0<a title=\"Soy Mexicano, \u00bfnecesito visa para visitar canad\u00e1?\" href=\"http:\/\/consulmex.sre.gob.mx\/calgary\/index.php\/preguntas-frecuentes\" target=\"_blank\">Soy Mexicano, \u00bfnecesito visa para visitar Canad\u00e1?<\/a> en el sitio web del Consulado de Carrera de M\u00e9xico en Calgary.<\/p>\n<h3>Acerca de la Relaci\u00f3n Bilateral M\u00e9xico &#8211; Canad\u00e1<\/h3>\n<p>M\u00e9xico y Canad\u00e1 establecieron relaciones diplom\u00e1ticas el 29 enero de 1944.<\/p>\n<p>El mecanismo clave en materia de cooperaci\u00f3n bilateral es la &#8220;Alianza M\u00e9xico-Canad\u00e1&#8221; (CMP, por sus siglas en ingl\u00e9s).<\/p>\n<p>Lanzada en Ottawa en octubre de 2004, el a\u00f1o en que se conmemor\u00f3 el LX Aniversario de las relaciones diplom\u00e1ticas entre Canad\u00e1 y M\u00e9xico y el X Aniversario del TLCAN, la CMP es el catalizador para la acci\u00f3n coordinada entre nuestros gobiernos, sectores privados y socios no gubernamentales, en la lucha por alcanzar objetivos comunes los cuales abarcan una amplia gama de intereses pol\u00edticos, comerciales, sociales, ambientales y de seguridad. Entre ellos est\u00e1n Agronegocios, Energ\u00eda, Medio ambiente, Bosques; Capital humano como (como Intercambio acad\u00e9mico), Movilidad laboral; Comercio, inversi\u00f3n e innovaci\u00f3n; y seguridad.<\/p>\n<p>Actualmente, <strong>Canad\u00e1 es el tercer socio comercial y cuarto pa\u00eds inversionista en M\u00e9xico<\/strong>. Es tambi\u00e9n el segundo pa\u00eds de origen de los turistas que visitan M\u00e9xico.<\/p>\n<h3>Enlaces de inter\u00e9s<\/h3>\n<p><a title=\"Secretar\u00eda de Relaciones Exteriores de M\u00e9xico\" href=\"http:\/\/mex-can.sre.gob.mx\/?page_id=755\" target=\"_blank\">Alianza M\u00e9xico-Canad\u00e1<\/a> en el Sitio web de la Secretar\u00eda de Relaciones Exteriores de M\u00e9xico<\/p>\n<p><a title=\"Embajada de Canad\u00e1 en M\u00e9xico\" href=\"http:\/\/www.canadainternational.gc.ca\/mexico-mexique\/index.aspx?lang=spa\" target=\"_blank\">Embajada de Canad\u00e1 en M\u00e9xico<\/a><\/p>\n<p>&nbsp;<\/p>\n","protected":false},"excerpt":{"rendered":"<p>&#8220;La Visa del Canad\u00e1 con M\u00e9xico ser\u00e1 eliminada, terminada, finita, kaputt!&#8221; Fue con estas palabras que el ministro de Asuntos<\/p>\n","protected":false},"author":2,"featured_media":18362,"comment_status":"closed","ping_status":"closed","sticky":false,"template":"","format":"standard","meta":[],"categories":[912,30],"tags":[9636,9637,6670,9633,9638,2282,4681,9635,1389,1905,9634],"_links":{"self":[{"href":"https:\/\/www.travelbymexico.com\/blog\/wp-json\/wp\/v2\/posts\/18361"}],"collection":[{"href":"https:\/\/www.travelbymexico.com\/blog\/wp-json\/wp\/v2\/posts"}],"about":[{"href":"https:\/\/www.travelbymexico.com\/blog\/wp-json\/wp\/v2\/types\/post"}],"author":[{"embeddable":true,"href":"https:\/\/www.travelbymexico.com\/blog\/wp-json\/wp\/v2\/users\/2"}],"replies":[{"embeddable":true,"href":"https:\/\/www.travelbymexico.com\/blog\/wp-json\/wp\/v2\/comments?post=18361"}],"version-history":[{"count":2,"href":"https:\/\/www.travelbymexico.com\/blog\/wp-json\/wp\/v2\/posts\/18361\/revisions"}],"predecessor-version":[{"id":18364,"href":"https:\/\/www.travelbymexico.com\/blog\/wp-json\/wp\/v2\/posts\/18361\/revisions\/18364"}],"wp:featuredmedia":[{"embeddable":true,"href":"https:\/\/www.travelbymexico.com\/blog\/wp-json\/wp\/v2\/media\/18362"}],"wp:attachment":[{"href":"https:\/\/www.travelbymexico.com\/blog\/wp-json\/wp\/v2\/media?parent=18361"}],"wp:term":[{"taxonomy":"category","embeddable":true,"href":"https:\/\/www.travelbymexico.com\/blog\/wp-json\/wp\/v2\/categories?post=18361"},{"taxonomy":"post_tag","embeddable":true,"href":"https:\/\/www.travelbymexico.com\/blog\/wp-json\/wp\/v2\/tags?post=18361"}],"curies":[{"name":"wp","href":"https:\/\/api.w.org\/{rel}","templated":true}]}}