{"id":18332,"date":"2016-01-19T23:01:11","date_gmt":"2016-01-20T05:01:11","guid":{"rendered":"http:\/\/www.travelbymexico.com\/blog\/?p=18332"},"modified":"2016-02-17T00:48:18","modified_gmt":"2016-02-17T06:48:18","slug":"feria-internacional-del-libro-del-palacio-de-mineria-2016","status":"publish","type":"post","link":"https:\/\/www.travelbymexico.com\/blog\/18332-feria-internacional-del-libro-del-palacio-de-mineria-2016\/","title":{"rendered":"Feria Internacional del Libro del Palacio de Miner\u00eda 2016"},"content":{"rendered":"<h2>Se acerca la la edici\u00f3n 37 de la Feria Internacional del Libro del Palacio de Miner\u00eda&#8221; y, aunque el Comit\u00e9 Organizador de la\u00a0FILPM 2016 no haya dado a conocer\u00a0todav\u00eda el detalle de su extenso <a title=\"Programa completo de actividades de la FILPM\" href=\"http:\/\/www.travelbymexico.com\/blog\/18407-expositores-y-programa-de-actividades-culturales-de-la-filpm-2016\/\" target=\"_blank\">programa de actividades<\/a>,\u00a0queremos compartir con ustedes algunas informaciones \u00fatiles como por ejemplo las fechas de\u00a0este magno evento cultural y de sus &#8216;Jornadas Juveniles&#8221;, as\u00ed como los temas que ser\u00e1n abordados durante\u00a0las presentaciones de publicaciones del Instituto de Investigaciones Bibliotecnol\u00f3gicas y de la Informaci\u00f3n (IIBI-UNAM).<\/h2>\n<p>Organizada anualmente \u00a0por la Universidad Nacional Aut\u00f3noma de M\u00e9xico (UNAM) a trav\u00e9s de la Facultad de Ingenier\u00eda, la \u201cFeria Internacional del Libro del Palacio de Miner\u00eda\u201d (FILPM) es el encuentro editorial m\u00e1s antiguo de M\u00e9xico.<\/p>\n<h3>Misi\u00f3n<\/h3>\n<p>Considerada como una de las celebraciones a la literatura con m\u00e1s trascendencia en nuestro pa\u00eds, la FILPM tiene como objetivo de dar a conocer a la sociedad en su conjunto y a la comunidad universitaria las novedades de la industria editorial mexicana.<\/p>\n<h3>Datos importantes<\/h3>\n<p>&#8211; La XXXVII FILPM se llevar\u00e1 a cabo <strong>del 17 al 29 de febrero de 2016<\/strong>.<\/p>\n<p>&#8211; Contar\u00e1 con m\u00e1s de <strong>1,500 actividades culturales<\/strong> y contar\u00e1 con la participaci\u00f3n de <strong>460 sellos editoriales<\/strong>.<\/p>\n<p>&#8211; Las tradicionales <strong>Jornadas Juveniles<\/strong> de la FILPM se realizar\u00e1n del lunes 22\u00a0al\u00a0mi\u00e9rcoles 24 de febrero de 2016.<\/p>\n<h3>Descarga <a title=\"Presentaciones de publicaciones del IIBI\" href=\"http:\/\/iibi.unam.mx\/f\/libros_iibi_xxxvii_filpm.pdf\" target=\"_blank\">aqu\u00ed<\/a> el programa de las Presentaciones de publicaciones del IIBI-UNAM<\/h3>\n<p>Presentaciones del Instituto de Investigaciones Bibliotecol\u00f3gicas y de la Informaci\u00f3n &#8211; UNAM:<\/p>\n<p>\u201cActores en las redes de infodiversidad y el acceso\u00a0abierto\u201d.<\/p>\n<p>\u201cLa informaci\u00f3n: perspectivas bibliotecol\u00f3gicas y\u00a0distinciones interdisciplinarias\u201d.<\/p>\n<p>\u201cEl acceso a la informaci\u00f3n gubernamental:\u00a0experiencias y expectativas\u201d.<\/p>\n<p>\u201cEl giro visual en bibliotecolog\u00eda: intersecciones de\u00a0la informaci\u00f3n, la imagen y el conocimiento\u201d.<\/p>\n<p>\u201cInformaci\u00f3n, entorno y evoluci\u00f3n: visiones\u00a0acad\u00e9micas y profesionales sobre el informe de<br \/>\ntendencias de la IFLA\u201d.<\/p>\n<p>\u201cAn\u00e1lisis sobre tendencias de informaci\u00f3n\u00a0propuestas por la IFLA\u201d<\/p>\n<p>\u201cBiblioteca Digital 2.015\u201d<\/p>\n<h3 style=\"font-weight: lighter; color: #40c0cb;\">Informaci\u00f3n al visitante: Direcci\u00f3n, horarios y costos<\/h3>\n<p style=\"color: #444444;\">Lunes a viernes: 11:00 a 21:00 hrs.<br \/>\nS\u00e1bados y domingos: 10:00 a 21:00 hrs.<br \/>\n$ 15.00 pesos de lunes a viernes.<br \/>\n$ 20.00 pesos s\u00e1bados y domingos.<br \/>\nEntrada gratuita a ni\u00f1os menores de 6 a\u00f1os.<\/p>\n<p style=\"color: #444444;\">Direcci\u00f3n del Palacio de Miner\u00eda y sus oficinas: Tacuba No.5, Centro Hist\u00f3rico, C.P. 06000. Ciudad de M\u00e9xico D.F. Tel\u00e9fonos: 5512 8723 y 5521 4687<br \/>\nHorario de atenci\u00f3n: De 9:00 a 17:00 hrs.<\/p>\n<p style=\"color: #444444;\"><strong>Servicios al p\u00fablico<\/strong><\/p>\n<p style=\"color: #444444;\">&#8211; Centro de Informaci\u00f3n y documentaci\u00f3n Ingeniero Bruno Mazcanzoni:\u00a0 informaci\u00f3n cient\u00edfica y tecnol\u00f3gica de ingenier\u00eda, adem\u00e1s, se ofrecen diversos servicios de pr\u00e9stamo y consulta.<br \/>\n&#8211; M\u00f3dulos de informaci\u00f3n.<br \/>\n&#8211; Guardarropa (Plaza Tols\u00e1).<br \/>\n&#8211; Cajeros autom\u00e1ticos.<br \/>\n&#8211; Punto de Encuentro y tel\u00e9fonos p\u00fablicos.<br \/>\n&#8211; Cafeter\u00eda.<\/p>\n<h3 style=\"color: #444444;\">Art\u00edculos relacionados<\/h3>\n<p><strong><a title=\"Programa completo de actividades de la FILPM\" href=\"http:\/\/ferialibromineria.mx\/xxxvii\/actividades-culturales\/programa-general\" target=\"_blank\">Programa completo de actividades culturales de la FILPM 2016<\/a><\/strong><\/p>\n<p><strong><a style=\"color: #8fbe00;\" title=\"Palacio de Miner\u00eda y Museo Manuel Tolsa en la ciudad de M\u00e9xico\" href=\"http:\/\/www.travelbymexico.com\/blog\/10740-palacio-de-mineria-y-museo-manuel-tolsa-en-la-ciudad-de-mexico\" target=\"_blank\">Palacio de Miner\u00eda y Museo Manuel Tols\u00e1 en la Ciudad de M\u00e9xico<\/a><\/strong><\/p>\n<p><strong><a style=\"color: #8fbe00;\" title=\"Conoce los inmuebles hist\u00f3ricos de la UNAM en la ciudad de M\u00e9xico\" href=\"http:\/\/www.travelbymexico.com\/blog\/10688-conoce-los-inmuebles-historicos-de-la-unam\" target=\"_blank\">Conoce los Inmuebles Hist\u00f3ricos de la Universidad Aut\u00f3noma de M\u00e9xico<\/a><\/strong><\/p>\n","protected":false},"excerpt":{"rendered":"<p>Se acerca la la edici\u00f3n 37 de la Feria Internacional del Libro del Palacio de Miner\u00eda&#8221; y, aunque el Comit\u00e9<\/p>\n","protected":false},"author":2,"featured_media":18333,"comment_status":"closed","ping_status":"closed","sticky":false,"template":"","format":"standard","meta":[],"categories":[9,912],"tags":[9617,318,363,4161,9616,2291,6027,1236,4933],"_links":{"self":[{"href":"https:\/\/www.travelbymexico.com\/blog\/wp-json\/wp\/v2\/posts\/18332"}],"collection":[{"href":"https:\/\/www.travelbymexico.com\/blog\/wp-json\/wp\/v2\/posts"}],"about":[{"href":"https:\/\/www.travelbymexico.com\/blog\/wp-json\/wp\/v2\/types\/post"}],"author":[{"embeddable":true,"href":"https:\/\/www.travelbymexico.com\/blog\/wp-json\/wp\/v2\/users\/2"}],"replies":[{"embeddable":true,"href":"https:\/\/www.travelbymexico.com\/blog\/wp-json\/wp\/v2\/comments?post=18332"}],"version-history":[{"count":4,"href":"https:\/\/www.travelbymexico.com\/blog\/wp-json\/wp\/v2\/posts\/18332\/revisions"}],"predecessor-version":[{"id":18414,"href":"https:\/\/www.travelbymexico.com\/blog\/wp-json\/wp\/v2\/posts\/18332\/revisions\/18414"}],"wp:featuredmedia":[{"embeddable":true,"href":"https:\/\/www.travelbymexico.com\/blog\/wp-json\/wp\/v2\/media\/18333"}],"wp:attachment":[{"href":"https:\/\/www.travelbymexico.com\/blog\/wp-json\/wp\/v2\/media?parent=18332"}],"wp:term":[{"taxonomy":"category","embeddable":true,"href":"https:\/\/www.travelbymexico.com\/blog\/wp-json\/wp\/v2\/categories?post=18332"},{"taxonomy":"post_tag","embeddable":true,"href":"https:\/\/www.travelbymexico.com\/blog\/wp-json\/wp\/v2\/tags?post=18332"}],"curies":[{"name":"wp","href":"https:\/\/api.w.org\/{rel}","templated":true}]}}