{"id":18310,"date":"2016-01-13T23:54:57","date_gmt":"2016-01-14T05:54:57","guid":{"rendered":"http:\/\/www.travelbymexico.com\/blog\/?p=18310"},"modified":"2016-01-13T23:57:34","modified_gmt":"2016-01-14T05:57:34","slug":"lugares-que-el-papa-francisco-visitara-en-mexico-este-febrero-de-2016","status":"publish","type":"post","link":"https:\/\/www.travelbymexico.com\/blog\/18310-lugares-que-el-papa-francisco-visitara-en-mexico-este-febrero-de-2016\/","title":{"rendered":"Lugares que el Papa Francisco visitar\u00e1 en M\u00e9xico este febrero de 2016"},"content":{"rendered":"<h2>Durante su pr\u00f3ximo viaje apost\u00f3lico de casi seis d\u00edas en M\u00e9xico, el Papa Francisco visitar\u00e1 cuatro entidades del pa\u00eds y el Distrito Federal.<\/h2>\n<h2>Adem\u00e1s de celebrar cinco misas, una en la Bas\u00edlica de Guadalupe en la ciudad de M\u00e9xico, el Papa tiene tambi\u00e9n programado un encuentro con 10 mil j\u00f3venes en la ciudad de Morelia.<\/h2>\n<h3>Viaje apost\u00f3lico de Su Santidad Francisco a M\u00e9xico<\/h3>\n<p>Del 12 al 17 de febrero de 2016,\u00a0el Papa Francisco visitar\u00e1 M\u00e9xico en el marco del Jubileo Extraordinario de la Misericordia, un \u00a0a\u00f1o santo extraordinario que comenz\u00f3 el 8 de diciembre de 2015 y concluir\u00e1 el 20 de noviembre de 2016, para celebrar el quincuag\u00e9simo aniversario de la clausura del Concilio Vaticano II, profundizar en su implantaci\u00f3n y situar en un lugar central la Divina Misericordia, con el fortalecimiento de la confesi\u00f3n.<\/p>\n<h3>Boletos gratuitos<\/h3>\n<p>Cada evento multitudinarios a los que asistir\u00e1 el Papa Francisco ser\u00e1 gratuito y los boletos ser\u00e1n distribuidos por las di\u00f3cesis de las entidades en las que estar\u00e1.<\/p>\n<p>La <em>Coordinaci\u00f3n General de la Conferencia del Episcopado Mexicano<\/em> determinar\u00e1 de manera proporcional la cantidad de pases que entregar\u00e1 a cada una de las di\u00f3cesis.<\/p>\n<p><a href=\"http:\/\/www.travelbymexico.com\/blog\/imgBase\/2016\/01\/1089.jpg\"><img loading=\"lazy\" class=\"alignleft wp-image-18314 size-medium\" src=\"http:\/\/www.travelbymexico.com\/blog\/imgBase\/2016\/01\/1089-320x240.jpg\" alt=\"Mensaje del Papa Francisco\" width=\"320\" height=\"240\" srcset=\"https:\/\/www.travelbymexico.com\/blog\/imgBase\/2016\/01\/1089-320x240.jpg 320w, https:\/\/www.travelbymexico.com\/blog\/imgBase\/2016\/01\/1089.jpg 640w\" sizes=\"(max-width: 320px) 100vw, 320px\" \/><\/a><\/p>\n<h3>Programa del Viaje apost\u00f3lico de su Santidad Francisco a M\u00e9xico<\/h3>\n<p>A continuaci\u00f3n, les compartimos los lugares que el Papa Francisco visitar\u00e1 en M\u00e9xico este febrero de 2016.<\/p>\n<h3>Viernes 12 de febrero de 2016<\/h3>\n<p>12:30 Salida en avi\u00f3n del Aeropuerto de Roma\/Fiumicino a la Ciudad de M\u00e9xico<br \/>\n19:30 Llegada al Aeropuerto Internacional \u201cBenito Ju\u00e1rez\u201d de la Ciudad de M\u00e9xico.<\/p>\n<h3>S\u00e1bado 13 de febrero de 2016<\/h3>\n<p>09:30 <strong>Ceremonia de bienvenida en el <a title=\"Palacio Nacional de M\u00e9xico\" href=\"http:\/\/www.travelbymexico.com\/ciudaddemexico\/atractivos\/?nom=edfepalnal\" target=\"_blank\">Palacio Nacional<\/a><\/strong>.<br \/>\nVisita de cortes\u00eda al Presidente de la Rep\u00fablica Mexicana, Enrique Pe\u00f1a Nieto.<\/p>\n<p>10:15 Encuentro con autoridades, Sociedad Civil y Cuerpo Diplom\u00e1tico<br \/>\n11:30 Encuentro con Obispos de M\u00e9xico en la <a title=\"Catedral Metropolitana de M\u00e9xico\" href=\"http:\/\/www.travelbymexico.com\/ciudaddemexico\/atractivos\/?nom=kdfecatedral%20\" target=\"_blank\">Catedral Metropolitana<\/a> de M\u00e9xico.<br \/>\n17:00 <span style=\"text-decoration: underline;\"><strong>Santa Misa<\/strong><\/span> en la <a title=\"Bas\u00edlica de Guadalupe en la ciudad de M\u00e9xico\" href=\"http:\/\/www.travelbymexico.com\/blog\/10570-basilica-de-guadalupe-en-la-ciudad-de-mexico\" target=\"_blank\">Bas\u00edlica de Guadalupe<\/a>.<\/p>\n<h3>Domingo 14 de febrero de 2016<\/h3>\n<p>09:20 Traslado en helic\u00f3ptero a Ecatepec<\/p>\n<p>11:30 <span style=\"text-decoration: underline;\"><strong>Santa Misa<\/strong><\/span> en el \u00e1rea de la Unidad de Estudios de Ecatepec<br \/>\n12:50 Traslado en helic\u00f3ptero a la Ciudad de M\u00e9xico<br \/>\n13:10 Llegada a la Ciudad de M\u00e9xico<br \/>\n16:30 <strong>Visita al hospital pedi\u00e1trico<\/strong> \u201cFederico G\u00f3mez\u201d.<\/p>\n<h3>Lunes 15 de febrero de 2016<\/h3>\n<p>07:30 Salida en avi\u00f3n a Tuxtla Guti\u00e9rrez.<\/p>\n<p>09:15 Traslado en helic\u00f3ptero a San Crist\u00f3bal de las Casas.<br \/>\n10:15 <span style=\"text-decoration: underline;\"><strong>Santa Misa<\/strong><\/span>\u00a0con las comunidades ind\u00edgenas en el Centro Deportivo Municipal.<br \/>\n13:00 Comida con representantes de comunidades ind\u00edgenas.<br \/>\n15:00 <strong>Visita a la <a title=\"Catedral de San Crist\u00f3bal de Las Casas\" href=\"http:\/\/www.travelbymexico.com\/blog\/1861-catedral-de-san-cristobal-de-las-casas\" target=\"_blank\">Catedral de San Crist\u00f3bal de las Casas<\/a><\/strong>.<br \/>\n15:35 Traslado en helic\u00f3ptero a Tuxtla Guti\u00e9rrez.<br \/>\n16:15 <strong>Encuentro\u00a0con las familias<\/strong>\u00a0en el Estadio \u201cV\u00edctor Manuel Reyna\u201d en Tuxtla Guti\u00e9rrez.<br \/>\n18:10 Salida en avi\u00f3n a la Ciudad de M\u00e9xico.<br \/>\n20:00 Llegada al Aeropuerto Internacional \u201cBenito Ju\u00e1rez\u201d de la Ciudad de M\u00e9xico.<\/p>\n<h3>Martes 16 de febrero de 2016<\/h3>\n<p>07:50 Salida en avi\u00f3n a Morelia.<\/p>\n<p>10:00 <span style=\"text-decoration: underline;\"><strong>Santa Misa<\/strong><\/span> con Sacerdotes, religiosas, religiosos, consagrados y seminaristas en el Estadio Venustiano Carranza.<br \/>\n15:15 <strong>Visita a la <a title=\"Acerca de la Catedral de Morelia\" href=\"http:\/\/www.travelbymexico.com\/morelia\/reportajes\/?nom=bmorcatedral\" target=\"_blank\">Catedral de Morelia<\/a><\/strong>.<br \/>\n16:30 <strong>Encuentro con j\u00f3venes<\/strong> en el estadio \u201cJos\u00e9 Mar\u00eda Morelos y Pav\u00f3n\u201d.<br \/>\n18:55 Salida en avi\u00f3n a la Ciudad de M\u00e9xico.<br \/>\n20:00 Llegada a la Ciudad de M\u00e9xico.<\/p>\n<h3>Mi\u00e9rcoles 17 de febrero de 2016<\/h3>\n<p>08:35 Salida en avi\u00f3n a Ciudad Ju\u00e1rez.<\/p>\n<p>10:00 Llegada al aeropuerto internacional \u201cAbraham Gonz\u00e1lez\u201d de Ciudad Ju\u00e1rez.<br \/>\n10:30 <strong>Visita\u00a0al Centro Penitenciario<\/strong> (CeReSo n.3).<br \/>\n12:00 <strong>Encuentro con el mundo del trabajo<\/strong> en el Colegio de Bachilleres del Estado de Chihuahua.<br \/>\n16:00 <span style=\"text-decoration: underline;\"><strong>Santa Misa<\/strong><\/span> en el \u00e1rea de la feria de Ciudad Ju\u00e1rez.<\/p>\n<p>19:00 <strong>Ceremonia de despedida<\/strong> en el Aeropuerto Internacional \u201cBenito Ju\u00e1rez\u201d de la Ciudad de M\u00e9xico.<\/p>\n<p>19:15 Salida en avi\u00f3n a Roma\/Ciampino.<\/p>\n<h3>Jueves 18 de febrero de 2016<\/h3>\n<p>14:45 Llegada al Aeropuerto de Roma\/Ciampino.<\/p>\n<p><strong><a title=\"Reserva tu hotel en la ciudad de M\u00e9xico\" href=\"http:\/\/www.travelbymexico.com\/ciudaddemexico\/hoteles\" target=\"_blank\">Reserva tu hotel en la ciudad de M\u00e9xico<\/a>.\u00a0<\/strong><\/p>\n<p><strong><a title=\"Reserva tu hotel en la ciudad de Morelia\" href=\"http:\/\/www.travelbymexico.com\/morelia\/hoteles\" target=\"_blank\">Reserva tu hotel en la ciudad de Morelia<\/a>.\u00a0<\/strong><\/p>\n<p><strong><a title=\"Reserva tu hotel en la ciudad de San Crist\u00f3bal de Las Casas\" href=\"http:\/\/www.travelbymexico.com\/sancristobal\/hoteles\" target=\"_blank\">Reserva tu hotel en la ciudad de San Crist\u00f3bal de Las Casas<\/a>.\u00a0<\/strong><\/p>\n<p><strong><a title=\"Reserva tu hotel en la ciudad de Tuxtla Guti\u00e9rrez\" href=\"http:\/\/www.travelbymexico.com\/tuxtlagutierrez\/hoteles\" target=\"_blank\">Reserva tu hotel en la ciudad de Tuxtla Guti\u00e9rrez<\/a>.\u00a0<\/strong><\/p>\n","protected":false},"excerpt":{"rendered":"<p>Durante su pr\u00f3ximo viaje apost\u00f3lico de casi seis d\u00edas en M\u00e9xico, el Papa Francisco visitar\u00e1 cuatro entidades del pa\u00eds y<\/p>\n","protected":false},"author":2,"featured_media":18311,"comment_status":"closed","ping_status":"closed","sticky":false,"template":"","format":"standard","meta":[],"categories":[36,912],"tags":[2238,9602,9605,9606,9601,9604,4354,842,936,9547,1118,9603,1230,9600,4233],"_links":{"self":[{"href":"https:\/\/www.travelbymexico.com\/blog\/wp-json\/wp\/v2\/posts\/18310"}],"collection":[{"href":"https:\/\/www.travelbymexico.com\/blog\/wp-json\/wp\/v2\/posts"}],"about":[{"href":"https:\/\/www.travelbymexico.com\/blog\/wp-json\/wp\/v2\/types\/post"}],"author":[{"embeddable":true,"href":"https:\/\/www.travelbymexico.com\/blog\/wp-json\/wp\/v2\/users\/2"}],"replies":[{"embeddable":true,"href":"https:\/\/www.travelbymexico.com\/blog\/wp-json\/wp\/v2\/comments?post=18310"}],"version-history":[{"count":5,"href":"https:\/\/www.travelbymexico.com\/blog\/wp-json\/wp\/v2\/posts\/18310\/revisions"}],"predecessor-version":[{"id":18317,"href":"https:\/\/www.travelbymexico.com\/blog\/wp-json\/wp\/v2\/posts\/18310\/revisions\/18317"}],"wp:featuredmedia":[{"embeddable":true,"href":"https:\/\/www.travelbymexico.com\/blog\/wp-json\/wp\/v2\/media\/18311"}],"wp:attachment":[{"href":"https:\/\/www.travelbymexico.com\/blog\/wp-json\/wp\/v2\/media?parent=18310"}],"wp:term":[{"taxonomy":"category","embeddable":true,"href":"https:\/\/www.travelbymexico.com\/blog\/wp-json\/wp\/v2\/categories?post=18310"},{"taxonomy":"post_tag","embeddable":true,"href":"https:\/\/www.travelbymexico.com\/blog\/wp-json\/wp\/v2\/tags?post=18310"}],"curies":[{"name":"wp","href":"https:\/\/api.w.org\/{rel}","templated":true}]}}