{"id":18278,"date":"2016-01-03T22:53:07","date_gmt":"2016-01-04T04:53:07","guid":{"rendered":"http:\/\/www.travelbymexico.com\/blog\/?p=18278"},"modified":"2016-01-04T14:23:26","modified_gmt":"2016-01-04T20:23:26","slug":"programa-de-eventos-y-conciertos-del-119o-carnaval-de-mazatlan-2016","status":"publish","type":"post","link":"https:\/\/www.travelbymexico.com\/blog\/18278-programa-de-eventos-y-conciertos-del-119o-carnaval-de-mazatlan-2016\/","title":{"rendered":"Programa de eventos y conciertos del 119\u00ba Carnaval de Mazatl\u00e1n 2016"},"content":{"rendered":"<h2>Con el lema \u201cMazatlantida. La alegor\u00eda que emergi\u00f3 de las olas\u201d se realizar\u00e1 la edici\u00f3n 119 del Carnaval de Mazatl\u00e1n, \u00a0del jueves 4 al martes 9 de febrero de 2016.<\/h2>\n<h2><span style=\"color: #444444;\">Dentro de los eventos art\u00edsticos relevantes de esta edici\u00f3n 2016 del Carnaval de Mazatl\u00e1n se llevar\u00e1 a cabo un gran espect\u00e1culo musical de talla internacional con\u00a0el tenor mexicano Arturo Chac\u00f3n\u00a0y\u00a0\u00a0la soprano\u00a0Cruz Ang\u00e9lica Alejandre acompa\u00f1ados\u00a0por la Orquesta Sinf\u00f3nica Sinaloa de las Artes.\u00a0<\/span><\/h2>\n<p><span style=\"color: #444444;\">Considerado como\u00a0<\/span><span style=\"color: #444444;\">el tercer Carnaval m\u00e1s importante del mundo<\/span><span style=\"color: #444444;\"> seg\u00fan la revista Forbes, el Carnaval de Mazatl\u00e1n no solamente es reconocido por sus impresionantes desfiles de carros aleg\u00f3ricos e ineludibles coronaciones de los reyes y reinas del carnaval (Coronaci\u00f3n del Rey de la Alegr\u00eda, de la Reina de Carnaval, de la Reina infantil, y de la reina de los Juegos Florales), Combate Naval y Quema del Mal Humor; sino que tambi\u00e9n presenta actividades culturales y realiza entregas de premios culturales, entre ellos: el Premio Mazatl\u00e1n de Literatura, Premio estatal de Pintura Antonio L\u00f3pez S\u00e1enz, Premio Clemencia Isaura de Poes\u00eda.<\/span><\/p>\n<h3>Programa de eventos culturales y conciertos del Carnaval de Mazatl\u00e1n 2016<\/h3>\n<h3>E\u202alecci\u00f3n de la \u202cR\u202aeina de \u202cM\u202aazatl\u00e1ntida\u202c<\/h3>\n<p>S\u00e1bado 16 de enero, a las 19:00 horas, se elegir\u00e1 a las nuevas soberanas del Carnaval Internacional Mazatl\u00e1n 2016.<\/p>\n<p>La velada se realizar\u00e1 en el Teatro \u00c1ngela Peralta donde las 11 bellas aspirantes buscar\u00e1n llevarse la corona de la m\u00e1xima fiesta porte\u00f1a.<\/p>\n<p>Boletos: $500, $450, $400 y 300.<\/p>\n<h3>Velada de las Artes<\/h3>\n<p>29 de enero de 2016 en el Teatro \u00c1ngela Peralta a las 8:00 p.m.<\/p>\n<p>Arturo Chacon y Cruz Ang\u00e9lica Alejandre estar\u00e1n acompa\u00f1ados por la Orquesta Sinf\u00f3nica Sinaloa de las Artes<br \/>\nBoletos: $500, $450, $350 y $250 pesos<\/p>\n<h3>Inauguraci\u00f3n de la tradicional Muestra Gastron\u00f3nima<\/h3>\n<p>4 de febrero de 2016 a las 2:00 p.m. en la Plazuela Machado<\/p>\n<h3>Coronaci\u00f3n del Rey de la Alegr\u00eda<\/h3>\n<p>Jueves 4 de febrero de 2016 en Olas Altas a las 7:30 p.m.<\/p>\n<p>Artistas: Julio Preciado | Kevin Ortiz | Banda La Divina<\/p>\n<h3>Baile de Fantas\u00eda<\/h3>\n<p>Jueves 4 de febrero de 2016 a las 8:00 p.m. en la Terraza Los Pargos (Calle Chametla, Playa Sur).<\/p>\n<p>Este evento pretende rescatar una de las costumbres de anta\u00f1o cuando las familias y j\u00f3venes del Mazatl\u00e1n acud\u00edan a divertirse disfrazados.<br \/>\nBoletos: $500 pesos.<\/p>\n<h3>Premio de Poes\u00eda \u201cClemencia Isaura\u201d<\/h3>\n<p>Dirigido a poetas de todo el pa\u00eds este premio ser\u00e1 otorgado el viernes 5 de febrero de 2016 durante la ceremonia de Coronaci\u00f3n de la Reina de los Juegos Florales y est\u00e1.<\/p>\n<h3>Espectacular &#8216;Noche Disco&#8217; en Los Juegos Florales<\/h3>\n<p>Viernes 5 de febrero de 2016 en el Estadio Teodoro Mariscal a las 8:30 p.m.<\/p>\n<p>El legendario Al Mckay y m\u00fasicos del grupo<strong> Earth, Wind &amp; Fire<\/strong>, Mar\u00eda del Sol y la protagonista de la puesta en escena de &#8220;El Rey Le\u00f3n&#8221;, Fela Dom\u00ednguez en la coronaci\u00f3n de la Reina de los Juegos Florales con el acompa\u00f1amiento de la Orquesta Sinf\u00f3nica Sinaloa de las Artes.<\/p>\n<p>Boletos: Campo numerado central y laterales $700.00; Central centro numerado $350.00, campo general $300.00, Laterales $100.00 pesos.<\/p>\n<h3>Quema del Mal Humor<span style=\"color: #444444;\">\u00a0<\/span><\/h3>\n<p>S\u00e1bado 6 de febrero de 2016 a las 9:00\u00a0p.m.\u00a0en el Paseo Olas Altas.<\/p>\n<h3>Combate Naval con fuegos pirot\u00e9cnicos<\/h3>\n<p>S\u00e1bado 6 de febrero de 2016 a las 10:30\u00a0p.m.\u00a0en el Paseo Olas Altas.<\/p>\n<h3>Ov7 Y Kabah &#8211;\u00a0Coronaci\u00f3n de la Reina del\u00a0Carnaval Mazatl\u00e1n 2016<\/h3>\n<p>Conciertos de <strong>OV7<\/strong> y <strong>Kabah<\/strong>.<\/p>\n<p>S\u00e1bado 6 de febrero de 2016 en el Estadio Teodoro Mariscal a las 6:30 p.m.<\/p>\n<h3>Primer Desfile de Carnaval<\/h3>\n<p>Domingo 7 de febrero de 2016 a las 5:30 p.m. en Avenida del Mar.<\/p>\n<h3>Gran espect\u00e1culo de Lunes de Carnaval<\/h3>\n<p>Lunes 8 de febrero de 2016 en Olas Altas a las 11:00 p.m.<br \/>\nArtistas: <strong>Banda Sinaloense MS<\/strong> de Sergio Lizarraga &#8220;Tour de bendici\u00f3n 2016&#8221;.<\/p>\n<h3>Baile Infantil del Carnaval<\/h3>\n<p>Lunes 8 de febrero de 2016 en el Sal\u00f3n Spectaculare a las 10:00 a.m.<\/p>\n<p>Boletos: $65 general y $35 participantes.<\/p>\n<h3>Ha Ash\u00a0&#8211;\u00a0Coronaci\u00f3n de la Reina Infantil del Carnaval<\/h3>\n<p>Lunes 8 de febrero a las 18:30 horas en el Estadio Teodoro Mariscal.<\/p>\n<p>Boletos: Campo numerado central y laterales $700.00; Central centro numerado $350.00, campo general $300.00, Laterales $100.00.<\/p>\n<h3>Segundo Desfile de Carnaval<\/h3>\n<p>Martes 9 de febrero de 2016 a las 4.30 p.m. en Avenida del Mar.<\/p>\n<h3>Martes de Apoteosis<\/h3>\n<p>Martes 9 de febrero de 2016 en Olas Altas a las 10:00 p.m.<br \/>\nArtistas: <strong>Pancho Barraza<\/strong> | <strong>Luis Antonio L\u00f3pez<\/strong> &#8220;El Mimoso | <strong>Grupo C\u00f3digo FN<\/strong> | <strong>Paola Preciado<\/strong> | <strong>Banda Playa Grande<\/strong>.<\/p>\n<h3>Venta de boletos<\/h3>\n<p>Los boletos est\u00e1n a la venta en las taquilla ubicadas en el Teatro \u00c1ngela Peralta y el Instituto de Cultura de Mazatl\u00e1n, de 9:00 a 15:00 y de 17:00 a 19:00 horas; Gran Plaza; Plazuela Machado de 10:00 a 13:00 y de 15:00 a 20:00 horas. (Promoci\u00f3n de 3 meses sin intereses con Tarjeta de Cr\u00e9dito Bancomer, compra m\u00ednima de $1,000.00 pesos.)<\/p>\n<p><strong style=\"color: #444444;\"><a style=\"color: #8fbe00;\" title=\"Reserva tu hotel en la ciudad de Mazatl\u00e1n\" href=\"http:\/\/www.travelbymexico.com\/mazatlan\/hoteles\" target=\"_blank\">Reserva tu hotel en la ciudad de Mazatl\u00e1n<\/a><\/strong><\/p>\n","protected":false},"excerpt":{"rendered":"<p>Con el lema \u201cMazatlantida. La alegor\u00eda que emergi\u00f3 de las olas\u201d se realizar\u00e1 la edici\u00f3n 119 del Carnaval de Mazatl\u00e1n,<\/p>\n","protected":false},"author":2,"featured_media":18279,"comment_status":"closed","ping_status":"closed","sticky":false,"template":"","format":"standard","meta":[],"categories":[14,912],"tags":[6170,215,6987,1408,2761,2194,6175,3620,6986,1052,4345,8562],"_links":{"self":[{"href":"https:\/\/www.travelbymexico.com\/blog\/wp-json\/wp\/v2\/posts\/18278"}],"collection":[{"href":"https:\/\/www.travelbymexico.com\/blog\/wp-json\/wp\/v2\/posts"}],"about":[{"href":"https:\/\/www.travelbymexico.com\/blog\/wp-json\/wp\/v2\/types\/post"}],"author":[{"embeddable":true,"href":"https:\/\/www.travelbymexico.com\/blog\/wp-json\/wp\/v2\/users\/2"}],"replies":[{"embeddable":true,"href":"https:\/\/www.travelbymexico.com\/blog\/wp-json\/wp\/v2\/comments?post=18278"}],"version-history":[{"count":2,"href":"https:\/\/www.travelbymexico.com\/blog\/wp-json\/wp\/v2\/posts\/18278\/revisions"}],"predecessor-version":[{"id":18281,"href":"https:\/\/www.travelbymexico.com\/blog\/wp-json\/wp\/v2\/posts\/18278\/revisions\/18281"}],"wp:featuredmedia":[{"embeddable":true,"href":"https:\/\/www.travelbymexico.com\/blog\/wp-json\/wp\/v2\/media\/18279"}],"wp:attachment":[{"href":"https:\/\/www.travelbymexico.com\/blog\/wp-json\/wp\/v2\/media?parent=18278"}],"wp:term":[{"taxonomy":"category","embeddable":true,"href":"https:\/\/www.travelbymexico.com\/blog\/wp-json\/wp\/v2\/categories?post=18278"},{"taxonomy":"post_tag","embeddable":true,"href":"https:\/\/www.travelbymexico.com\/blog\/wp-json\/wp\/v2\/tags?post=18278"}],"curies":[{"name":"wp","href":"https:\/\/api.w.org\/{rel}","templated":true}]}}