{"id":18261,"date":"2015-12-28T22:26:14","date_gmt":"2015-12-29T04:26:14","guid":{"rendered":"http:\/\/www.travelbymexico.com\/blog\/?p=18261"},"modified":"2016-01-25T01:05:39","modified_gmt":"2016-01-25T07:05:39","slug":"el-arte-de-africa-central-llego-al-museo-nacional-de-antropologia","status":"publish","type":"post","link":"https:\/\/www.travelbymexico.com\/blog\/18261-el-arte-de-africa-central-llego-al-museo-nacional-de-antropologia\/","title":{"rendered":"El Arte de \u00c1frica Central lleg\u00f3 a la ciudad de M\u00e9xico"},"content":{"rendered":"<h2>En reciprocidad de &#8220;<a title=\"Exposici\u00f3n del INAH sobre los Mayas rompe r\u00e9cord de visitas en museo franc\u00e9s\" href=\"http:\/\/www.travelbymexico.com\/blog\/17190-exposicion-del-inah-sobre-los-mayas-rompe-record-de-visitas-en-museo-frances\/\" target=\"_blank\">Mayas. Revelaci\u00f3n de un tiempo sin fin<\/a>&#8220;, que el a\u00f1o pasado fue acogida en el Mus\u00e9e du Quai Branly en Par\u00eds, arriba a M\u00e9xico \u201cR\u00edo Congo, artes de \u00c1frica Central\u201d.<\/h2>\n<h2>Organizada conjuntamente con el Museo de Quai Branly, es la exposici\u00f3n m\u00e1s amplia dedicada a colecciones etnogr\u00e1ficas provenientes del continente africano en nuestro pa\u00eds.<\/h2>\n<p>El pasado 16 de diciembre en el <strong>Museo Nacional de Antropolog\u00eda<\/strong> de la ciudad de M\u00e9xico fue inaugurada la exposici\u00f3n itinerante \u201c<strong>R\u00edo Congo, Artes de \u00c1frica Central<\/strong>\u201d en presencia de la Embajadora de Francia en M\u00e9xico, Sra. Maryse Bossi\u00e8re, el Presidente de Conaculta, Rafael Tovar y de Teresa, la Directora General del INAH, Sra. Teresa Franco, y el curador de la exposici\u00f3n, Francois Neyt.<\/p>\n<p>Esta exposici\u00f3n es una ventana al fascinante y misterioso mundo lleno de simbolismos de los pueblos que habitan las m\u00e1rgenes del segundo r\u00edo (antes conocido como R\u00edo Zaire) m\u00e1s caudaloso del mundo, s\u00f3lo superado por el Amazonas.<\/p>\n<h3>Las obras<\/h3>\n<p>Las 346 obras en exhibici\u00f3n concentran los elementos que hermanan a los pueblos de lenguas bant\u00faes; 20 grupos \u00e9tnicos repartidos entre seis pa\u00edses: Camer\u00fan, Guinea Ecuatorial, Gab\u00f3n, Rep\u00fablica del Congo, Angola y Rep\u00fablica Democr\u00e1tica del Congo.<\/p>\n<h3>Dos secciones especiales para su exhibici\u00f3n en M\u00e9xico<\/h3>\n<p>Esta exposici\u00f3n es mucho m\u00e1s amplia que la que se present\u00f3 en Europa y Asia, ya que integra dos secciones nuevas: una de m\u00fasica y otra de artes gr\u00e1ficas.<\/p>\n<p>A las M\u00e1scaras, relicarios y estatuas de ancestros que datan del siglo XIX y XX se han sumado para su exhibici\u00f3n en M\u00e9xico 100 piezas que nunca hab\u00edan salido de las colecciones del museo parisino, entre ellas armas, instrumentos musicales y textiles realizados en materiales tan variados como madera, piel, fibras, marfil, plumas, hueso, rafia, hierba, follaje, cer\u00e1mica, caol\u00edn, resinas, algod\u00f3n, hierro, lat\u00f3n, cobre, vidrio, conchas, perlas, pigmentos y telas.<\/p>\n<p><strong>Piezas in\u00e9ditas<\/strong><\/p>\n<p>Las armas y textiles que conforman esta muestra nunca hab\u00edan sido exhibidas por el Museo de Quai Branly, ni siquiera\u00a0 en sus propias vitrinas.<\/p>\n<h3>Informaci\u00f3n visitantes<\/h3>\n<p>\u201cR\u00edo Congo, Artes de \u00c1frica Central\u201d est\u00e1 disponible <strong>hasta el 3 de abril de 2016<\/strong> en la Sala de Exposiciones Temporales del Museo Nacional de Antropolog\u00eda.<\/p>\n<p>La entrada es gratuita.<\/p>\n<h3>Juego interactivo en l\u00ednea<\/h3>\n<p>El Instituto Nacional de Antropolog\u00eda e Historia ha creado un sitio interactivo l\u00fadico con dos juegos: un &#8216;memorama&#8217; con tres niveles de dificultad y tres &#8216;rompecabezas&#8217; relacionados con las obras de esta exposici\u00f3n.<\/p>\n<p>Juega con el memorama y el rompecabezas <a title=\"Juegos Interactivos del INAH expo R\u00edo Congo\" href=\"http:\/\/www.inah.gob.mx\/images\/interactivos\/juegos\/riocongo\/inicio.html\" target=\"_blank\">aqu\u00ed<\/a>.<\/p>\n<p>&nbsp;<\/p>\n<p>&nbsp;<\/p>\n","protected":false},"excerpt":{"rendered":"<p>En reciprocidad de &#8220;Mayas. Revelaci\u00f3n de un tiempo sin fin&#8220;, que el a\u00f1o pasado fue acogida en el Mus\u00e9e du<\/p>\n","protected":false},"author":2,"featured_media":18262,"comment_status":"closed","ping_status":"closed","sticky":false,"template":"","format":"standard","meta":[],"categories":[9,912],"tags":[318,2467,9288,6542,656,9568,832,7782,1715,9626],"_links":{"self":[{"href":"https:\/\/www.travelbymexico.com\/blog\/wp-json\/wp\/v2\/posts\/18261"}],"collection":[{"href":"https:\/\/www.travelbymexico.com\/blog\/wp-json\/wp\/v2\/posts"}],"about":[{"href":"https:\/\/www.travelbymexico.com\/blog\/wp-json\/wp\/v2\/types\/post"}],"author":[{"embeddable":true,"href":"https:\/\/www.travelbymexico.com\/blog\/wp-json\/wp\/v2\/users\/2"}],"replies":[{"embeddable":true,"href":"https:\/\/www.travelbymexico.com\/blog\/wp-json\/wp\/v2\/comments?post=18261"}],"version-history":[{"count":2,"href":"https:\/\/www.travelbymexico.com\/blog\/wp-json\/wp\/v2\/posts\/18261\/revisions"}],"predecessor-version":[{"id":18264,"href":"https:\/\/www.travelbymexico.com\/blog\/wp-json\/wp\/v2\/posts\/18261\/revisions\/18264"}],"wp:featuredmedia":[{"embeddable":true,"href":"https:\/\/www.travelbymexico.com\/blog\/wp-json\/wp\/v2\/media\/18262"}],"wp:attachment":[{"href":"https:\/\/www.travelbymexico.com\/blog\/wp-json\/wp\/v2\/media?parent=18261"}],"wp:term":[{"taxonomy":"category","embeddable":true,"href":"https:\/\/www.travelbymexico.com\/blog\/wp-json\/wp\/v2\/categories?post=18261"},{"taxonomy":"post_tag","embeddable":true,"href":"https:\/\/www.travelbymexico.com\/blog\/wp-json\/wp\/v2\/tags?post=18261"}],"curies":[{"name":"wp","href":"https:\/\/api.w.org\/{rel}","templated":true}]}}