{"id":18174,"date":"2015-11-24T21:30:39","date_gmt":"2015-11-25T03:30:39","guid":{"rendered":"http:\/\/www.travelbymexico.com\/blog\/?p=18174"},"modified":"2015-11-24T21:30:54","modified_gmt":"2015-11-25T03:30:54","slug":"programa-de-eventos-feria-nacional-de-la-plata-2015-en-taxco","status":"publish","type":"post","link":"https:\/\/www.travelbymexico.com\/blog\/18174-programa-de-eventos-feria-nacional-de-la-plata-2015-en-taxco\/","title":{"rendered":"Programa de Eventos \u2013 Feria Nacional de la Plata 2015 en Taxco"},"content":{"rendered":"<h2>Creada hace 78 a\u00f1os por William Spratling, c\u00e9lebre platero y artista estadounidense que fund\u00f3 el 27 de Junio de 1931 \u201cLas Delicias\u201d el primer taller dedicado al trabajo artesanal de la plata en Taxco, la Feria Nacional de la Plata es una gran muestra artesanal en la que los talleres m\u00e1s importantes de este Pueblo M\u00e1gico de M\u00e9xico ofrecen sus productos a los visitantes.<\/h2>\n<p>Tradici\u00f3n taxque\u00f1a que promueve desde hace 78 a\u00f1os la identidad y tradici\u00f3n platera de la ciudad, la <strong>Feria Nacional de la Plata en Taxco<\/strong> es un evento \u00fanico durante el cual dise\u00f1adores mexicanos con t\u00e9cnicas nuevas y originales de plater\u00eda presentan sus creaciones al p\u00fablico; algunas de ellas participan en el tradicional <strong>Concurso Nacional de Plater\u00eda<\/strong>, y se exhiben en el Centro de Exposiciones de la Casa Borda durante todo el tiempo que dure la Feria.<\/p>\n<p>Adem\u00e1s de esta gran exposici\u00f3n se llevan a cabo <strong>eventos culturales, art\u00edsticos y deportivos gratuitos<\/strong>, entre ellos: coronaci\u00f3n de la Reina de la Feria, Concurso Literario de Juegos Florales, desfiles de modas y joyer\u00eda, conciertos, conferencias, y espect\u00e1culos folkl\u00f3ricos.<\/p>\n<h3>Eventos destacados de la 78\u00aa Feria Nacional de la Plata 2015 en Taxco<\/h3>\n<p>Programa de Eventos \u2013 Feria Nacional de la Plata 2015 en Taxco<\/p>\n<p><strong>Derivas fotogr\u00e1ficas<\/strong> (Recorrido por las calles de Taxco)<\/p>\n<p>Inicia en Casa Borda. S\u00e1bado 28 a las 12:00 hrs. Domingo 29 a las 12:00 hrs. Lunes 30 a las 17:00 hrs. Del martes 1 al s\u00e1bado 5 a las 17:00 hrs.<\/p>\n<h3>Inauguraci\u00f3n de exposiciones<\/h3>\n<p><span style=\"text-decoration: underline;\">S\u00e1bado 28 de noviembre de 2015<\/span><\/p>\n<p>18:00 hrs. en Casa Borda:\u00a0<strong>Inauguraci\u00f3n de la Exposici\u00f3n del Concurso Nacional de Plater\u00eda 2015.<\/strong><\/p>\n<p>Abierta al p\u00fablico del 28 de noviembre al 5 de diciembre de 9:00 a 18:00 hrs.<\/p>\n<p>18:00 hrs. en Casa Borda:<strong>\u00a0Inauguraci\u00f3n de la Exposici\u00f3n &#8220;Un nav\u00edo cargado de plata.&#8221;<\/strong><\/p>\n<p>19:00 hrs. en Casa Borda: <strong>Inauguraci\u00f3n de la 78\u00aa Feria Nacional de la Plata:<\/strong><br \/>\nCoronaci\u00f3n de la Reina de la Plata 2015.<br \/>\nCoranaci\u00f3n de la Reina Infantil de la Plata 2015.<br \/>\nPremiaci\u00f3n del XXXII Concurso Literario de Juegos Florales.<br \/>\nPremiaci\u00f3n del Concurso Nacional de Plater\u00eda.<\/p>\n<p><span style=\"text-decoration: underline;\">Domingo 29 de noviembre de 2015<\/span><\/p>\n<p>Inauguraci\u00f3n de la exposici\u00f3n fotogr\u00e1fica de Jos\u00e9 Arroyo, <strong>&#8220;Taxco de mis amores&#8221;<\/strong>.<br \/>\n<em>Museo Sacro Virreinal &#8211; Casa Humboldt<\/em><\/p>\n<h3>Conciertos en Plaza Borda<\/h3>\n<p>S\u00e1bado 28 de noviembre a las 20:30 hrs. <strong>MOTEL<\/strong>.<\/p>\n<p>Domingo 29 de noviembre a las 20:00\u00a0hrs.\u00a0<strong>RODRIGO Y DIEGO<\/strong>.<br \/>\nDomingo 29 de noviembre a las 21:00\u00a0hrs.\u00a0<strong>JUAN SOLO<\/strong>.<\/p>\n<p>Lunes 30 de noviembre a las 18:00 hrs.<br \/>\nEstudiantina de Taxco | Estudiantina Real de Minas de Taxco | Francisco Rizo (concierto de guitarra) | Grupo musical &#8220;Los aut\u00e9nticos&#8221;.<\/p>\n<p>Lunes 30 de noviembre a las 20:00 <strong>SONORA DINAMITA<\/strong>.<\/p>\n<p>Martes 1 de diciembre a las 20:00\u00a0hrs. <strong>MIGUEL INZUNZA<\/strong>.<br \/>\nMi\u00e9rcoles 2 de diciembre a las 20:00\u00a0hrs. <strong>HA-ASH<\/strong>.<br \/>\nJueves 3 de diciembre a las 20:00\u00a0hrs. <strong>R\u00cdO ROMA<\/strong>.<br \/>\nViernes 4 de diciembre a las 20:00\u00a0hrs. Guerra de chistes: Juan Carlos Casasola y Radam\u00e9s.<br \/>\nS\u00e1bado 5 de diciembre a las 20:00\u00a0hrs. <strong>XIMENA SARI\u00d1ANA<\/strong>.<\/p>\n<h3>Conferencias<\/h3>\n<p>&#8220;<strong>Marco legal para el negocio de la joyer\u00eda&#8221;<\/strong>. Lic. Carmen del R\u00edo (abogada de la C\u00e1mara de Joyer\u00eda de Jalisco).<\/p>\n<p>Lunes 30 de noviembre a las 11:00 hrs. en el Auditorio de Casa Borda.<\/p>\n<p>Ciclo de conferencias <strong>&#8220;Plater\u00eda: tradici\u00f3n y contemporaneidad&#8221;<\/strong>.<br \/>\nLunes 30 de noviembre a las 18:30 en el Museo Guillermo Spratling.<\/p>\n<p><strong>&#8220;Swarowski, el poder de brillar&#8221;<\/strong>. Tendencia 2016-2017. Lic. Rodolfo Duran.<br \/>\nMartes 1 de diciembre a las 11:30 en el Auditorio de Casa Borda.<\/p>\n<h3>Eventos deportivos<\/h3>\n<p><strong>Campamento Taxco 4&#215;4<\/strong> en el <strong>Cerro del Huixteco<\/strong>.<\/p>\n<p>8:00 a 14:00 hrs. S\u00e1bado 28 y domingo 29 de noviembre de 2015.<\/p>\n<p><strong>9 hoyos en el cielo &#8211; Monte Taxco<\/strong>\u00a0&#8211;\u00a0Torneo de Golf &#8220;78 \u00aa Feria Nacional de la Plata&#8221;.<br \/>\nDomingo 29 de noviembre de 2015 a las 9:00 hrs.<\/p>\n<p><strong>Espect\u00e1culo ecuestre de Casa Domecq<\/strong>.\u00a0Lienzo Charro &#8220;El Cedrito&#8221;<br \/>\nViernes 4 de diciembre a las 17:00 hrs.<\/p>\n<p style=\"color: #444444;\"><strong><a style=\"color: #8fbe00;\" title=\"Reserva tu hotel en la ciudad de Taxco\" href=\"http:\/\/www.travelbymexico.com\/taxco\/hoteles\" target=\"_blank\">Reserva tu hotel en la ciudad de Taxco<\/a><\/strong><\/p>\n","protected":false},"excerpt":{"rendered":"<p>Creada hace 78 a\u00f1os por William Spratling, c\u00e9lebre platero y artista estadounidense que fund\u00f3 el 27 de Junio de 1931<\/p>\n","protected":false},"author":2,"featured_media":18175,"comment_status":"closed","ping_status":"closed","sticky":false,"template":"","format":"standard","meta":[],"categories":[36,912],"tags":[4633,9516,9515,6668,6661,8371,363,530,2761,3861,1877,9514,6663,1052,1059,4620,5977,1162,4173,3747,4180,5807],"_links":{"self":[{"href":"https:\/\/www.travelbymexico.com\/blog\/wp-json\/wp\/v2\/posts\/18174"}],"collection":[{"href":"https:\/\/www.travelbymexico.com\/blog\/wp-json\/wp\/v2\/posts"}],"about":[{"href":"https:\/\/www.travelbymexico.com\/blog\/wp-json\/wp\/v2\/types\/post"}],"author":[{"embeddable":true,"href":"https:\/\/www.travelbymexico.com\/blog\/wp-json\/wp\/v2\/users\/2"}],"replies":[{"embeddable":true,"href":"https:\/\/www.travelbymexico.com\/blog\/wp-json\/wp\/v2\/comments?post=18174"}],"version-history":[{"count":2,"href":"https:\/\/www.travelbymexico.com\/blog\/wp-json\/wp\/v2\/posts\/18174\/revisions"}],"predecessor-version":[{"id":18177,"href":"https:\/\/www.travelbymexico.com\/blog\/wp-json\/wp\/v2\/posts\/18174\/revisions\/18177"}],"wp:featuredmedia":[{"embeddable":true,"href":"https:\/\/www.travelbymexico.com\/blog\/wp-json\/wp\/v2\/media\/18175"}],"wp:attachment":[{"href":"https:\/\/www.travelbymexico.com\/blog\/wp-json\/wp\/v2\/media?parent=18174"}],"wp:term":[{"taxonomy":"category","embeddable":true,"href":"https:\/\/www.travelbymexico.com\/blog\/wp-json\/wp\/v2\/categories?post=18174"},{"taxonomy":"post_tag","embeddable":true,"href":"https:\/\/www.travelbymexico.com\/blog\/wp-json\/wp\/v2\/tags?post=18174"}],"curies":[{"name":"wp","href":"https:\/\/api.w.org\/{rel}","templated":true}]}}